{"id":169400,"date":"2025-11-29T13:50:12","date_gmt":"2025-11-29T13:50:12","guid":{"rendered":"https:\/\/www.europesays.com\/pt\/169400\/"},"modified":"2025-11-29T13:50:12","modified_gmt":"2025-11-29T13:50:12","slug":"xiv-convencao-mortagua-quer-be-a-mudar-quase-tudo-pureza-promete-fazer-todos-os-dialogos","status":"publish","type":"post","link":"https:\/\/www.europesays.com\/pt\/169400\/","title":{"rendered":"XIV Conven\u00e7\u00e3o. Mort\u00e1gua quer BE a &#8220;mudar quase tudo&#8221;, Pureza promete &#8220;fazer todos os di\u00e1logos&#8221;"},"content":{"rendered":"<p>&#13;<br \/>\nDecorre este fim de semana a XIV Conven\u00e7\u00e3o Nacional do Bloco de Esquerda, marcada pela despedida da atual coordenadora, Mariana Mort\u00e1gua, que quer ver o partido a \u201cmudar quase tudo\u201d de modo a tornar a esquerda mais forte. Jos\u00e9 Manuel Pureza, que se prepara para ocupar o cargo, promete \u201cfazer todos os di\u00e1logos que forem necess\u00e1rios\u201d.&#13;\n<\/p>\n<p>\n<b>\u201cPara crescer, temos de aprender e temos de mudar. O mundo mudou, a pol\u00edtica mudou, e o Bloco tem de mudar quase tudo. E quase tudo n\u00e3o \u00e9 demais\u201d<\/b>, declarou Mariana Mort\u00e1gua no seu discurso de abertura da conven\u00e7\u00e3o, que se realiza em Lisboa.<\/p>\n<p>\u201cS\u00f3 n\u00e3o mudamos a fibra de que somos feitos, porque nestes tempos, quem n\u00e3o tiver uma \u00e2ncora forte vai ser arrastado pela corrente. E \u00e9 dessa mudan\u00e7a que falar\u00e1 esta conven\u00e7\u00e3o\u201d, frisou.<\/p>\n<p>A coordenadora do BE vincou ainda que <b>\u201co plano da extrema-direita \u00e9 expandir os limites do aceit\u00e1vel, contaminar o ch\u00e3o por onde passa, arrastar consigo os pol\u00edticos de oportunidade e os comentadores da situa\u00e7\u00e3o\u201d<\/b>.<\/p>\n<p>\u201cEst\u00e3o a conseguir apodrecer o senso-comum\u201d, considerou a bloquista.&#13;\n<\/p>\n<p>          <img decoding=\"async\" itemprop=\"image\" class=\"img-fluid\"   src=\"https:\/\/www.europesays.com\/pt\/wp-content\/uploads\/2025\/11\/33188e7a92562e63e53095c47e93a1b9_N.jpg\"\/><\/p>\n<p>\nJ\u00e1 \u00e0 entrada da conven\u00e7\u00e3o, Mariana Mort\u00e1gua tinha defendido que \u00e9 necess\u00e1ria \u201cuma mudan\u00e7a em Portugal\u201d.<\/p>\n<p>\u201cN\u00f3s precisamos de uma esquerda mais forte. E o Bloco de Esquerda vai ser parte essencial desse futuro\u201d, defendeu, em declara\u00e7\u00f5es aos jornalistas. <b>\u201cAs ideias de direita conservadora est\u00e3o a ganhar terreno em Portugal\u201d e \u201ca esquerda tem de pensar como \u00e9 que combate esta direita \u00e0 qual n\u00e3o est\u00e1vamos habituados\u201d<\/b>.<\/p>\n<p>\u201cO mundo mudou. A direita mudou. As mentalidades est\u00e3o a mudar, e portanto a esquerda tem de mudar tamb\u00e9m\u201d, vincou a coordenadora.<\/p>\n<p>A conven\u00e7\u00e3o deste fim de semana ser\u00e1 \u201co espa\u00e7o para n\u00f3s podermos debater o que ach\u00e1mos que fizemos melhor ou menos bem\u201d, explicou, reconhecendo que <b>os resultados do partido nos \u00faltimos dois anos \u201cn\u00e3o corresponderam \u00e0s expectativas nem \u00e0quilo que era necess\u00e1rio para o pa\u00eds\u201d<\/b>.<\/p>\n<p>Mariana Mort\u00e1gua acredita que as circunst\u00e2ncias tiveram um papel nesse desempenho e defendeu que o necess\u00e1rio agora \u00e9 \u201colhar para o futuro\u201d e decidir que caminho \u00e9 necess\u00e1rio trilhar.<\/p>\n<p>\u201cUma parte dessa mudan\u00e7a \u00e9 uma renova\u00e7\u00e3o da dire\u00e7\u00e3o do Bloco de Esquerda, dos quadros, da composi\u00e7\u00e3o da pr\u00f3pria Mesa Nacional. E as listas que est\u00e3o em cima da mesa acho que cumprem esse objetivo de renova\u00e7\u00e3o ampla. Agora temos de discutir a linha pol\u00edtica e ir ao debate. E esta conven\u00e7\u00e3o \u00e9 isso\u201d, afirmou.<br \/>&#13;\n<\/p>\n<p>Pureza defende di\u00e1logo abrangente para refazer programa<br \/>\n\u00c0 entrada da conven\u00e7\u00e3o, Jos\u00e9 Manuel Pureza, que ir\u00e1 ocupar o cargo de Mariana Mort\u00e1gua, prometeu, \u201ccom humildade, fazer todos os di\u00e1logos que forem necess\u00e1rios para que a esquerda reganhe iniciativa e for\u00e7a no nosso pa\u00eds\u201d.<\/p>\n<p>\u201cO Bloco tem isso no seu ADN e vai procurar cumpri-lo\u201d, garantiu o bloquista, reconhecendo, por\u00e9m, que \u201cos di\u00e1logos s\u00e3o sempre dif\u00edceis porque nos obrigam a pormo-nos em causa\u201d.<\/p>\n<p>\u201cMas essa \u00e9 a minha vida, portanto <b>eu n\u00e3o farei outra coisa sen\u00e3o dar tudo aquilo que sei<\/b>\u201d para concretizar esses di\u00e1logos, assegurou.<\/p>\n<p>Na vis\u00e3o de Pureza, a for\u00e7a da esquerda \u201c\u00e9 absolutamente necess\u00e1ria para p\u00f4r termo \u00e0 agress\u00e3o brutal de que o nosso povo est\u00e1 a ser v\u00edtima por parte da extrema-direita\u201d.<\/p>\n<p>Para captar de novo os eleitores, \u201c\u00e9 preciso um programa que seja capaz de dar resposta ao que hoje est\u00e1 a acontecer no nosso pa\u00eds e no mundo\u201d, que est\u00e3o a mudar \u201cde forma muito assustadora\u201d, alertou.<\/p>\n<p>O candidato \u00e0 coordena\u00e7\u00e3o defendeu ainda que <b>o partido fale \u201ccom muita gente\u201d, tanto independente como de outros partidos, para refazer o programa pol\u00edtico<\/b>.<\/p>\n","protected":false},"excerpt":{"rendered":"&#13; Decorre este fim de semana a XIV Conven\u00e7\u00e3o Nacional do Bloco de Esquerda, marcada pela despedida da&hellip;\n","protected":false},"author":2,"featured_media":169401,"comment_status":"","ping_status":"","sticky":false,"template":"","format":"standard","meta":{"footnotes":""},"categories":[10],"tags":[454,27,28,15,16,14,28935,25,26,21,22,1737,12,13,19,20,32,23,24,33,17,18,29,30,31,35491],"class_list":{"0":"post-169400","1":"post","2":"type-post","3":"status-publish","4":"format-standard","5":"has-post-thumbnail","7":"category-portugal","8":"tag-bloco-de-esquerda","9":"tag-breaking-news","10":"tag-breakingnews","11":"tag-featured-news","12":"tag-featurednews","13":"tag-headlines","14":"tag-jose-manuel-pureza","15":"tag-latest-news","16":"tag-latestnews","17":"tag-main-news","18":"tag-mainnews","19":"tag-mariana-mortagua","20":"tag-news","21":"tag-noticias","22":"tag-noticias-principais","23":"tag-noticiasprincipais","24":"tag-portugal","25":"tag-principais-noticias","26":"tag-principaisnoticias","27":"tag-pt","28":"tag-top-stories","29":"tag-topstories","30":"tag-ultimas","31":"tag-ultimas-noticias","32":"tag-ultimasnoticias","33":"tag-xiv-convencao-nacional"},"share_on_mastodon":{"url":"https:\/\/pubeurope.com\/@pt\/115633312679534611","error":""},"_links":{"self":[{"href":"https:\/\/www.europesays.com\/pt\/wp-json\/wp\/v2\/posts\/169400","targetHints":{"allow":["GET"]}}],"collection":[{"href":"https:\/\/www.europesays.com\/pt\/wp-json\/wp\/v2\/posts"}],"about":[{"href":"https:\/\/www.europesays.com\/pt\/wp-json\/wp\/v2\/types\/post"}],"author":[{"embeddable":true,"href":"https:\/\/www.europesays.com\/pt\/wp-json\/wp\/v2\/users\/2"}],"replies":[{"embeddable":true,"href":"https:\/\/www.europesays.com\/pt\/wp-json\/wp\/v2\/comments?post=169400"}],"version-history":[{"count":0,"href":"https:\/\/www.europesays.com\/pt\/wp-json\/wp\/v2\/posts\/169400\/revisions"}],"wp:featuredmedia":[{"embeddable":true,"href":"https:\/\/www.europesays.com\/pt\/wp-json\/wp\/v2\/media\/169401"}],"wp:attachment":[{"href":"https:\/\/www.europesays.com\/pt\/wp-json\/wp\/v2\/media?parent=169400"}],"wp:term":[{"taxonomy":"category","embeddable":true,"href":"https:\/\/www.europesays.com\/pt\/wp-json\/wp\/v2\/categories?post=169400"},{"taxonomy":"post_tag","embeddable":true,"href":"https:\/\/www.europesays.com\/pt\/wp-json\/wp\/v2\/tags?post=169400"}],"curies":[{"name":"wp","href":"https:\/\/api.w.org\/{rel}","templated":true}]}}