{"id":169414,"date":"2025-11-29T14:05:09","date_gmt":"2025-11-29T14:05:09","guid":{"rendered":"https:\/\/www.europesays.com\/pt\/169414\/"},"modified":"2025-11-29T14:05:09","modified_gmt":"2025-11-29T14:05:09","slug":"conselho-aprova-plano-safe-de-58-mil-milhoes-para-forcas-armadas","status":"publish","type":"post","link":"https:\/\/www.europesays.com\/pt\/169414\/","title":{"rendered":"Conselho aprova plano SAFE de 5,8 mil milh\u00f5es para For\u00e7as Armadas"},"content":{"rendered":"<p>&#8220;Aprovamos uma Resolu\u00e7\u00e3o que autoriza a submiss\u00e3o, junto da Comiss\u00e3o Europeia, da nossa proposta de SAFE, reiterando e confirmando  a proposta inicial. A proposta dar\u00e1 entrada na plataforma at\u00e9 ao termo do prazo, que \u00e9 Domingo. Os investimentos abranger\u00e3o todos os dom\u00ednios: Terra, Mar, Ar e Espa\u00e7o&#8221;, confirmou ao DN fonte oficial do minist\u00e9rio da Defesa Nacional.<\/p>\n<p><a aria-label=\"content\" target=\"_blank\" href=\"https:\/\/www.dn.pt\/sociedade\/navios-blindados-satlites-reforo-das-foras-armadas-agendado-para-o-conselho-de-ministros\" rel=\"nofollow noopener\">Conforme o DN tinha antecipado<\/a>, o plano portugu\u00eas foi aprovado nesta sexta-feira, a dois dias do final do prazo para ser apresentado a Bruxelas.<\/p>\n<p>O programa SAFE (Security Action for Europe) &#8211; o novo instrumento financeiro da Uni\u00e3o Europeia (UE) criado para fortalecer a defesa e a seguran\u00e7a dos Estados-Membros &#8211;  ter\u00e1 para Portugal um valor global de cerca de 5,8 mil milh\u00f5es de euros, mais do que todo o investimento previsto na Lei de Programa\u00e7\u00e3o Militar (LPM) para 12 anos (at\u00e9 2034).<\/p>\n<p>O ministro da Presid\u00eancia, Leit\u00e3o Amaro, adiantou ainda que o Conselho de Ministros tomou &#8220;a decis\u00e3o de investir 280 milh\u00f5es na reabilita\u00e7\u00e3o da frota Pandur&#8221;, ve\u00edculos militares blindados.<\/p>\n<p>Este investimento vai permitir &#8220;dar mais cerca de duas d\u00e9cadas de boa capacidade de vida e de opera\u00e7\u00e3o militar a cerca de 185 viaturas&#8221;, afirmou.<\/p>\n<p>Em setembro passado, o ministro da Defesa, Nuno Melo, adiantou que este \u00e9 \u201cum plano de investimento detalhado na ind\u00fastria europeia de defesa, com especial enfoque na integra\u00e7\u00e3o da ind\u00fastria nacional nas futuras cadeias de valor promovidas pelos projetos financiados ao abrigo do SAFE\u201d. <\/p>\n<p><strong>Novos sistemas terrestres, incluindo os Pandur, para o Ex\u00e9rcito; drones e sat\u00e9lites para a For\u00e7a A\u00e9rea; e novos navios (podem ser duas fragatas) para a Marinha, est\u00e3o entre as novas aquisi\u00e7\u00f5es.<\/strong><\/p>\n<p>Este programa europeu permite exclusivamente a compra de produtos e plataformas j\u00e1 existentes no mercado, n\u00e3o contemplando o investimento em desenvolvimento de novas solu\u00e7\u00f5es militares.<\/p>\n<p>Ap\u00f3s avalia\u00e7\u00e3o pela Comiss\u00e3o Europeia em dezembro de 2025, e decis\u00e3o formal pelo Conselho da UE em janeiro de 2026, os montantes de pr\u00e9-financiamento poder\u00e3o come\u00e7ar a ser disponibilizados ainda no primeiro semestre de 2026, sendo expect\u00e1vel que v\u00e1rios projetos possam arrancar oficialmente com a chegada das primeiras verbas.<\/p>\n<p>A assist\u00eancia financeira prevista assume a forma de empr\u00e9stimos com prazos at\u00e9 45 anos, per\u00edodos de car\u00eancia de at\u00e9 10 anos, possibilidade de pr\u00e9-financiamento de at\u00e9 15% e isen\u00e7\u00e3o de IVA nos contratos celebrados.<\/p>\n","protected":false},"excerpt":{"rendered":"&#8220;Aprovamos uma Resolu\u00e7\u00e3o que autoriza a submiss\u00e3o, junto da Comiss\u00e3o Europeia, da nossa proposta de SAFE, reiterando e&hellip;\n","protected":false},"author":2,"featured_media":169415,"comment_status":"","ping_status":"","sticky":false,"template":"","format":"standard","meta":{"footnotes":""},"categories":[10],"tags":[27,28,2537,1070,15,16,1454,6293,14,25,26,21,22,4490,26368,12,13,19,20,7219,32,23,24,33,35496,17,18,29,30,31],"class_list":{"0":"post-169414","1":"post","2":"type-post","3":"status-publish","4":"format-standard","5":"has-post-thumbnail","7":"category-portugal","8":"tag-breaking-news","9":"tag-breakingnews","10":"tag-defesa","11":"tag-exercito","12":"tag-featured-news","13":"tag-featurednews","14":"tag-forca-aerea-portuguesa","15":"tag-forcas-armadas","16":"tag-headlines","17":"tag-latest-news","18":"tag-latestnews","19":"tag-main-news","20":"tag-mainnews","21":"tag-marinha","22":"tag-ministro-da-defesa","23":"tag-news","24":"tag-noticias","25":"tag-noticias-principais","26":"tag-noticiasprincipais","27":"tag-nuno-melo","28":"tag-portugal","29":"tag-principais-noticias","30":"tag-principaisnoticias","31":"tag-pt","32":"tag-safe","33":"tag-top-stories","34":"tag-topstories","35":"tag-ultimas","36":"tag-ultimas-noticias","37":"tag-ultimasnoticias"},"share_on_mastodon":{"url":"https:\/\/pubeurope.com\/@pt\/115633371405602975","error":""},"_links":{"self":[{"href":"https:\/\/www.europesays.com\/pt\/wp-json\/wp\/v2\/posts\/169414","targetHints":{"allow":["GET"]}}],"collection":[{"href":"https:\/\/www.europesays.com\/pt\/wp-json\/wp\/v2\/posts"}],"about":[{"href":"https:\/\/www.europesays.com\/pt\/wp-json\/wp\/v2\/types\/post"}],"author":[{"embeddable":true,"href":"https:\/\/www.europesays.com\/pt\/wp-json\/wp\/v2\/users\/2"}],"replies":[{"embeddable":true,"href":"https:\/\/www.europesays.com\/pt\/wp-json\/wp\/v2\/comments?post=169414"}],"version-history":[{"count":0,"href":"https:\/\/www.europesays.com\/pt\/wp-json\/wp\/v2\/posts\/169414\/revisions"}],"wp:featuredmedia":[{"embeddable":true,"href":"https:\/\/www.europesays.com\/pt\/wp-json\/wp\/v2\/media\/169415"}],"wp:attachment":[{"href":"https:\/\/www.europesays.com\/pt\/wp-json\/wp\/v2\/media?parent=169414"}],"wp:term":[{"taxonomy":"category","embeddable":true,"href":"https:\/\/www.europesays.com\/pt\/wp-json\/wp\/v2\/categories?post=169414"},{"taxonomy":"post_tag","embeddable":true,"href":"https:\/\/www.europesays.com\/pt\/wp-json\/wp\/v2\/tags?post=169414"}],"curies":[{"name":"wp","href":"https:\/\/api.w.org\/{rel}","templated":true}]}}