{"id":169418,"date":"2025-11-29T14:08:09","date_gmt":"2025-11-29T14:08:09","guid":{"rendered":"https:\/\/www.europesays.com\/pt\/169418\/"},"modified":"2025-11-29T14:08:09","modified_gmt":"2025-11-29T14:08:09","slug":"estatua-de-santo-no-ce-segue-inacabada-e-sem-cabeca-29-11-2025-cotidiano","status":"publish","type":"post","link":"https:\/\/www.europesays.com\/pt\/169418\/","title":{"rendered":"Est\u00e1tua de santo no CE segue inacabada e sem cabe\u00e7a &#8211; 29\/11\/2025 &#8211; Cotidiano"},"content":{"rendered":"<p>Depois de mais de 40 anos, uma est\u00e1tua de santo Ant\u00f4nio no interior do <a href=\"https:\/\/www1.folha.uol.com.br\/folha-topicos\/ceara-estado\/\" rel=\"nofollow noopener\" target=\"_blank\">Cear\u00e1<\/a> pode finalmente ganhar uma cabe\u00e7a.<\/p>\n<p>O novo projeto foi anunciado pelo governo do estado em 2023, e deveria ter sido entregue h\u00e1 um ano, no segundo semestre de 2024. Mas a obra, or\u00e7ada em aproximadamente R$ 11 milh\u00f5es, n\u00e3o foi conclu\u00edda at\u00e9 agora.<\/p>\n<p>Com o atraso, o corpo do santo segue sem cabe\u00e7a h\u00e1 mais de 40 anos. Ela at\u00e9 que existe. O problema \u00e9 que est\u00e1 a quase tr\u00eas quil\u00f4metros do restante do corpo, em um conjunto habitacional.<\/p>\n<p>A constru\u00e7\u00e3o do monumento na cidade de Caridade (a cerca de 90 km de <a href=\"https:\/\/www1.folha.uol.com.br\/folha-topicos\/fortaleza\/\" rel=\"nofollow noopener\" target=\"\">Fortaleza<\/a>) come\u00e7ou ainda em 1984, e esta n\u00e3o \u00e9 a primeira tentativa de conclu\u00ed-la: j\u00e1 foram feitos outros quatro projetos semelhantes, em 1998, 2002, 2007 e 2009.<\/p>\n<p>Em nota, a Superintend\u00eancia de Obras P\u00fablicas do Estado do Cear\u00e1 (SOP-CE) afirma que a situa\u00e7\u00e3o j\u00e1 foi resolvida e, no momento, a gest\u00e3o municipal est\u00e1 no processo de contrata\u00e7\u00e3o de um guindaste para levar as pe\u00e7as de revestimento da est\u00e1tua at\u00e9 o local das obras. O i\u00e7amento dos materiais est\u00e1 previsto para in\u00edcio de dezembro.<\/p>\n<p>A cabe\u00e7a serviu de inspira\u00e7\u00e3o para o livro &#8220;Cabe\u00e7a de Santo&#8221; (Companhia das Letras, R$ 11,96 em ebook na Amazon; 176 p\u00e1ginas; R$ 69,90 vers\u00e3o em papel no site da editora), de Socorro Acioli, que j\u00e1 vendeu mais de 200 mil c\u00f3pias no Brasil.<\/p>\n<p>Quando conclu\u00edda, a est\u00e1tua no Cear\u00e1 chegar\u00e1 a 43 m, sendo 36 m do santo e mais 7 m de pedestal. Isso significa que ser\u00e1 maior que o conjunto do <a href=\"https:\/\/www1.folha.uol.com.br\/cotidiano\/2021\/10\/aos-90-estatua-do-cristo-consolida-seu-impacto-no-turismo-na-arte-e-no-cotidiano-do-rio.shtml\" rel=\"nofollow noopener\" target=\"\">Cristo Redentor<\/a>, no <a href=\"https:\/\/www1.folha.uol.com.br\/folha-topicos\/rio-de-janeiro-estado\/\" rel=\"nofollow noopener\" target=\"_blank\">Rio de Janeiro<\/a> \u2014que tem 38 m de altura ao todo, sendo 8 m de pedestal.<\/p>\n<p>Al\u00e9m da imagem do santo, as obras tamb\u00e9m incluem um complexo religioso com um museu, mirante, capela, pontos comerciais, escadarias, rampas de acesso e estacionamento.<\/p>\n<p>De acordo com J\u00fanior Tavares, ex-prefeito de Caridade e respons\u00e1vel pelo andamento do projeto, a ideia \u00e9 incentivar o <a href=\"https:\/\/www1.folha.uol.com.br\/webstories\/cultura\/2020\/06\/turismo-religioso-no-brasil\/\" rel=\"nofollow noopener\" target=\"\">turismo religioso<\/a> na cidade.<\/p>\n<p>De acordo com Tavares, o atraso acontece principalmente pela dificuldade no acesso at\u00e9 o local da obra, que fica no ponto mais alto da cidade, o Serrote do C\u00e1gado, onde \u00e9 preciso encarar quase um quil\u00f4metro de subida.<\/p>\n<p>A entrega das obras como um todo, segundo ele, est\u00e1 prevista para o primeiro semestre de 2026.<\/p>\n<p>Para o padre Felipe Calisto Martins, 33, da Igreja Matriz de Santo Ant\u00f4nio de Caridade, a est\u00e1tua tamb\u00e9m simboliza o reconhecimento da espiritualidade do lugar onde foi instalada. Ele lembra que, no passado, muitas pessoas subiam a p\u00e9 at\u00e9 o topo do Serrote do C\u00e1gado durante a <a href=\"https:\/\/www1.folha.uol.com.br\/cotidiano\/2024\/03\/entenda-por-que-a-pascoa-e-a-semana-santa-mudam-de-data-a-cada-ano.shtml\" rel=\"nofollow noopener\" target=\"\">Semana Santa<\/a> para fazer penit\u00eancias e se encontrar com outras pessoas.<\/p>\n<p>O escultor Francisco Barbosa de Oliveira, 73, mais conhecido como Franz\u00e9 D&#8217;Aurora, foi o artista respons\u00e1vel pelo projeto. Na \u00e9poca, ele foi convidado pelo ent\u00e3o prefeito da cidade, Raul Linhares, ap\u00f3s ter feito uma outra est\u00e1tua, tamb\u00e9m de santo Ant\u00f4nio, na BR-020 (que liga Bras\u00edlia a Fortaleza).<\/p>\n<p>No entanto, dois anos depois do in\u00edcio, em 1986, a obra foi paralisada por falta de verba. Diante disso, Franz\u00e9 decidiu fazer a cabe\u00e7a com os pr\u00f3prios recursos. &#8220;Eu resolvi dar uma resposta no meu estado de esp\u00edrito. Ao inv\u00e9s de fazer uma obra gigantesca como queriam e que tem tantas outras por a\u00ed, eu quis fazer algo diferenciado e fiz a cabe\u00e7a longe do corpo&#8221;, afirma. &#8220;Quis fazer algo in\u00e9dito, que chamasse aten\u00e7\u00e3o e que pudesse inspirar algu\u00e9m. A arte \u00e9 uma soma, uma cadeia de ideias: a partir de uma, outras v\u00e3o surgindo.&#8221;<\/p>\n<p>A cabe\u00e7a fora do corpo<\/p>\n<p>Se o objetivo foi chamar aten\u00e7\u00e3o, deu certo. Hoje, a cabe\u00e7a virou uma esp\u00e9cie de ponto tur\u00edstico da cidade. Pessoas, motivadas pelo livro de Socorro Acioli ou pela pr\u00f3pria estranheza da obra, v\u00e3o para Caridade para ver o objeto.<\/p>\n<p>Uma dessas pessoas \u00e9 a professora e ceramista Annelise Montenegro Grieser Leal de Souza, 61. Ela conta que &#8220;h\u00e1 muito tempo escutava falar dessa cabe\u00e7a&#8221; e que amigas sempre perguntavam: &#8220;voc\u00eas j\u00e1 foram conhecer aquela cabe\u00e7a de Caridade?&#8221;.<\/p>\n<p>A curiosidade foi crescendo at\u00e9 que, durante um trabalho na regi\u00e3o, decidiu finalmente visitar o local. Annelise diz ter achado a cena &#8220;muito curiosa&#8221; e considera que o lugar acabou se tornando um ponto tur\u00edstico.<\/p>\n<p>A estudante de publicidade Maria Eduarda Rocha Silva, 21, conta que ouviu falar da cabe\u00e7a pela primeira vez quando visitou um amigo em Canind\u00e9 (um munic\u00edpio vizinho), mas s\u00f3 se interessou de verdade depois de ler o livro. &#8220;Eu me apaixonei pela narrativa.&#8221; Em uma nova ida \u00e0 regi\u00e3o, lembrou da hist\u00f3ria e decidiu ir at\u00e9 Caridade.<\/p>\n<p>Para aproveitar os visitantes, a gest\u00e3o municipal tem planos de transformar o espa\u00e7o em um museu. Segundo Tavares, a casa onde a cabe\u00e7a est\u00e1 localizada j\u00e1 foi adquirida pela prefeitura.<\/p>\n","protected":false},"excerpt":{"rendered":"Depois de mais de 40 anos, uma est\u00e1tua de santo Ant\u00f4nio no interior do Cear\u00e1 pode finalmente ganhar&hellip;\n","protected":false},"author":2,"featured_media":169419,"comment_status":"","ping_status":"","sticky":false,"template":"","format":"standard","meta":{"footnotes":""},"categories":[144],"tags":[207,205,206,203,201,202,35497,204,114,115,2768,236,545,6718,32,33,24891,1520,5279],"class_list":{"0":"post-169418","1":"post","2":"type-post","3":"status-publish","4":"format-standard","5":"has-post-thumbnail","7":"category-arte-e-design","8":"tag-arte","9":"tag-arte-e-design","10":"tag-artedesign","11":"tag-arts","12":"tag-arts-and-design","13":"tag-artsanddesign","14":"tag-ceara-estado","15":"tag-design","16":"tag-entertainment","17":"tag-entretenimento","18":"tag-estatua","19":"tag-folha","20":"tag-igreja-catolica","21":"tag-nordeste","22":"tag-portugal","23":"tag-pt","24":"tag-regiao-nordeste","25":"tag-regiao-sudeste","26":"tag-rio-de-janeiro-estado"},"share_on_mastodon":{"url":"https:\/\/pubeurope.com\/@pt\/115633383257691627","error":""},"_links":{"self":[{"href":"https:\/\/www.europesays.com\/pt\/wp-json\/wp\/v2\/posts\/169418","targetHints":{"allow":["GET"]}}],"collection":[{"href":"https:\/\/www.europesays.com\/pt\/wp-json\/wp\/v2\/posts"}],"about":[{"href":"https:\/\/www.europesays.com\/pt\/wp-json\/wp\/v2\/types\/post"}],"author":[{"embeddable":true,"href":"https:\/\/www.europesays.com\/pt\/wp-json\/wp\/v2\/users\/2"}],"replies":[{"embeddable":true,"href":"https:\/\/www.europesays.com\/pt\/wp-json\/wp\/v2\/comments?post=169418"}],"version-history":[{"count":0,"href":"https:\/\/www.europesays.com\/pt\/wp-json\/wp\/v2\/posts\/169418\/revisions"}],"wp:featuredmedia":[{"embeddable":true,"href":"https:\/\/www.europesays.com\/pt\/wp-json\/wp\/v2\/media\/169419"}],"wp:attachment":[{"href":"https:\/\/www.europesays.com\/pt\/wp-json\/wp\/v2\/media?parent=169418"}],"wp:term":[{"taxonomy":"category","embeddable":true,"href":"https:\/\/www.europesays.com\/pt\/wp-json\/wp\/v2\/categories?post=169418"},{"taxonomy":"post_tag","embeddable":true,"href":"https:\/\/www.europesays.com\/pt\/wp-json\/wp\/v2\/tags?post=169418"}],"curies":[{"name":"wp","href":"https:\/\/api.w.org\/{rel}","templated":true}]}}