{"id":169426,"date":"2025-11-29T14:16:22","date_gmt":"2025-11-29T14:16:22","guid":{"rendered":"https:\/\/www.europesays.com\/pt\/169426\/"},"modified":"2025-11-29T14:16:22","modified_gmt":"2025-11-29T14:16:22","slug":"sim-deveria-haver-uma-marca-obrigatoria-em-todas-as-imagens-geradas-por-ia","status":"publish","type":"post","link":"https:\/\/www.europesays.com\/pt\/169426\/","title":{"rendered":"Sim, deveria haver uma marca obrigat\u00f3ria em todas as imagens geradas por IA"},"content":{"rendered":"<p>Ap\u00f3s chegar com uma for\u00e7a colossal aos dispositivos das massas, automatizando processos e facilitando a pesquisa na Internet, por exemplo, a Intelig\u00eancia Artificial (IA) popularizou-se por gerar imagens e v\u00eddeos assustadoramente realistas, levantando, por vezes, problemas. Neste cen\u00e1rio, a larga maioria dos nossos leitores considera que deveria haver uma marca obrigat\u00f3ria em todas as imagens geradas pela tecnologia.<\/p>\n<p><a target=\"_blank\" href=\"https:\/\/pplware.sapo.pt\/wp-content\/uploads\/2025\/11\/imagem_gerada_ia_ceos.jpg\" onclick=\"refreshIframe()\" class=\"foobox\" rel=\"nofollow noopener\"><img fetchpriority=\"high\" decoding=\"async\" src=\"https:\/\/www.europesays.com\/pt\/wp-content\/uploads\/2025\/11\/imagem_gerada_ia_ceos-720x405.jpg\" alt=\"\" width=\"720\" height=\"405\" class=\"aligncenter size-medium wp-image-1090907\"  \/><\/a>\n<\/p>\n<p>Deveria haver uma marca obrigat\u00f3ria em todas as imagens geradas por IA?<\/p>\n<p>Fechada a \u00faltima quest\u00e3o, importa perceber a opini\u00e3o dos 1792 leitores, relativamente \u00e0 marca obrigat\u00f3ria nas imagens geradas por IA.<\/p>\n<p>Uma estrondosa maioria (1616 pessoas) votou que as imagens geradas com recurso \u00e0 tecnologia deveriam, sim, ser sinalizadas com uma marca obrigat\u00f3ria.<\/p>\n<p>Os restante 10%, ou 176, por sua vez, votaram que n\u00e3o, as imagens n\u00e3o deveriam ser marcadas como tendo sido geradas por IA.<\/p>\n<p>Resultados em gr\u00e1fico<\/p>\n<p>Para uma melhor perce\u00e7\u00e3o visual, segue o gr\u00e1fico com os resultados desta quest\u00e3o.<\/p>\n<p><a target=\"_blank\" href=\"https:\/\/pplware.sapo.pt\/wp-content\/uploads\/2025\/11\/questao_semanal_marca_ia.jpg\" onclick=\"refreshIframe()\" class=\"foobox\" rel=\"nofollow noopener\"><img loading=\"lazy\" decoding=\"async\" src=\"https:\/\/www.europesays.com\/pt\/wp-content\/uploads\/2025\/11\/questao_semanal_marca_ia-720x399.jpg\" alt=\"\" width=\"720\" height=\"399\" class=\"aligncenter size-medium wp-image-1090902\"  \/><\/a><\/p>\n<p>Pode, tamb\u00e9m, ver as opini\u00f5es deixadas na sec\u00e7\u00e3o de <a target=\"_blank\" href=\"https:\/\/pplware.sapo.pt\/multimedia-2\/imagem\/deveria-haver-uma-marca-obrigatoria-em-todas-as-imagens-geradas-por-ia\/#comments\" rel=\"nofollow noopener\">coment\u00e1rios<\/a> do artigo onde foi colocada a quest\u00e3o.<\/p>\n<p style=\"text-align: center;\"><strong>Participe na nossa quest\u00e3o desta semana<\/strong><\/p>\n<p>Quest\u00e3o desta semana:<\/p>\n<p><img loading=\"lazy\" decoding=\"async\" src=\"https:\/\/www.europesays.com\/pt\/wp-content\/uploads\/2025\/08\/1756081843_576_loading.gif\" width=\"16\" height=\"16\" alt=\"Loading ...\" title=\"Loading ...\" class=\"wp-polls-image\"\/>\u00a0Loading &#8230;<\/p>\n<p style=\"text-align: center;\">Nesta rubrica colocamos uma quest\u00e3o sobre temas pertinentes, atuais e \u00fateis, para conhecer a opini\u00e3o e tend\u00eancias dos nossos leitores no mundo da tecnologia, sobretudo no nosso pa\u00eds.<\/p>\n<p style=\"text-align: center;\">Assim, caso queiram ver algum tema votado nas nossas quest\u00f5es semanais, basta deixarem um coment\u00e1rio com o mesmo ou enviem para marisa.pinto@pplware.com.<\/p>\n","protected":false},"excerpt":{"rendered":"Ap\u00f3s chegar com uma for\u00e7a colossal aos dispositivos das massas, automatizando processos e facilitando a pesquisa na Internet,&hellip;\n","protected":false},"author":2,"featured_media":169427,"comment_status":"","ping_status":"","sticky":false,"template":"","format":"standard","meta":{"footnotes":""},"categories":[84],"tags":[109,107,108,933,32,33,13332,105,103,104,106,110],"class_list":{"0":"post-169426","1":"post","2":"type-post","3":"status-publish","4":"format-standard","5":"has-post-thumbnail","7":"category-ciencia-e-tecnologia","8":"tag-ciencia","9":"tag-ciencia-e-tecnologia","10":"tag-cienciaetecnologia","11":"tag-inteligencia-artificial","12":"tag-portugal","13":"tag-pt","14":"tag-questao-semanal","15":"tag-science","16":"tag-science-and-technology","17":"tag-scienceandtechnology","18":"tag-technology","19":"tag-tecnologia"},"share_on_mastodon":{"url":"https:\/\/pubeurope.com\/@pt\/115633415044396742","error":""},"_links":{"self":[{"href":"https:\/\/www.europesays.com\/pt\/wp-json\/wp\/v2\/posts\/169426","targetHints":{"allow":["GET"]}}],"collection":[{"href":"https:\/\/www.europesays.com\/pt\/wp-json\/wp\/v2\/posts"}],"about":[{"href":"https:\/\/www.europesays.com\/pt\/wp-json\/wp\/v2\/types\/post"}],"author":[{"embeddable":true,"href":"https:\/\/www.europesays.com\/pt\/wp-json\/wp\/v2\/users\/2"}],"replies":[{"embeddable":true,"href":"https:\/\/www.europesays.com\/pt\/wp-json\/wp\/v2\/comments?post=169426"}],"version-history":[{"count":0,"href":"https:\/\/www.europesays.com\/pt\/wp-json\/wp\/v2\/posts\/169426\/revisions"}],"wp:featuredmedia":[{"embeddable":true,"href":"https:\/\/www.europesays.com\/pt\/wp-json\/wp\/v2\/media\/169427"}],"wp:attachment":[{"href":"https:\/\/www.europesays.com\/pt\/wp-json\/wp\/v2\/media?parent=169426"}],"wp:term":[{"taxonomy":"category","embeddable":true,"href":"https:\/\/www.europesays.com\/pt\/wp-json\/wp\/v2\/categories?post=169426"},{"taxonomy":"post_tag","embeddable":true,"href":"https:\/\/www.europesays.com\/pt\/wp-json\/wp\/v2\/tags?post=169426"}],"curies":[{"name":"wp","href":"https:\/\/api.w.org\/{rel}","templated":true}]}}