{"id":169430,"date":"2025-11-29T14:18:09","date_gmt":"2025-11-29T14:18:09","guid":{"rendered":"https:\/\/www.europesays.com\/pt\/169430\/"},"modified":"2025-11-29T14:18:09","modified_gmt":"2025-11-29T14:18:09","slug":"guine-bissau-paigc-denuncia-invasao-armada-a-sua-sede-nacional","status":"publish","type":"post","link":"https:\/\/www.europesays.com\/pt\/169430\/","title":{"rendered":"Guin\u00e9-Bissau. PAIGC denuncia invas\u00e3o armada \u00e0 sua sede nacional"},"content":{"rendered":"<p>&#13;<br \/>\nSegundo &#8220;relatos internos&#8221; recolhidos pelo partido, esta situa\u00e7\u00e3o &#8220;est\u00e1 a ocorrer neste momento na sua sede nacional&#8221; e <b>&#8220;representa uma s\u00e9ria amea\u00e7a \u00e0 integridade f\u00edsica dos membros do partido&#8221;<\/b>, bem como um &#8220;atentado \u00e0 estabilidade, \u00e0 democracia e ao Estado de Direito na Guin\u00e9-Bissau&#8221;, avan\u00e7ou em comunicado o secretariado da Plataforma dos Presidentes das Comiss\u00f5es Pol\u00edticas na Di\u00e1spora Europa, Am\u00e9rica do PAIGC.&#13;\n<\/p>\n<p>&#13;<br \/>\nNuma mensagem enviada \u00e0 Lusa, o porta-voz do PAIGC, Muniro Conte, adiantou que Pol\u00edcias de Interven\u00e7\u00e3o R\u00e1pida (PIR) assaltaram a sede do partido, expulsando todos os que l\u00e1 se encontravam. Segundo o respons\u00e1vel, o objetivo \u00e9 &#8220;introduzir armas [no local] para depois acusarem o partido&#8221;.&#13;\n<\/p>\n<p>&#13;<br \/>\nNa nota enviada \u00e0 comunica\u00e7\u00e3o social, o PAIGC condenou &#8220;de forma veemente qualquer ato de viol\u00eancia pol\u00edtica&#8221; e apelou \u00e0s autoridades nacionais &#8220;para que atuem imediatamente no sentido de garantir a seguran\u00e7a de todos os cidad\u00e3os presentes na sede do partido&#8221; e para &#8220;esclarecer a situa\u00e7\u00e3o do seu l\u00edder&#8221;, Domingos Sim\u00f5es Pereira, que est\u00e1 detido desde 22 de novembro.<\/p>\n<p>O partido apelou ainda \u00e0 comunidade internacional &#8220;para que acompanhe de perto estes acontecimentos e apoie todos os esfor\u00e7os que visem preservar a legalidade democr\u00e1tica&#8221; e \u00e0 popula\u00e7\u00e3o para que &#8220;mantenha a serenidade, rejeitando qualquer forma de provoca\u00e7\u00e3o ou escalada de viol\u00eancia&#8221;.<\/p>\n<p><b>&#8220;O PAIGC reafirma o seu compromisso inabal\u00e1vel com a paz, a democracia e o di\u00e1logo, e espera que os respons\u00e1veis por estes factos sejam identificados e responsabilizados&#8221;, refere a mesma nota.<\/b><\/p>\n<p>Um grupo de militares anunciou na quarta-feira ter tomado o poder na Guin\u00e9-Bissau e ter destitu\u00eddo o Presidente, Umaro Sissoco Embal\u00f3, que viajou entretanto para o Senegal.<\/p>\n<p>A junta militar nomeou general Horta Inta-A como presidente de transi\u00e7\u00e3o pelo per\u00edodo de um ano e suspendeu do processo eleitoral na v\u00e9spera da divulga\u00e7\u00e3o dos resultados das elei\u00e7\u00f5es gerais de 23 de novembro.<\/p>\n<p>As elei\u00e7\u00f5es, que decorreram sem registo de incidentes, realizaram-se sem a participa\u00e7\u00e3o do principal partido da oposi\u00e7\u00e3o, o Partido Africano da Independ\u00eancia da Guin\u00e9 e Cabo Verde (PAIGC), e do seu candidato, Domingos Sim\u00f5es Pereira, exclu\u00eddos da corrida eleitoral e que declararam apoio ao candidato opositor Fernando Dias da Costa.<\/p>\n<p>Sim\u00f5es Pereira foi detido ap\u00f3s o an\u00fancio da junta militar.<\/p>\n<p>A oposi\u00e7\u00e3o, que reclamou vit\u00f3ria nas elei\u00e7\u00f5es presidenciais, denuncia a interven\u00e7\u00e3o militar como uma manobra orquestrada pelo Presidente cessante para travar a divulga\u00e7\u00e3o dos resultados eleitorais.<\/p>\n<p>A Uni\u00e3o Africana (UA) anunciou hoje que suspendeu &#8220;de forma imediata&#8221; a Guin\u00e9-Bissau at\u00e9 que a ordem constitucional seja restabelecida.&#13;<\/p>\n","protected":false},"excerpt":{"rendered":"&#13; Segundo &#8220;relatos internos&#8221; recolhidos pelo partido, esta situa\u00e7\u00e3o &#8220;est\u00e1 a ocorrer neste momento na sua sede nacional&#8221;&hellip;\n","protected":false},"author":2,"featured_media":169431,"comment_status":"","ping_status":"","sticky":false,"template":"","format":"standard","meta":{"footnotes":""},"categories":[50],"tags":[27,28,35499,15,16,14,34457,25,26,21,22,62,12,13,19,20,35498,23,24,17,18,29,30,31,63,64,65],"class_list":{"0":"post-169430","1":"post","2":"type-post","3":"status-publish","4":"format-standard","5":"has-post-thumbnail","7":"category-mundo","8":"tag-breaking-news","9":"tag-breakingnews","10":"tag-diaspora","11":"tag-featured-news","12":"tag-featurednews","13":"tag-headlines","14":"tag-independencia","15":"tag-latest-news","16":"tag-latestnews","17":"tag-main-news","18":"tag-mainnews","19":"tag-mundo","20":"tag-news","21":"tag-noticias","22":"tag-noticias-principais","23":"tag-noticiasprincipais","24":"tag-presidentes","25":"tag-principais-noticias","26":"tag-principaisnoticias","27":"tag-top-stories","28":"tag-topstories","29":"tag-ultimas","30":"tag-ultimas-noticias","31":"tag-ultimasnoticias","32":"tag-world","33":"tag-world-news","34":"tag-worldnews"},"share_on_mastodon":{"url":"https:\/\/pubeurope.com\/@pt\/115633422620471902","error":""},"_links":{"self":[{"href":"https:\/\/www.europesays.com\/pt\/wp-json\/wp\/v2\/posts\/169430","targetHints":{"allow":["GET"]}}],"collection":[{"href":"https:\/\/www.europesays.com\/pt\/wp-json\/wp\/v2\/posts"}],"about":[{"href":"https:\/\/www.europesays.com\/pt\/wp-json\/wp\/v2\/types\/post"}],"author":[{"embeddable":true,"href":"https:\/\/www.europesays.com\/pt\/wp-json\/wp\/v2\/users\/2"}],"replies":[{"embeddable":true,"href":"https:\/\/www.europesays.com\/pt\/wp-json\/wp\/v2\/comments?post=169430"}],"version-history":[{"count":0,"href":"https:\/\/www.europesays.com\/pt\/wp-json\/wp\/v2\/posts\/169430\/revisions"}],"wp:featuredmedia":[{"embeddable":true,"href":"https:\/\/www.europesays.com\/pt\/wp-json\/wp\/v2\/media\/169431"}],"wp:attachment":[{"href":"https:\/\/www.europesays.com\/pt\/wp-json\/wp\/v2\/media?parent=169430"}],"wp:term":[{"taxonomy":"category","embeddable":true,"href":"https:\/\/www.europesays.com\/pt\/wp-json\/wp\/v2\/categories?post=169430"},{"taxonomy":"post_tag","embeddable":true,"href":"https:\/\/www.europesays.com\/pt\/wp-json\/wp\/v2\/tags?post=169430"}],"curies":[{"name":"wp","href":"https:\/\/api.w.org\/{rel}","templated":true}]}}