{"id":169444,"date":"2025-11-29T14:37:08","date_gmt":"2025-11-29T14:37:08","guid":{"rendered":"https:\/\/www.europesays.com\/pt\/169444\/"},"modified":"2025-11-29T14:37:08","modified_gmt":"2025-11-29T14:37:08","slug":"trump-afirma-que-espaco-aereo-da-venezuela-esta-totalmente-fechado","status":"publish","type":"post","link":"https:\/\/www.europesays.com\/pt\/169444\/","title":{"rendered":"Trump afirma que espa\u00e7o a\u00e9reo da Venezuela est\u00e1 &#8220;totalmente fechado&#8221;"},"content":{"rendered":"<p>                O presidente dos Estados Unidos, Donald Trump, afirmou este s\u00e1bado que o espa\u00e7o a\u00e9reo acima e ao redor da Venezuela deve ser considerado como &#8220;totalmente fechado&#8221;.<\/p>\n<p><b>&#8220;A todas as companhias a\u00e9reas, pilotos, traficantes de drogas e traficantes de seres humanos, considerem que O ESPA\u00c7O A\u00c9REO SOBRE E AO REDOR DA VENEZUELA EST\u00c1 TOTALMENTE FECHADO&#8221;<\/b>, escreveu numa publica\u00e7\u00e3o na rede Truth Social.<\/p>\n<p>\nNa semana passada, o \u00f3rg\u00e3o regulador da avia\u00e7\u00e3o dos EUA alertou as principais companhias a\u00e9reas sobre uma &#8220;situa\u00e7\u00e3o potencialmente perigosa&#8221; ao sobrevoar a Venezuela devido ao &#8220;agravamento da situa\u00e7\u00e3o de seguran\u00e7a e ao aumento da atividade militar no pa\u00eds ou em torno dele&#8221;.<\/p>\n<p>&#13;<br \/>\nA Venezuela revogou os direitos de opera\u00e7\u00e3o de seis grandes companhias a\u00e9reas internacionais que suspenderam os voos para o pa\u00eds ap\u00f3s um aviso da Administra\u00e7\u00e3o Federal de Avia\u00e7\u00e3o dos EUA.&#13;\n<\/p>\n<p>A declara\u00e7\u00e3o de Donald Trump surge num momento em que a sua Administra\u00e7\u00e3o, numa luta contra os cart\u00e9is de droga, <b>intensifica a press\u00e3o sobre a Venezuela com um grande destacamento militar nas Cara\u00edbas<\/b>, incluindo o maior porta-avi\u00f5es do mundo.<\/p>\n<p>Donald Trump acusa especificamente a Venezuela de ser respons\u00e1vel pelo tr\u00e1fico de droga que inunda o mercado americano. <\/p>\n<p>Caracas nega e insiste que o verdadeiro objetivo dos EUA \u00e9 uma mudan\u00e7a de regime e o controlo das reservas de petr\u00f3leo do pa\u00eds.<\/p>\n<p>&#13;<br \/>\nc\/ ag\u00eancias&#13;<\/p>\n","protected":false},"excerpt":{"rendered":"O presidente dos Estados Unidos, Donald Trump, afirmou este s\u00e1bado que o espa\u00e7o a\u00e9reo acima e ao redor&hellip;\n","protected":false},"author":2,"featured_media":169445,"comment_status":"","ping_status":"","sticky":false,"template":"","format":"standard","meta":{"footnotes":""},"categories":[50],"tags":[27,28,92,413,15,16,14,25,26,21,22,62,12,13,19,20,23,24,17,18,29,30,31,3023,63,64,65],"class_list":{"0":"post-169444","1":"post","2":"type-post","3":"status-publish","4":"format-standard","5":"has-post-thumbnail","7":"category-mundo","8":"tag-breaking-news","9":"tag-breakingnews","10":"tag-donald-trump","11":"tag-eua","12":"tag-featured-news","13":"tag-featurednews","14":"tag-headlines","15":"tag-latest-news","16":"tag-latestnews","17":"tag-main-news","18":"tag-mainnews","19":"tag-mundo","20":"tag-news","21":"tag-noticias","22":"tag-noticias-principais","23":"tag-noticiasprincipais","24":"tag-principais-noticias","25":"tag-principaisnoticias","26":"tag-top-stories","27":"tag-topstories","28":"tag-ultimas","29":"tag-ultimas-noticias","30":"tag-ultimasnoticias","31":"tag-venezuela","32":"tag-world","33":"tag-world-news","34":"tag-worldnews"},"share_on_mastodon":{"url":"https:\/\/pubeurope.com\/@pt\/115633497238240262","error":""},"_links":{"self":[{"href":"https:\/\/www.europesays.com\/pt\/wp-json\/wp\/v2\/posts\/169444","targetHints":{"allow":["GET"]}}],"collection":[{"href":"https:\/\/www.europesays.com\/pt\/wp-json\/wp\/v2\/posts"}],"about":[{"href":"https:\/\/www.europesays.com\/pt\/wp-json\/wp\/v2\/types\/post"}],"author":[{"embeddable":true,"href":"https:\/\/www.europesays.com\/pt\/wp-json\/wp\/v2\/users\/2"}],"replies":[{"embeddable":true,"href":"https:\/\/www.europesays.com\/pt\/wp-json\/wp\/v2\/comments?post=169444"}],"version-history":[{"count":0,"href":"https:\/\/www.europesays.com\/pt\/wp-json\/wp\/v2\/posts\/169444\/revisions"}],"wp:featuredmedia":[{"embeddable":true,"href":"https:\/\/www.europesays.com\/pt\/wp-json\/wp\/v2\/media\/169445"}],"wp:attachment":[{"href":"https:\/\/www.europesays.com\/pt\/wp-json\/wp\/v2\/media?parent=169444"}],"wp:term":[{"taxonomy":"category","embeddable":true,"href":"https:\/\/www.europesays.com\/pt\/wp-json\/wp\/v2\/categories?post=169444"},{"taxonomy":"post_tag","embeddable":true,"href":"https:\/\/www.europesays.com\/pt\/wp-json\/wp\/v2\/tags?post=169444"}],"curies":[{"name":"wp","href":"https:\/\/api.w.org\/{rel}","templated":true}]}}