{"id":169450,"date":"2025-11-29T14:48:43","date_gmt":"2025-11-29T14:48:43","guid":{"rendered":"https:\/\/www.europesays.com\/pt\/169450\/"},"modified":"2025-11-29T14:48:43","modified_gmt":"2025-11-29T14:48:43","slug":"inedito-cristina-ferreira-mostra-video-censurado-e-super-privado-ao-lado-de-joao-monteiro-secret-story","status":"publish","type":"post","link":"https:\/\/www.europesays.com\/pt\/169450\/","title":{"rendered":"In\u00e9dito! Cristina Ferreira mostra v\u00eddeo \u00abcensurado\u00bb (e super privado) ao lado de Jo\u00e3o Monteiro &#8211; Secret Story"},"content":{"rendered":"<p><strong>Cristina Ferreira surpreendeu tudo e todos <\/strong>quando, h\u00e1 duas semanas, <a href=\"https:\/\/tvi.iol.pt\/secretstory\/cristina-ferreira\/joao-monteiro\/apresentador-da-tvi-comete-inconfidencia-sobre-joao-monteiro-e-surpreende-cristina-ferreira\" rel=\"nofollow noopener\" target=\"_blank\">partilhou fotos \u00fanicas do seu<strong> \u00abcasamento\u00bb com Jo\u00e3o Monteiro<\/strong>.<\/a> Agora, a apresentadora publicou um v\u00eddeo <strong>\u00abcensurado\u00bb<\/strong>, em que mostra as imagens mais privadas de sempre ao lado do namorado.<\/p>\n<p>\u00ab<strong>Censurado por ter muito de n\u00f3s. O n\u00f3s que \u00e9 s\u00f3 de alguns. We <\/strong>\ud83d\udc9c\u00bb, escreveu, na legenda da publica\u00e7\u00e3o, em que mostra os bastidores das filmagens e da sess\u00e3o fotogr\u00e1fica promocional dos seus novos perfumes, <strong>We.<\/strong><\/p>\n<p><strong>Nas imagens, podemos ver <a href=\"https:\/\/tvi.iol.pt\/secretstory\/cristina-ferreira\/secret-story\/cristina-ferreira-abre-o-coracao-em-desabafo-emocionante-os-dias-colam-se-uns-nos-outros\" rel=\"nofollow noopener\" target=\"_blank\">Cristina Ferreira<\/a> e Jo\u00e3o Monteiro em clima de grande cumplicidade e o amor \u00e9 not\u00f3rio.<\/strong><\/p>\n<p>A caixa de coment\u00e1rios da publica\u00e7\u00e3o de <strong>Cristina Ferreira<\/strong> encheu-se de mensagens de carinho ao casal. \u00ab<strong>Este ainda est\u00e1 melhor que o primeiroo.. t\u00e3o eles<\/strong>\ud83d\ude0d\u00bb, \u00abMaravilhosos\u2764\ufe0f\u00bb, \u00abQue seja sempre assim \u2764\ufe0f\u00bb, \u00abQue lindo ver tanto amor ,verdade subtil eleg\u00e2ncia glamour mas acima de tudo sinceridade parab\u00e9ns \u2764\ufe0f\u00bb, \u00abOh, <strong>este \u00e9 que devia ter sido o v\u00eddeo de apresenta\u00e7\u00e3o do perfume!<\/strong> Est\u00e1 brilhante! \ud83d\ude0d\u00bb, \u00ab<strong>Bem podiam trocar alian\u00e7as e pronto. Foi um ensaio. Sempre linda e segura. Bonito par. <\/strong>O amor \u00e9 lindooooo \ud83d\udc93\u00bb, pode ler-se.<\/p>\n<p><strong>Veja tudo no v\u00eddeo acima!<\/strong><\/p>\n","protected":false},"excerpt":{"rendered":"Cristina Ferreira surpreendeu tudo e todos quando, h\u00e1 duas semanas, partilhou fotos \u00fanicas do seu \u00abcasamento\u00bb com Jo\u00e3o&hellip;\n","protected":false},"author":2,"featured_media":169451,"comment_status":"","ping_status":"","sticky":false,"template":"","format":"standard","meta":{"footnotes":""},"categories":[142],"tags":[18706,1435,166,114,115,18705,6470,32,33,151,18704],"class_list":{"0":"post-169450","1":"post","2":"type-post","3":"status-publish","4":"format-standard","5":"has-post-thumbnail","7":"category-tv","8":"tag-bastidores-secret-story","9":"tag-casamento","10":"tag-cristina-ferreira","11":"tag-entertainment","12":"tag-entretenimento","13":"tag-entrevistas-concorrentes-tvi","14":"tag-joao-monteiro","15":"tag-portugal","16":"tag-pt","17":"tag-tv","18":"tag-vida-fora-da-casa"},"share_on_mastodon":{"url":"https:\/\/pubeurope.com\/@pt\/115633541006010312","error":""},"_links":{"self":[{"href":"https:\/\/www.europesays.com\/pt\/wp-json\/wp\/v2\/posts\/169450","targetHints":{"allow":["GET"]}}],"collection":[{"href":"https:\/\/www.europesays.com\/pt\/wp-json\/wp\/v2\/posts"}],"about":[{"href":"https:\/\/www.europesays.com\/pt\/wp-json\/wp\/v2\/types\/post"}],"author":[{"embeddable":true,"href":"https:\/\/www.europesays.com\/pt\/wp-json\/wp\/v2\/users\/2"}],"replies":[{"embeddable":true,"href":"https:\/\/www.europesays.com\/pt\/wp-json\/wp\/v2\/comments?post=169450"}],"version-history":[{"count":0,"href":"https:\/\/www.europesays.com\/pt\/wp-json\/wp\/v2\/posts\/169450\/revisions"}],"wp:featuredmedia":[{"embeddable":true,"href":"https:\/\/www.europesays.com\/pt\/wp-json\/wp\/v2\/media\/169451"}],"wp:attachment":[{"href":"https:\/\/www.europesays.com\/pt\/wp-json\/wp\/v2\/media?parent=169450"}],"wp:term":[{"taxonomy":"category","embeddable":true,"href":"https:\/\/www.europesays.com\/pt\/wp-json\/wp\/v2\/categories?post=169450"},{"taxonomy":"post_tag","embeddable":true,"href":"https:\/\/www.europesays.com\/pt\/wp-json\/wp\/v2\/tags?post=169450"}],"curies":[{"name":"wp","href":"https:\/\/api.w.org\/{rel}","templated":true}]}}