{"id":169452,"date":"2025-11-29T14:49:22","date_gmt":"2025-11-29T14:49:22","guid":{"rendered":"https:\/\/www.europesays.com\/pt\/169452\/"},"modified":"2025-11-29T14:49:22","modified_gmt":"2025-11-29T14:49:22","slug":"sem-filtros-calipolense-ana-pedras-ilumina-vila-vicosa-com-o-poder-do-amor","status":"publish","type":"post","link":"https:\/\/www.europesays.com\/pt\/169452\/","title":{"rendered":"Sem filtros, calipolense Ana Pedras \u201cilumina\u201d Vila Vi\u00e7osa com o poder do amor"},"content":{"rendered":"<p>A exposi\u00e7\u00e3o fotogr\u00e1fica \u201cAmor sem filtros\u201d, da autoria de Ana Sofia Pedras, natural de Vila Vi\u00e7osa, foi inaugurada na tarde desta sexta-feira, 28 de novembro, no Cineteatro Florbela Espanca, onde estar\u00e1 patente at\u00e9 ao pr\u00f3ximo dia 19 de dezembro.<\/p>\n<p>In\u00e1cio Esperan\u00e7a, presidente da C\u00e2mara Municipal de Vila Vi\u00e7osa, revelou que \u201c\u00e9 sempre um orgulho receber exposi\u00e7\u00f5es de jovens calipolenses\u201d, acrescentando ainda que \u201c\u00e9 uma exposi\u00e7\u00e3o muito interessante e com muita qualidade sobre o amor nas mais variadas vertentes\u201d.<\/p>\n<p>Ana Sofia Pedras, autora desta exposi\u00e7\u00e3o, afirmou \u201cser especial e muito importante fazer a primeira exposi\u00e7\u00e3o em Vila Vi\u00e7osa\u201d. \u201cA inspira\u00e7\u00e3o para esta exposi\u00e7\u00e3o surgiu porque com tanta negatividade que h\u00e1 na sociedade e nas nossas vidas, senti-me na urg\u00eancia de trazer algo bom e positivo, logo a exposi\u00e7\u00e3o ser dedicada ao amor, porque n\u00e3o se molda a estigmas ou dogmas da sociedade, \u00e9 algo livre que deve ser sentido por todos sem obst\u00e1culos\u201d, salientou.<\/p>\n<p>A R\u00e1dio Campan\u00e1rio esteve presente e mostra-lhe as fotografias:<\/p>\n<p><img fetchpriority=\"high\" decoding=\"async\" width=\"1024\" height=\"578\" data-id=\"417879\" src=\"https:\/\/www.europesays.com\/pt\/wp-content\/uploads\/2025\/11\/IMG_5452-1024x578.jpg\" alt=\"\" class=\"wp-image-417879\"  \/><\/p>\n<p><img loading=\"lazy\" decoding=\"async\" width=\"1024\" height=\"578\" data-id=\"417875\" src=\"https:\/\/www.europesays.com\/pt\/wp-content\/uploads\/2025\/11\/IMG_5453-1024x578.jpg\" alt=\"\" class=\"wp-image-417875\"  \/><\/p>\n<p><img loading=\"lazy\" decoding=\"async\" width=\"1024\" height=\"578\" data-id=\"417870\" src=\"https:\/\/www.europesays.com\/pt\/wp-content\/uploads\/2025\/11\/IMG_5454-1024x578.jpg\" alt=\"\" class=\"wp-image-417870\"  \/><\/p>\n<p><img loading=\"lazy\" decoding=\"async\" width=\"1024\" height=\"578\" data-id=\"417880\" src=\"https:\/\/www.europesays.com\/pt\/wp-content\/uploads\/2025\/11\/IMG_5455-1024x578.jpg\" alt=\"\" class=\"wp-image-417880\"  \/><\/p>\n<p><img loading=\"lazy\" decoding=\"async\" width=\"1024\" height=\"578\" data-id=\"417869\" src=\"https:\/\/www.europesays.com\/pt\/wp-content\/uploads\/2025\/11\/IMG_5456-1024x578.jpg\" alt=\"\" class=\"wp-image-417869\"  \/><\/p>\n<p><img loading=\"lazy\" decoding=\"async\" width=\"1024\" height=\"578\" data-id=\"417878\" src=\"https:\/\/www.europesays.com\/pt\/wp-content\/uploads\/2025\/11\/IMG_5457-1024x578.jpg\" alt=\"\" class=\"wp-image-417878\"  \/><\/p>\n<p><img loading=\"lazy\" decoding=\"async\" width=\"1024\" height=\"578\" data-id=\"417872\" src=\"https:\/\/www.europesays.com\/pt\/wp-content\/uploads\/2025\/11\/IMG_5458-1024x578.jpg\" alt=\"\" class=\"wp-image-417872\"  \/><\/p>\n<p><img loading=\"lazy\" decoding=\"async\" width=\"1024\" height=\"578\" data-id=\"417871\" src=\"https:\/\/www.europesays.com\/pt\/wp-content\/uploads\/2025\/11\/IMG_5459-1024x578.jpg\" alt=\"\" class=\"wp-image-417871\"  \/><\/p>\n<p><img loading=\"lazy\" decoding=\"async\" width=\"1024\" height=\"578\" data-id=\"417873\" src=\"https:\/\/www.europesays.com\/pt\/wp-content\/uploads\/2025\/11\/IMG_5460-1024x578.jpg\" alt=\"\" class=\"wp-image-417873\"  \/><\/p>\n<p><img loading=\"lazy\" decoding=\"async\" width=\"1024\" height=\"578\" data-id=\"417895\" src=\"https:\/\/www.europesays.com\/pt\/wp-content\/uploads\/2025\/11\/IMG_5461-1024x578.jpg\" alt=\"\" class=\"wp-image-417895\"  \/><\/p>\n<p><img loading=\"lazy\" decoding=\"async\" width=\"1024\" height=\"578\" data-id=\"417868\" src=\"https:\/\/www.europesays.com\/pt\/wp-content\/uploads\/2025\/11\/IMG_5463-1024x578.jpg\" alt=\"\" class=\"wp-image-417868\"  \/><\/p>\n<p><img loading=\"lazy\" decoding=\"async\" width=\"1024\" height=\"578\" data-id=\"417884\" src=\"https:\/\/www.europesays.com\/pt\/wp-content\/uploads\/2025\/11\/IMG_5466-1024x578.jpg\" alt=\"\" class=\"wp-image-417884\"  \/><\/p>\n<p><img loading=\"lazy\" decoding=\"async\" width=\"1024\" height=\"578\" data-id=\"417876\" src=\"https:\/\/www.europesays.com\/pt\/wp-content\/uploads\/2025\/11\/IMG_5467-1024x578.jpg\" alt=\"\" class=\"wp-image-417876\"  \/><\/p>\n<p><img loading=\"lazy\" decoding=\"async\" width=\"1024\" height=\"578\" data-id=\"417881\" src=\"https:\/\/www.europesays.com\/pt\/wp-content\/uploads\/2025\/11\/IMG_5469-1024x578.jpg\" alt=\"\" class=\"wp-image-417881\"  \/><\/p>\n<p><img loading=\"lazy\" decoding=\"async\" width=\"1024\" height=\"578\" data-id=\"417889\" src=\"https:\/\/www.europesays.com\/pt\/wp-content\/uploads\/2025\/11\/IMG_5471-1024x578.jpg\" alt=\"\" class=\"wp-image-417889\"  \/><\/p>\n<p><img loading=\"lazy\" decoding=\"async\" width=\"1024\" height=\"578\" data-id=\"417897\" src=\"https:\/\/www.europesays.com\/pt\/wp-content\/uploads\/2025\/11\/IMG_5474-1024x578.jpg\" alt=\"\" class=\"wp-image-417897\"  \/><\/p>\n<p><img loading=\"lazy\" decoding=\"async\" width=\"1024\" height=\"578\" data-id=\"417903\" src=\"https:\/\/www.europesays.com\/pt\/wp-content\/uploads\/2025\/11\/IMG_5478-1024x578.jpg\" alt=\"\" class=\"wp-image-417903\"  \/><\/p>\n<p><img loading=\"lazy\" decoding=\"async\" width=\"1024\" height=\"578\" data-id=\"417885\" src=\"https:\/\/www.europesays.com\/pt\/wp-content\/uploads\/2025\/11\/IMG_5480-1024x578.jpg\" alt=\"\" class=\"wp-image-417885\"  \/><\/p>\n<p><img loading=\"lazy\" decoding=\"async\" width=\"1024\" height=\"578\" data-id=\"417888\" src=\"https:\/\/www.europesays.com\/pt\/wp-content\/uploads\/2025\/11\/IMG_5482-1024x578.jpg\" alt=\"\" class=\"wp-image-417888\"  \/><\/p>\n<p><img loading=\"lazy\" decoding=\"async\" width=\"1024\" height=\"578\" data-id=\"417891\" src=\"https:\/\/www.europesays.com\/pt\/wp-content\/uploads\/2025\/11\/IMG_5483-1024x578.jpg\" alt=\"\" class=\"wp-image-417891\"  \/><\/p>\n<p><img loading=\"lazy\" decoding=\"async\" width=\"1024\" height=\"578\" data-id=\"417896\" src=\"https:\/\/www.europesays.com\/pt\/wp-content\/uploads\/2025\/11\/IMG_5484-1024x578.jpg\" alt=\"\" class=\"wp-image-417896\"  \/><\/p>\n<p><img loading=\"lazy\" decoding=\"async\" width=\"1024\" height=\"578\" data-id=\"417900\" src=\"https:\/\/www.europesays.com\/pt\/wp-content\/uploads\/2025\/11\/IMG_5486-1024x578.jpg\" alt=\"\" class=\"wp-image-417900\"  \/><\/p>\n<p><img loading=\"lazy\" decoding=\"async\" width=\"1024\" height=\"578\" data-id=\"417886\" src=\"https:\/\/www.europesays.com\/pt\/wp-content\/uploads\/2025\/11\/IMG_5487-1024x578.jpg\" alt=\"\" class=\"wp-image-417886\"  \/><\/p>\n<p><img loading=\"lazy\" decoding=\"async\" width=\"1024\" height=\"578\" data-id=\"417898\" src=\"https:\/\/www.europesays.com\/pt\/wp-content\/uploads\/2025\/11\/IMG_5492-1024x578.jpg\" alt=\"\" class=\"wp-image-417898\"  \/><\/p>\n<p><img loading=\"lazy\" decoding=\"async\" width=\"1024\" height=\"578\" data-id=\"417874\" src=\"https:\/\/www.europesays.com\/pt\/wp-content\/uploads\/2025\/11\/IMG_5498-1024x578.jpg\" alt=\"\" class=\"wp-image-417874\"  \/><\/p>\n<p><img loading=\"lazy\" decoding=\"async\" width=\"1024\" height=\"578\" data-id=\"417899\" src=\"https:\/\/www.europesays.com\/pt\/wp-content\/uploads\/2025\/11\/IMG_5503-1024x578.jpg\" alt=\"\" class=\"wp-image-417899\"  \/><\/p>\n<p><img loading=\"lazy\" decoding=\"async\" width=\"1024\" height=\"578\" data-id=\"417892\" src=\"https:\/\/www.europesays.com\/pt\/wp-content\/uploads\/2025\/11\/IMG_5506-1024x578.jpg\" alt=\"\" class=\"wp-image-417892\"  \/><\/p>\n<p><img loading=\"lazy\" decoding=\"async\" width=\"1024\" height=\"578\" data-id=\"417893\" src=\"https:\/\/www.europesays.com\/pt\/wp-content\/uploads\/2025\/11\/IMG_5509-1024x578.jpg\" alt=\"\" class=\"wp-image-417893\"  \/><\/p>\n<p><img loading=\"lazy\" decoding=\"async\" width=\"1024\" height=\"578\" data-id=\"417877\" src=\"https:\/\/www.europesays.com\/pt\/wp-content\/uploads\/2025\/11\/IMG_5510-1024x578.jpg\" alt=\"\" class=\"wp-image-417877\"  \/><\/p>\n<p><img loading=\"lazy\" decoding=\"async\" width=\"1024\" height=\"578\" data-id=\"417887\" src=\"https:\/\/www.europesays.com\/pt\/wp-content\/uploads\/2025\/11\/IMG_5515-1024x578.jpg\" alt=\"\" class=\"wp-image-417887\"  \/><\/p>\n<p><img loading=\"lazy\" decoding=\"async\" width=\"1024\" height=\"578\" data-id=\"417883\" src=\"https:\/\/www.europesays.com\/pt\/wp-content\/uploads\/2025\/11\/IMG_5527-1024x578.jpg\" alt=\"\" class=\"wp-image-417883\"  \/><\/p>\n<p><img loading=\"lazy\" decoding=\"async\" width=\"1024\" height=\"578\" data-id=\"417901\" src=\"https:\/\/www.europesays.com\/pt\/wp-content\/uploads\/2025\/11\/IMG_5529-1024x578.jpg\" alt=\"\" class=\"wp-image-417901\"  \/><\/p>\n<p><img loading=\"lazy\" decoding=\"async\" width=\"1024\" height=\"578\" data-id=\"417894\" src=\"https:\/\/www.europesays.com\/pt\/wp-content\/uploads\/2025\/11\/IMG_5539-1024x578.jpg\" alt=\"\" class=\"wp-image-417894\"  \/><\/p>\n<p><img loading=\"lazy\" decoding=\"async\" width=\"1024\" height=\"578\" data-id=\"417890\" src=\"https:\/\/www.europesays.com\/pt\/wp-content\/uploads\/2025\/11\/IMG_5540-1024x578.jpg\" alt=\"\" class=\"wp-image-417890\"  \/><\/p>\n<p><img loading=\"lazy\" decoding=\"async\" width=\"1024\" height=\"578\" data-id=\"417902\" src=\"https:\/\/www.europesays.com\/pt\/wp-content\/uploads\/2025\/11\/IMG_5543-1024x578.jpg\" alt=\"\" class=\"wp-image-417902\"  \/><\/p>\n<p><img loading=\"lazy\" decoding=\"async\" width=\"1024\" height=\"578\" data-id=\"417904\" src=\"https:\/\/www.europesays.com\/pt\/wp-content\/uploads\/2025\/11\/IMG_5544-1024x578.jpg\" alt=\"\" class=\"wp-image-417904\"  \/><\/p>\n<p><img loading=\"lazy\" decoding=\"async\" width=\"1024\" height=\"578\" data-id=\"417882\" src=\"https:\/\/www.europesays.com\/pt\/wp-content\/uploads\/2025\/11\/IMG_5548-1024x578.jpg\" alt=\"\" class=\"wp-image-417882\"  \/><\/p>\n","protected":false},"excerpt":{"rendered":"A exposi\u00e7\u00e3o fotogr\u00e1fica \u201cAmor sem filtros\u201d, da autoria de Ana Sofia Pedras, natural de Vila Vi\u00e7osa, foi inaugurada&hellip;\n","protected":false},"author":2,"featured_media":169453,"comment_status":"","ping_status":"","sticky":false,"template":"","format":"standard","meta":{"footnotes":""},"categories":[141],"tags":[288,35500,114,115,698,2085,149,150,32,33,35501],"class_list":{"0":"post-169452","1":"post","2":"type-post","3":"status-publish","4":"format-standard","5":"has-post-thumbnail","7":"category-musica","8":"tag-alentejo","9":"tag-cineteatro-florbela-espanca","10":"tag-entertainment","11":"tag-entretenimento","12":"tag-exposicao","13":"tag-fotografia","14":"tag-music","15":"tag-musica","16":"tag-portugal","17":"tag-pt","18":"tag-vila-vicosa"},"share_on_mastodon":{"url":"https:\/\/pubeurope.com\/@pt\/115633545471497415","error":""},"_links":{"self":[{"href":"https:\/\/www.europesays.com\/pt\/wp-json\/wp\/v2\/posts\/169452","targetHints":{"allow":["GET"]}}],"collection":[{"href":"https:\/\/www.europesays.com\/pt\/wp-json\/wp\/v2\/posts"}],"about":[{"href":"https:\/\/www.europesays.com\/pt\/wp-json\/wp\/v2\/types\/post"}],"author":[{"embeddable":true,"href":"https:\/\/www.europesays.com\/pt\/wp-json\/wp\/v2\/users\/2"}],"replies":[{"embeddable":true,"href":"https:\/\/www.europesays.com\/pt\/wp-json\/wp\/v2\/comments?post=169452"}],"version-history":[{"count":0,"href":"https:\/\/www.europesays.com\/pt\/wp-json\/wp\/v2\/posts\/169452\/revisions"}],"wp:featuredmedia":[{"embeddable":true,"href":"https:\/\/www.europesays.com\/pt\/wp-json\/wp\/v2\/media\/169453"}],"wp:attachment":[{"href":"https:\/\/www.europesays.com\/pt\/wp-json\/wp\/v2\/media?parent=169452"}],"wp:term":[{"taxonomy":"category","embeddable":true,"href":"https:\/\/www.europesays.com\/pt\/wp-json\/wp\/v2\/categories?post=169452"},{"taxonomy":"post_tag","embeddable":true,"href":"https:\/\/www.europesays.com\/pt\/wp-json\/wp\/v2\/tags?post=169452"}],"curies":[{"name":"wp","href":"https:\/\/api.w.org\/{rel}","templated":true}]}}