{"id":169454,"date":"2025-11-29T14:51:21","date_gmt":"2025-11-29T14:51:21","guid":{"rendered":"https:\/\/www.europesays.com\/pt\/169454\/"},"modified":"2025-11-29T14:51:21","modified_gmt":"2025-11-29T14:51:21","slug":"adoro-tantas-coisas-que-faz-por-nos","status":"publish","type":"post","link":"https:\/\/www.europesays.com\/pt\/169454\/","title":{"rendered":"\u00abAdoro tantas coisas que faz por n\u00f3s\u00bb"},"content":{"rendered":"<p>&#8211; Advertisement &#8211;<\/p>\n<p><strong>Xabi Alonso teceu rasgados elogios a Kylian Mbapp\u00e9. O avan\u00e7ado do Real Madrid marcou um poker no \u00faltimo jogo frente ao Olympiacos.<\/strong><\/p>\n<p>Xabi Alonso n\u00e3o poupou elogios a Kylian Mbapp\u00e9, ap\u00f3s os quatro golos apontados pelo avan\u00e7ado franc\u00eas diante do Olympiacos. O treinador espanhol destacou a sua influ\u00eancia e personalidade:<\/p>\n<p>\u00abPara al\u00e9m dos golos, adoro tantas coisas que o Mbapp\u00e9 faz por n\u00f3s. A sua personalidade, a sua influ\u00eancia sobre os colegas, os pequenos gestos que tem. \u00c9 muito, muito importante para n\u00f3s\u00bb.<\/p>\n<p>O internacional franc\u00eas soma j\u00e1 22 golos e tr\u00eas assist\u00eancias em 18 jogos pelo Real Madrid nesta temporada. Recentemente, <a href=\"https:\/\/bolanarede.pt\/especial-bola-na-rede\/atualidade\/kylian-mbappe-sai-em-defesa-de-xabi-alonso-os-jogadores-tem-de-proteger-o-treinador\/\" target=\"_blank\" rel=\"noreferrer noopener nofollow\">Kylian Mbapp\u00e9 tamb\u00e9m saiu em defesa de Xabi Alonso<\/a>.<\/p>\n<blockquote class=\"twitter-tweet\" data-width=\"550\" data-dnt=\"true\">\n<p lang=\"en\" dir=\"ltr\">\ud83d\udea8\ud83e\udd0d Xabi Alonso: \u201cAside from the goals, I love so many things Mbapp\u00e9 does for us\u201d.<\/p>\n<p>\u201cHis personality, his influence on the players, the little things he does. He\u2019s very, very important to us\u201d. <a href=\"https:\/\/t.co\/BqJ27dSZbh\" rel=\"nofollow\">pic.twitter.com\/BqJ27dSZbh<\/a><\/p>\n<p>\u2014 Fabrizio Romano (@FabrizioRomano) <a href=\"https:\/\/twitter.com\/FabrizioRomano\/status\/1994253675598889139?ref_src=twsrc%5Etfw\" rel=\"nofollow noopener\" target=\"_blank\">November 28, 2025<\/a><\/p><\/blockquote>\n<p><script async src=\"https:\/\/platform.twitter.com\/widgets.js\" charset=\"utf-8\"><\/script><\/p>\n","protected":false},"excerpt":{"rendered":"&#8211; Advertisement &#8211; Xabi Alonso teceu rasgados elogios a Kylian Mbapp\u00e9. O avan\u00e7ado do Real Madrid marcou um&hellip;\n","protected":false},"author":2,"featured_media":169455,"comment_status":"","ping_status":"","sticky":false,"template":"","format":"standard","meta":{"footnotes":""},"categories":[87],"tags":[260,135,23673,35502,32,33,2007,134,2008],"class_list":{"0":"post-169454","1":"post","2":"type-post","3":"status-publish","4":"format-standard","5":"has-post-thumbnail","7":"category-desporto","8":"tag-atualidade","9":"tag-desporto","10":"tag-kylian-mbappe","11":"tag-la-ligqa","12":"tag-portugal","13":"tag-pt","14":"tag-real-madrid","15":"tag-sports","16":"tag-xabi-alonso"},"share_on_mastodon":{"url":"https:\/\/pubeurope.com\/@pt\/115633552431285449","error":""},"_links":{"self":[{"href":"https:\/\/www.europesays.com\/pt\/wp-json\/wp\/v2\/posts\/169454","targetHints":{"allow":["GET"]}}],"collection":[{"href":"https:\/\/www.europesays.com\/pt\/wp-json\/wp\/v2\/posts"}],"about":[{"href":"https:\/\/www.europesays.com\/pt\/wp-json\/wp\/v2\/types\/post"}],"author":[{"embeddable":true,"href":"https:\/\/www.europesays.com\/pt\/wp-json\/wp\/v2\/users\/2"}],"replies":[{"embeddable":true,"href":"https:\/\/www.europesays.com\/pt\/wp-json\/wp\/v2\/comments?post=169454"}],"version-history":[{"count":0,"href":"https:\/\/www.europesays.com\/pt\/wp-json\/wp\/v2\/posts\/169454\/revisions"}],"wp:featuredmedia":[{"embeddable":true,"href":"https:\/\/www.europesays.com\/pt\/wp-json\/wp\/v2\/media\/169455"}],"wp:attachment":[{"href":"https:\/\/www.europesays.com\/pt\/wp-json\/wp\/v2\/media?parent=169454"}],"wp:term":[{"taxonomy":"category","embeddable":true,"href":"https:\/\/www.europesays.com\/pt\/wp-json\/wp\/v2\/categories?post=169454"},{"taxonomy":"post_tag","embeddable":true,"href":"https:\/\/www.europesays.com\/pt\/wp-json\/wp\/v2\/tags?post=169454"}],"curies":[{"name":"wp","href":"https:\/\/api.w.org\/{rel}","templated":true}]}}