{"id":169464,"date":"2025-11-29T14:59:10","date_gmt":"2025-11-29T14:59:10","guid":{"rendered":"https:\/\/www.europesays.com\/pt\/169464\/"},"modified":"2025-11-29T14:59:10","modified_gmt":"2025-11-29T14:59:10","slug":"carol-castro-revela-como-descobriu-o-diagnostico-de-fibromialgia","status":"publish","type":"post","link":"https:\/\/www.europesays.com\/pt\/169464\/","title":{"rendered":"Carol Castro revela como descobriu o diagn\u00f3stico de fibromialgia"},"content":{"rendered":"<p>A atriz Carol Castro recordou o momento em que foi diagnosticada com fibromialgia, uma s\u00edndrome que se caracteriza por dor generalizada e constante no corpo. Durante uma entrevista no programa *De Repente 30+*, apresentado por Marcela Monteiro, ela revelou que recebeu o diagn\u00f3stico enquanto estava em per\u00edodo de grava\u00e7\u00f5es da novela *Garota do Momento*, da Globo, interpretando a personagem Clarice.<\/p>\n<p>A artista relembrou que tinha dores no corpo e na cabe\u00e7a durante as grava\u00e7\u00f5es. \u201cN\u00e3o tinha cena leve. Eu estava sempre saindo com dor de cabe\u00e7a. Era padecer no para\u00edso, porque Clarice era maravilhosa. Artisticamente, era tudo o que eu queria. Uma personagem com todos os arcos dram\u00e1ticos que voc\u00ea precisa mostrar, mas o corpo foi sentindo. Eu cheguei ao diagn\u00f3stico de fibromialgia, uma doen\u00e7a pouqu\u00edssima conhecida. \u00c9 importante ser falada. N\u00e3o existe um exame para (o diagn\u00f3stico), \u00e9 (feito) por elimina\u00e7\u00e3o. \u00c9 uma dor cr\u00f4nica, tudo d\u00f3i\u201c, afirmou.<\/p>\n<p>Al\u00e9m disso, ela pontuou que vivia uma fase de cenas dram\u00e1ticas e intensas na novela quando recebeu o diagn\u00f3stico. \u201cEu tentava sempre terminar o trabalho e falar para o meu corpo: isso n\u00e3o \u00e9 verdade (as cenas intensas de sofrimento), corpinho, organismo, cabecinha. Falava comigo mesma\u201d, disse ela, que ainda disse que sobre o quanto se sente realizada com sua profiss\u00e3o. \u201cA sensa\u00e7\u00e3o de dever cumprido. De ter o retorno das pessoas. Isso nos alimenta. \u00c9 o combust\u00edvel\u201d, concluiu.<\/p>\n","protected":false},"excerpt":{"rendered":"A atriz Carol Castro recordou o momento em que foi diagnosticada com fibromialgia, uma s\u00edndrome que se caracteriza&hellip;\n","protected":false},"author":2,"featured_media":169465,"comment_status":"","ping_status":"","sticky":false,"template":"","format":"standard","meta":{"footnotes":""},"categories":[145],"tags":[14413,211,210,114,115,3825,32,33],"class_list":{"0":"post-169464","1":"post","2":"type-post","3":"status-publish","4":"format-standard","5":"has-post-thumbnail","7":"category-celebridades","8":"tag-carol-castro","9":"tag-celebridades","10":"tag-celebrities","11":"tag-entertainment","12":"tag-entretenimento","13":"tag-fibromialgia","14":"tag-portugal","15":"tag-pt"},"share_on_mastodon":{"url":"https:\/\/pubeurope.com\/@pt\/115633583790087452","error":""},"_links":{"self":[{"href":"https:\/\/www.europesays.com\/pt\/wp-json\/wp\/v2\/posts\/169464","targetHints":{"allow":["GET"]}}],"collection":[{"href":"https:\/\/www.europesays.com\/pt\/wp-json\/wp\/v2\/posts"}],"about":[{"href":"https:\/\/www.europesays.com\/pt\/wp-json\/wp\/v2\/types\/post"}],"author":[{"embeddable":true,"href":"https:\/\/www.europesays.com\/pt\/wp-json\/wp\/v2\/users\/2"}],"replies":[{"embeddable":true,"href":"https:\/\/www.europesays.com\/pt\/wp-json\/wp\/v2\/comments?post=169464"}],"version-history":[{"count":0,"href":"https:\/\/www.europesays.com\/pt\/wp-json\/wp\/v2\/posts\/169464\/revisions"}],"wp:featuredmedia":[{"embeddable":true,"href":"https:\/\/www.europesays.com\/pt\/wp-json\/wp\/v2\/media\/169465"}],"wp:attachment":[{"href":"https:\/\/www.europesays.com\/pt\/wp-json\/wp\/v2\/media?parent=169464"}],"wp:term":[{"taxonomy":"category","embeddable":true,"href":"https:\/\/www.europesays.com\/pt\/wp-json\/wp\/v2\/categories?post=169464"},{"taxonomy":"post_tag","embeddable":true,"href":"https:\/\/www.europesays.com\/pt\/wp-json\/wp\/v2\/tags?post=169464"}],"curies":[{"name":"wp","href":"https:\/\/api.w.org\/{rel}","templated":true}]}}