{"id":169466,"date":"2025-11-29T15:02:37","date_gmt":"2025-11-29T15:02:37","guid":{"rendered":"https:\/\/www.europesays.com\/pt\/169466\/"},"modified":"2025-11-29T15:02:37","modified_gmt":"2025-11-29T15:02:37","slug":"no-secret-story-nuno-eiro-perde-a-paciencia-e-dispara-contra-criticas-a-bruna-absolutamente-vergonhoso","status":"publish","type":"post","link":"https:\/\/www.europesays.com\/pt\/169466\/","title":{"rendered":"No Secret Story, Nuno Eir\u00f3 perde a paci\u00eancia e dispara contra cr\u00edticas a Bruna: \u201cAbsolutamente vergonhoso!\u201d"},"content":{"rendered":"<p>No Secret Story, Nuno Eir\u00f3 perde a paci\u00eancia e dispara contra cr\u00edticas a Bruna: \u201cAbsolutamente vergonhoso!\u201d, disse.<\/p>\n<p>Revela\u00e7\u00e3o do segredo de Bruna gera ondas de choque<\/p>\n<p>A noite de quarta-feira, 26 de novembro, ficou marcada por um dos momentos mais emotivos desta edi\u00e7\u00e3o do Secret Story 9. Pedro Jorge carregou no bot\u00e3o dos segredos e acertou no segredo de Bruna: <strong>\u201cFui diagnosticada com um linfoma.\u201d<\/strong> A revela\u00e7\u00e3o abalou a casa e provocou fortes rea\u00e7\u00f5es dos concorrentes.<\/p>\n<p>No Di\u00e1rio desta quinta-feira, 27 de novembro, a TVI mostrou como os colegas receberam a hist\u00f3ria de supera\u00e7\u00e3o da jovem. Contudo, o debate no est\u00fadio acabou por ganhar outro rumo quando Nuno Eir\u00f3 decidiu reagir \u00e0s mensagens que leu nas redes sociais.<\/p>\n<p>Nuno Eir\u00f3 indignado com coment\u00e1rios online<\/p>\n<p>Visivelmente incomodado, o apresentador n\u00e3o escondeu a revolta perante os ataques dirigidos \u00e0 concorrente ap\u00f3s a revela\u00e7\u00e3o do seu segredo.<br \/><strong>\u201cE volto a dizer \u2013 e aproveitar este espa\u00e7o para dizer \u2013 que h\u00e1 muitos coment\u00e1rios sobre a Bruna, na revela\u00e7\u00e3o deste segredo na net, que eu acho absolutamente vergonhoso, como \u00e9 que se pode p\u00f4r o jogo ou as prefer\u00eancias pessoais, \u00e0 frente de uma hist\u00f3ria destas?\u201d<\/strong>, questionou, deixando claro que n\u00e3o tolera este tipo de postura.<\/p>\n<p>Al\u00e9m disso, fez quest\u00e3o de refor\u00e7ar que cada coment\u00e1rio tem consequ\u00eancias, mesmo que quem o escreve n\u00e3o as queira assumir:<br \/><strong>\u201cOs atos ficam para quem os pratica, desde que consigam viver com isso, eu por mim est\u00e1 tudo certo.\u201d<\/strong><\/p>\n<p>Veja este momento <a href=\"https:\/\/tviplayer.iol.pt\/programa\/secret-story\/66d83c2dd34ea1acf26df8b7\/video\/69296f270cf2c7eb24445a76\" rel=\"nofollow noopener\" target=\"_blank\">AQUI<\/a>.<\/p>\n<p><a href=\"https:\/\/news.google.com\/publications\/CAAqBwgKMKfIoAswtNK4Aw\" target=\"_blank\" rel=\"noopener noreferrer nofollow\"><img loading=\"lazy\" data-lazyloaded=\"1\" width=\"481\" height=\"161\" decoding=\"async\" src=\"\/wp-content\/uploads\/2024\/02\/GN_siganos.png\" alt=\"Siga-nos no Google News\" style=\"margin-top:20px;\"\/><\/a><\/p>\n","protected":false},"excerpt":{"rendered":"No Secret Story, Nuno Eir\u00f3 perde a paci\u00eancia e dispara contra cr\u00edticas a Bruna: \u201cAbsolutamente vergonhoso!\u201d, disse. Revela\u00e7\u00e3o&hellip;\n","protected":false},"author":2,"featured_media":163609,"comment_status":"","ping_status":"","sticky":false,"template":"","format":"standard","meta":{"footnotes":""},"categories":[142],"tags":[2632,114,115,6335,32,33,151],"class_list":{"0":"post-169466","1":"post","2":"type-post","3":"status-publish","4":"format-standard","5":"has-post-thumbnail","7":"category-tv","8":"tag-casa-dos-segredos","9":"tag-entertainment","10":"tag-entretenimento","11":"tag-nuno-eiro","12":"tag-portugal","13":"tag-pt","14":"tag-tv"},"share_on_mastodon":{"url":"https:\/\/pubeurope.com\/@pt\/115633595724040648","error":""},"_links":{"self":[{"href":"https:\/\/www.europesays.com\/pt\/wp-json\/wp\/v2\/posts\/169466","targetHints":{"allow":["GET"]}}],"collection":[{"href":"https:\/\/www.europesays.com\/pt\/wp-json\/wp\/v2\/posts"}],"about":[{"href":"https:\/\/www.europesays.com\/pt\/wp-json\/wp\/v2\/types\/post"}],"author":[{"embeddable":true,"href":"https:\/\/www.europesays.com\/pt\/wp-json\/wp\/v2\/users\/2"}],"replies":[{"embeddable":true,"href":"https:\/\/www.europesays.com\/pt\/wp-json\/wp\/v2\/comments?post=169466"}],"version-history":[{"count":0,"href":"https:\/\/www.europesays.com\/pt\/wp-json\/wp\/v2\/posts\/169466\/revisions"}],"wp:featuredmedia":[{"embeddable":true,"href":"https:\/\/www.europesays.com\/pt\/wp-json\/wp\/v2\/media\/163609"}],"wp:attachment":[{"href":"https:\/\/www.europesays.com\/pt\/wp-json\/wp\/v2\/media?parent=169466"}],"wp:term":[{"taxonomy":"category","embeddable":true,"href":"https:\/\/www.europesays.com\/pt\/wp-json\/wp\/v2\/categories?post=169466"},{"taxonomy":"post_tag","embeddable":true,"href":"https:\/\/www.europesays.com\/pt\/wp-json\/wp\/v2\/tags?post=169466"}],"curies":[{"name":"wp","href":"https:\/\/api.w.org\/{rel}","templated":true}]}}