{"id":169467,"date":"2025-11-29T15:05:28","date_gmt":"2025-11-29T15:05:28","guid":{"rendered":"https:\/\/www.europesays.com\/pt\/169467\/"},"modified":"2025-11-29T15:05:28","modified_gmt":"2025-11-29T15:05:28","slug":"rangers-x-sp-braga-ao-minuto-maisfutebol-2","status":"publish","type":"post","link":"https:\/\/www.europesays.com\/pt\/169467\/","title":{"rendered":"Rangers X Sp. Braga &#8211; AO MINUTO &#8211; Maisfutebol"},"content":{"rendered":"<ol>\n<li><a href=\"https:\/\/news.google.com\/rss\/articles\/CBMidEFVX3lxTE5IRV9uLXRIV0llNFVTNWRxV3lkNF9zVmZ5dUNpeDJ1ZExkWmdieW1JcGNFbUljSUs5NGpCUlBhWi1ib1JhQXpvR002SE1zaEdLdnFadE91Qmh6eFdDbm1uUzVybFlzQWIwbXRFeE5IeHdtUFpW?oc=5\" target=\"_blank\" rel=\"nofollow noopener\">Rangers X Sp. Braga &#8211; AO MINUTO<\/a>&nbsp;&nbsp;Maisfutebol<\/li>\n<li><a href=\"https:\/\/news.google.com\/rss\/articles\/CBMinwFBVV95cUxOYWZJZXdWYVo5QnZtVjMzekRZZ1hacjNWeHI1REFIUWI4LVdMNVozZmlnZEp6dWlLWjA1SjJwa2xJcHZqZ3E5NFA3YjJ0T3lnNWg5Yi1VcmZYX2xNZERBWHpPVnlCQ0V4VFNJaHhKXzEteWlCRWs4WjhURlpxVlZRQjRaYmtzcTN6LTFyMHF0c05GT1dOOFptakd3azZjMG8?oc=5\" target=\"_blank\" rel=\"nofollow noopener\">Rangers x Braga &#8211; Ao vivo &#8211; Liga Europa &#8211; Minuto a Minuto Terra<\/a>&nbsp;&nbsp;Terra<\/li>\n<li><a href=\"https:\/\/news.google.com\/rss\/articles\/CBMiiAFBVV95cUxOQkFBZlpZa1ZUNnpMQmZyVGFySFNJY0QwQjBwMmlsQllxUjEzRV9BNjc5bndWSVEtNFRmYlR6VkhHT1cxdXFlczkxTllaWlBybng2QlNvcVBPOFhVcUw1RXJfbk9FSVRiSjBvMXBONE9Oc1ZiMjdNdVR5U2hpV29XcTl2TldTbWZT?oc=5\" target=\"_blank\" rel=\"nofollow noopener\">Rangers x Braga Palpite \u2013 Confira Onde Assistir, Hora e Escala\u00e7\u00f5es 27-11<\/a>&nbsp;&nbsp;OneFootball<\/li>\n<li><a href=\"https:\/\/news.google.com\/rss\/articles\/CBMi4wFBVV95cUxNUlI5NjBJWlFEYzI4UXBtM2MtRFMzaWI0WmNTbWE3eHNXdllZalI4Q18zMjdsY2kwS3FuNDZ0ell3c3pRVzVlalQ1NkdUczFJbnNUbUpoWlNVLVRTQzJWOENvUEtLUzNLbTdxT3JXOGpyVXRsQnYwdXRUMzBCbUxfN09EdTV2QnJhMjdnTEFqdmFIMGZMamlnNzZjQXdaa1F2SS1Db1FydTBYMFdLQWVTY25wRmZEejZSV0pwRXJyRWdNNHZ4bDVJeWpEWWJISFJ3M3Zxb1dLUVJSLUdRMkM1ejl0Yw?oc=5\" target=\"_blank\" rel=\"nofollow noopener\">Carlos Vicens: \u00abPrefiro n\u00e3o falar [da arbitragem]. Diria coisas que n\u00e3o s\u00e3o positivas para ningu\u00e9m\u00bb<\/a>&nbsp;&nbsp;Bola na Rede<\/li>\n<li><a href=\"https:\/\/news.google.com\/rss\/articles\/CBMivwFBVV95cUxNbHJvQURDWElpbGlDZTREdlpBaFVFZ0ktUzBzR1F1SFgwRXpzSDlFcURkQ2Y0OXd0a3ZpVU9NQV9xQmdxR2JZR21VaERIdHpkWlN6WHUydEZ1WFNoX2tyWUFIVG9JR0dPOFhWTGhWQ19YWkpTZFBSY2V1MUtRWFB6dm4zRzFJM2VwalFCRVc5SGVpa0NMNi01SHdUYUdiUmkycFM3UW5Lb0ZLR3pxdXFIR1FVX3kzRE9zNzlxVE4yRQ?oc=5\" target=\"_blank\" rel=\"nofollow noopener\">Danny Rohl: &#8220;Foi a primeira vez que a minha equipa foi competitiva na Europa&#8221;<\/a>&nbsp;&nbsp;SAPO<\/li>\n<\/ol>\n","protected":false},"excerpt":{"rendered":"Rangers X Sp. Braga &#8211; AO MINUTO&nbsp;&nbsp;Maisfutebol Rangers x Braga &#8211; Ao vivo &#8211; Liga Europa &#8211; Minuto&hellip;\n","protected":false},"author":2,"featured_media":52081,"comment_status":"","ping_status":"","sticky":false,"template":"","format":"standard","meta":{"footnotes":""},"categories":[87],"tags":[135,32,33,47,28101,1233,134,9443,12067],"class_list":{"0":"post-169467","1":"post","2":"type-post","3":"status-publish","4":"format-standard","5":"has-post-thumbnail","7":"category-desporto","8":"tag-desporto","9":"tag-portugal","10":"tag-pt","11":"tag-pura-paixao","12":"tag-rangers","13":"tag-sp-braga","14":"tag-sports","15":"tag-uefa-europa-league","16":"tag-uefa-europa-league-2025-2026"},"share_on_mastodon":{"url":"https:\/\/pubeurope.com\/@pt\/115633607526542347","error":""},"_links":{"self":[{"href":"https:\/\/www.europesays.com\/pt\/wp-json\/wp\/v2\/posts\/169467","targetHints":{"allow":["GET"]}}],"collection":[{"href":"https:\/\/www.europesays.com\/pt\/wp-json\/wp\/v2\/posts"}],"about":[{"href":"https:\/\/www.europesays.com\/pt\/wp-json\/wp\/v2\/types\/post"}],"author":[{"embeddable":true,"href":"https:\/\/www.europesays.com\/pt\/wp-json\/wp\/v2\/users\/2"}],"replies":[{"embeddable":true,"href":"https:\/\/www.europesays.com\/pt\/wp-json\/wp\/v2\/comments?post=169467"}],"version-history":[{"count":0,"href":"https:\/\/www.europesays.com\/pt\/wp-json\/wp\/v2\/posts\/169467\/revisions"}],"wp:featuredmedia":[{"embeddable":true,"href":"https:\/\/www.europesays.com\/pt\/wp-json\/wp\/v2\/media\/52081"}],"wp:attachment":[{"href":"https:\/\/www.europesays.com\/pt\/wp-json\/wp\/v2\/media?parent=169467"}],"wp:term":[{"taxonomy":"category","embeddable":true,"href":"https:\/\/www.europesays.com\/pt\/wp-json\/wp\/v2\/categories?post=169467"},{"taxonomy":"post_tag","embeddable":true,"href":"https:\/\/www.europesays.com\/pt\/wp-json\/wp\/v2\/tags?post=169467"}],"curies":[{"name":"wp","href":"https:\/\/api.w.org\/{rel}","templated":true}]}}