{"id":169500,"date":"2025-11-29T15:38:09","date_gmt":"2025-11-29T15:38:09","guid":{"rendered":"https:\/\/www.europesays.com\/pt\/169500\/"},"modified":"2025-11-29T15:38:09","modified_gmt":"2025-11-29T15:38:09","slug":"papa-leao-xiv-nao-rezou-em-mesquita-de-istambul-como-estava-previsto-igreja-catolica","status":"publish","type":"post","link":"https:\/\/www.europesays.com\/pt\/169500\/","title":{"rendered":"Papa Le\u00e3o XIV n\u00e3o rezou em mesquita de Istambul como estava previsto | Igreja Cat\u00f3lica"},"content":{"rendered":"<p data-end=\"322\" data-start=\"59\">O Papa Le\u00e3o visitou a Mesquita Azul de Istambul no s\u00e1bado, 29 de Novembro, tirando os sapatos em sinal de respeito, mas aparentemente sem rezar. Esta foi a primeira visita do novo l\u00edder da Igreja Cat\u00f3lica a um local de culto mu\u00e7ulmano, durante uma estada de quatro dias na Turquia.<\/p>\n<p data-end=\"527\" data-start=\"324\">O primeiro <a href=\"https:\/\/www.publico.pt\/2025\/11\/27\/mundo\/noticia\/papa-leao-xiv-inicia-turquia-primeira-viagem-oficial-2156233\" rel=\"nofollow noopener\" target=\"_blank\">Papa norte-americano<\/a> inclinou-se ligeiramente antes de entrar na mesquita e foi acompanhado numa visita ao vasto complexo, com capacidade para acolher dez mil fi\u00e9is, pelo im\u00e3 e pelo mufti de Istambul.<\/p>\n<p data-end=\"723\" data-start=\"529\"><a href=\"https:\/\/www.publico.pt\/2025\/11\/27\/impar\/noticia\/jornalistas-surpreendem-papa-tartes-abobora-durante-voo-turquia-2156211\" rel=\"nofollow noopener\" target=\"_blank\">Le\u00e3o XIV<\/a>, de meias brancas, sorriu durante a visita de 20 minutos e brincou com um dos guias, o muezim principal da mesquita, respons\u00e1vel pelas chamadas di\u00e1rias para a ora\u00e7\u00e3o.<\/p>\n<p data-end=\"959\" data-start=\"725\">O Vaticano pareceu surpreendido pelo facto de Le\u00e3o n\u00e3o ter parado para rezar durante a visita e por n\u00e3o ter sido recebido na mesquita pelo chefe da organiza\u00e7\u00e3o religiosa estatal da <a href=\"https:\/\/www.publico.pt\/turquia\" rel=\"nofollow noopener\" target=\"_blank\">Turquia<\/a> como estava previsto.<\/p>\n<p data-end=\"1223\" data-start=\"961\">Cerca de tr\u00eas horas ap\u00f3s a visita, <a href=\"https:\/\/www.publico.pt\/vaticano\" rel=\"nofollow noopener\" target=\"_blank\">o Vaticano<\/a> divulgou um comunicado de imprensa a dizer que tanto a ora\u00e7\u00e3o como a recep\u00e7\u00e3o tinham ocorrido, apesar de n\u00e3o terem acontecido. O gabinete de imprensa do Vaticano afirmou que o comunicado tinha sido enviado por engano.<\/p>\n<p data-end=\"1497\" data-start=\"1293\">Askin Musa Tunca, o muezim, disse aos jornalistas, ap\u00f3s a visita \u00e0 mesquita, que perguntou a Le\u00e3o durante o percurso se desejava rezar por um momento, mas <a href=\"https:\/\/www.publico.pt\/2025\/04\/21\/video\/francisco-papa-queria-lembrado-ternura-20250306-181036\" rel=\"nofollow noopener\" target=\"_blank\">o Papa<\/a> disse que preferia apenas visitar a mesquita.<\/p>\n<p data-end=\"1706\" data-start=\"1499\"><a href=\"https:\/\/www.publico.pt\/2025\/11\/26\/impar\/noticia\/vaticano-inova-sexo-casamento-filhos-fortalece-uniao-2156105\" rel=\"nofollow noopener\" target=\"_blank\">O Vaticano<\/a> afirmou num comunicado imediatamente ap\u00f3s a visita que Le\u00e3o realizou o percurso \u201cnum esp\u00edrito de reflex\u00e3o e escuta, com profundo respeito pelo local e pela f\u00e9 daqueles que ali se re\u00fanem em ora\u00e7\u00e3o\u201d.<\/p>\n<p data-end=\"1942\" data-start=\"1708\">Embora n\u00e3o parecesse rezar durante a visita, brincou com Tunca. Quando o grupo estava a sair do edif\u00edcio, <a href=\"https:\/\/www.publico.pt\/2025\/10\/09\/mundo\/noticia\/papa-leao-xiv-apela-combate-pobreza-luta-desinformacao-2150204\" rel=\"nofollow noopener\" target=\"_blank\">o Papa<\/a> reparou que estava a ser conduzido por uma porta que normalmente serve de entrada, onde um letreiro diz: \u201cSem sa\u00edda\u201d.<\/p>\n<p data-end=\"2045\" data-start=\"1944\">\u201cDiz que n\u00e3o h\u00e1 sa\u00edda\u201d, disse <a href=\"https:\/\/www.publico.pt\/2025\/05\/08\/mundo\/noticia\/ha-fumo-branco-vaticano-conclave-ja-escolheu-novo-papa-2132365\" rel=\"nofollow noopener\" target=\"_blank\">Le\u00e3o XIV<\/a>, sorrindo. Tunca respondeu: \u201cN\u00e3o precisa de sair, pode ficar aqui.\u201d<\/p>\n<p data-end=\"2185\" data-start=\"2047\"><a href=\"https:\/\/www.publico.pt\/2025\/05\/08\/video\/habemus-papam-leao-xiv-novo-papa-20250508-182046\" rel=\"nofollow noopener\" target=\"_blank\">O Papa<\/a> est\u00e1 de visita \u00e0 Turquia at\u00e9 domingo, na sua primeira viagem ao estrangeiro como pont\u00edfice, que inclui tamb\u00e9m uma visita ao L\u00edbano.<\/p>\n<p data-end=\"2443\" data-start=\"2187\">Le\u00e3o XIV, relativamente desconhecido no panorama mundial antes de se tornar Papa em Maio, est\u00e1 a ser observado atentamente enquanto faz os primeiros discursos no estrangeiro e interage pela primeira vez com pessoas fora da It\u00e1lia maioritariamente cat\u00f3lica.<\/p>\n<p data-end=\"2672\" data-start=\"2445\">A Mesquita Azul tem oficialmente o nome do Sult\u00e3o Ahmed I, l\u00edder do<a href=\"https:\/\/www.publico.pt\/2025\/01\/15\/opiniao\/opiniao\/otomanos-chamam-2118758\" rel=\"nofollow noopener\" target=\"_blank\"> Imp\u00e9rio Otomano<\/a> de 1603 a 1617, que supervisionou a sua constru\u00e7\u00e3o. Est\u00e1 decorada com milhares de azulejos cer\u00e2micos azuis, que d\u00e3o origem ao nome popular.<\/p>\n<p>Sem visita a Haghia Sophia<\/p>\n<p data-end=\"3057\" data-start=\"2700\">A estrutura do s\u00e9culo XVII fica situada em frente \u00e0 <a href=\"https:\/\/www.publico.pt\/2020\/07\/10\/mundo\/noticia\/tribunal-turco-luz-verde-transformacao-hagia-sophia-mesquita-1923941\" rel=\"nofollow noopener\" target=\"_blank\">Hagia Sophia<\/a>, uma antiga catedral de \u00e9poca bizantina que Le\u00e3o n\u00e3o visitou, rompendo com viagens papais anteriores \u00e0 Turquia. A Hagia Sophia, um dos locais de culto mais importante do Cristianismo durante cerca de um mil\u00e9nio, foi transformada em mesquita durante 500 anos ap\u00f3s a queda do Imp\u00e9rio Bizantino.<\/p>\n<p data-end=\"3212\" data-start=\"3059\">Foi convertida em museu pela rep\u00fablica secular da Turquia h\u00e1 mais de 70 anos, mas voltou a ser mesquita <a href=\"https:\/\/www.publico.pt\/2020\/07\/10\/mundo\/noticia\/tribunal-turco-luz-verde-transformacao-hagia-sophia-mesquita-1923941\" rel=\"nofollow noopener\" target=\"_blank\">por decis\u00e3o<\/a> do Presidente Tayyip Erdogan em 2020.<\/p>\n<p data-end=\"3456\" data-start=\"3214\">O Vaticano n\u00e3o comentou a decis\u00e3o de Le\u00e3o de n\u00e3o visitar a Hagia Sophia. O falecido Papa Francisco, que visitou o edif\u00edcio durante uma viagem \u00e0 Turquia em 2014, disse em 2020 que estava \u201cmuito entristecido\u201d por este ter voltado a ser mesquita.<\/p>\n<p data-end=\"3720\" data-start=\"3458\">O Papa escolheu <a href=\"https:\/\/www.publico.pt\/2025\/03\/19\/mundo\/noticia\/turquia-detem-principal-opositor-erdogan-golpe-estado-denuncia-partido-2126497\" rel=\"nofollow noopener\" target=\"_blank\">a Turquia<\/a>, maioritariamente mu\u00e7ulmana, como o primeiro destino internacional para assinalar o 1700.\u00ba anivers\u00e1rio de um importante conc\u00edlio da Igreja realizado ali, que produziu o Credo Niceno, ainda hoje usado pela maioria dos crist\u00e3os no mundo.<\/p>\n<p data-end=\"3953\" data-start=\"3722\">Numa cerim\u00f3nia na sexta-feira para assinalar o conc\u00edlio da Igreja, com l\u00edderes crist\u00e3os de todo o M\u00e9dio Oriente, o Papa condenou a viol\u00eancia em nome da religi\u00e3o e apelou aos crist\u00e3os para ultrapassarem s\u00e9culos de divis\u00f5es intensas.<\/p>\n<p data-end=\"4130\" data-is-last-node=\"\" data-is-only-node=\"\" data-start=\"3955\">Falando a cl\u00e9rigos seniores de pa\u00edses como Turquia, Egipto, S\u00edria e Israel, Le\u00e3o afirmou ser um esc\u00e2ndalo que os 2,6 mil milh\u00f5es de crist\u00e3os do mundo n\u00e3o estivessem mais unidos.<\/p>\n","protected":false},"excerpt":{"rendered":"O Papa Le\u00e3o visitou a Mesquita Azul de Istambul no s\u00e1bado, 29 de Novembro, tirando os sapatos em&hellip;\n","protected":false},"author":2,"featured_media":169501,"comment_status":"","ping_status":"","sticky":false,"template":"","format":"standard","meta":{"footnotes":""},"categories":[50],"tags":[27,28,15,16,14,545,25,26,21,22,432,62,12,13,19,20,542,23,24,12022,4516,17,18,2428,29,30,31,63,64,65],"class_list":{"0":"post-169500","1":"post","2":"type-post","3":"status-publish","4":"format-standard","5":"has-post-thumbnail","7":"category-mundo","8":"tag-breaking-news","9":"tag-breakingnews","10":"tag-featured-news","11":"tag-featurednews","12":"tag-headlines","13":"tag-igreja-catolica","14":"tag-latest-news","15":"tag-latestnews","16":"tag-main-news","17":"tag-mainnews","18":"tag-medio-oriente","19":"tag-mundo","20":"tag-news","21":"tag-noticias","22":"tag-noticias-principais","23":"tag-noticiasprincipais","24":"tag-para-redes","25":"tag-principais-noticias","26":"tag-principaisnoticias","27":"tag-recep-tayyip-erdogan","28":"tag-religiao","29":"tag-top-stories","30":"tag-topstories","31":"tag-turquia","32":"tag-ultimas","33":"tag-ultimas-noticias","34":"tag-ultimasnoticias","35":"tag-world","36":"tag-world-news","37":"tag-worldnews"},"share_on_mastodon":{"url":"https:\/\/pubeurope.com\/@pt\/115633737304700979","error":""},"_links":{"self":[{"href":"https:\/\/www.europesays.com\/pt\/wp-json\/wp\/v2\/posts\/169500","targetHints":{"allow":["GET"]}}],"collection":[{"href":"https:\/\/www.europesays.com\/pt\/wp-json\/wp\/v2\/posts"}],"about":[{"href":"https:\/\/www.europesays.com\/pt\/wp-json\/wp\/v2\/types\/post"}],"author":[{"embeddable":true,"href":"https:\/\/www.europesays.com\/pt\/wp-json\/wp\/v2\/users\/2"}],"replies":[{"embeddable":true,"href":"https:\/\/www.europesays.com\/pt\/wp-json\/wp\/v2\/comments?post=169500"}],"version-history":[{"count":0,"href":"https:\/\/www.europesays.com\/pt\/wp-json\/wp\/v2\/posts\/169500\/revisions"}],"wp:featuredmedia":[{"embeddable":true,"href":"https:\/\/www.europesays.com\/pt\/wp-json\/wp\/v2\/media\/169501"}],"wp:attachment":[{"href":"https:\/\/www.europesays.com\/pt\/wp-json\/wp\/v2\/media?parent=169500"}],"wp:term":[{"taxonomy":"category","embeddable":true,"href":"https:\/\/www.europesays.com\/pt\/wp-json\/wp\/v2\/categories?post=169500"},{"taxonomy":"post_tag","embeddable":true,"href":"https:\/\/www.europesays.com\/pt\/wp-json\/wp\/v2\/tags?post=169500"}],"curies":[{"name":"wp","href":"https:\/\/api.w.org\/{rel}","templated":true}]}}