{"id":169589,"date":"2025-11-29T17:03:13","date_gmt":"2025-11-29T17:03:13","guid":{"rendered":"https:\/\/www.europesays.com\/pt\/169589\/"},"modified":"2025-11-29T17:03:13","modified_gmt":"2025-11-29T17:03:13","slug":"xiaomi-revela-a-lista-de-dispositivos-que-vao-receber-o-hyperos-3-ja-em-dezembro","status":"publish","type":"post","link":"https:\/\/www.europesays.com\/pt\/169589\/","title":{"rendered":"Xiaomi revela a lista de dispositivos que v\u00e3o receber o HyperOS 3 j\u00e1 em dezembro"},"content":{"rendered":"<p class=\"leading\">\n                Acaba de ser conhecido o calend\u00e1rio de dezembro do HyperOS 3. H\u00e1 mais um lote de dispositivos Xiaomi que v\u00e3o receber o novo sistema operativo.            <\/p>\n<p>        <img decoding=\"async\" alt=\"xiaomi\" height=\"900\" src=\"https:\/\/www.europesays.com\/pt\/wp-content\/uploads\/2025\/11\/hyperos-3.jpg\" width=\"1600\" fetchpriority=\"high\"\/><br \/>\nXiaomi<\/p>\n<p><a href=\"https:\/\/whatsapp.com\/channel\/0029Va54F7B7j6gBNXobAM16\" rel=\"nofollow noopener\" class=\"banner-deals mb20 banner-deals-rotation banner-deals-rotation--whatsapp\" target=\"_blank\"><\/p>\n<p>        Entra no nosso canal Whatsapp<br \/>e recebe as melhores ofertas<\/p>\n<p>        ENTRAR\n    <\/p>\n<p><\/a><\/p>\n<p>A <strong>Xiaomi<\/strong> finalizou a lista oficial de dispositivos que v\u00e3o receber a atualiza\u00e7\u00e3o <a href=\"https:\/\/4gnews.pt\/hyperos-3-estas-sao-as-principais-novidades-da-atualizacao-de-novembro\/\" target=\"_blank\" rel=\"noreferrer noopener nofollow\"><strong>HyperOS 3<\/strong><\/a> em <strong>dezembro<\/strong>. A nova vers\u00e3o aposta em melhorias de intelig\u00eancia artificial em todo o sistema, \u00edcones renovados, anima\u00e7\u00f5es mais fluidas e uma <strong>Super Island<\/strong> mais responsiva.<\/p>\n<p>Com base nas compila\u00e7\u00f5es internas mais recentes, v\u00e1rios smartphones e tablets j\u00e1 t\u00eam firmware est\u00e1vel pronto para lan\u00e7amento enquanto outros continuam em fase de testes.<\/p>\n<p>Dispositivos recebem o HyperOS 3 em dezembro<\/p>\n<p>A linha <strong>Xiaomi <\/strong>e <strong>MIX <\/strong>lidera a implementa\u00e7\u00e3o global. As vers\u00f5es em baixo devem chegar ao longo de dezembro. O foco principal destas atualiza\u00e7\u00f5es \u00e9 a estabilidade do sistema e a integra\u00e7\u00e3o das novas capacidades de IA.<\/p>\n<p>Xiaomi Pad Mini, <a href=\"https:\/\/4gnews.pt\/xiaomi-mix-flip-review\/\" rel=\"nofollow noopener\" target=\"_blank\">Xiaomi MIX Flip<\/a>, <a href=\"https:\/\/4gnews.pt\/xiaomi-14-review\/\" rel=\"nofollow noopener\" target=\"_blank\">Xiaomi 14<\/a>, <a href=\"https:\/\/4gnews.pt\/xiaomi-14-ultra-review\/\" rel=\"nofollow noopener\" target=\"_blank\">Xiaomi 14 Ultra<\/a>, <a href=\"https:\/\/4gnews.pt\/xiaomi-14t-pro-review\/\" rel=\"nofollow noopener\" target=\"_blank\">Xiaomi 14T Pro<\/a>. Al\u00e9m disso, h\u00e1 um modelo que ainda n\u00e3o \u00e9 certo que seja lan\u00e7ado no pr\u00f3ximo m\u00eas: o Xiaomi 14T.<\/p>\n<p>Os equipamentos <strong>Redmi <\/strong>tamb\u00e9m contam com vers\u00f5es est\u00e1veis finalizadas. Os modelos mais recentes da gama m\u00e9dia est\u00e3o inclu\u00eddos, refor\u00e7ando o compromisso da Xiaomi com um calend\u00e1rio de atualiza\u00e7\u00f5es abrangente.<\/p>\n<p><a href=\"https:\/\/4gnews.pt\/redmi-note-14-review\/\" rel=\"nofollow noopener\" target=\"_blank\">Redmi Note 14 4G<\/a>, Redmi Note 14 Pro 4G, Redmi 14C, Redmi 13 e 13X, Redmi Pad 2 4G, Redmi Pad 2 Wi-Fi. Tamb\u00e9m neste caso h\u00e1 v\u00e1rios modelos que ainda n\u00e3o est\u00e3o prontos, n\u00e3o sendo certo que sejam lan\u00e7ados at\u00e9 ao final do ano: Redmi Note 13 Pro, Redmi 15, Redmi Pad 2 Pro 5G e Redmi Pad 2 Pro Wi-Fi.<\/p>\n<p>Al\u00e9m disso, como muitos modelos POCO derivam dos Redmi K na China, <a href=\"https:\/\/4gnews.pt\/xiaomi-chegou-o-calendario-do-hyperos-3-para-o-poco-consulta-aqui-os-modelos-e-datas\/\" target=\"_blank\" rel=\"noreferrer noopener nofollow\">v\u00e1rios modelos POCO tamb\u00e9m v\u00e3o receber<\/a> a nova atualiza\u00e7\u00e3o em dezembro.<\/p>\n<p><strong>V\u00ea tamb\u00e9m: <a href=\"https:\/\/4gnews.pt\/5-telemoveis-xiaomi-para-comprares-hoje-na-black-friday-com-descontos-ate-33\/\" rel=\"nofollow noopener\" target=\"_blank\">5 telem\u00f3veis Xiaomi para comprares hoje na Black Friday com descontos at\u00e9 33%<\/a><\/strong><\/p>\n<p>Promo\u00e7\u00e3o do dia<br \/>\n<a href=\"https:\/\/amzn.to\/3XoDdBi\" target=\"_blank\" rel=\"nofollow noreferrer noopener\"><img decoding=\"async\" alt=\"Xiaomi Redmi Note 14 Pro 5G\" height=\"488\" width=\"650\" class=\"lazyload\" src=\"https:\/\/www.europesays.com\/pt\/wp-content\/uploads\/2025\/11\/xiaomi-redmi-note-14-pro-5g.jpg\" loading=\"lazy\"\/><\/a><\/p>\n<p>249,00 \u20acamazon<\/p>\n<p>299,00 \u20ac-17%<\/p>\n<p class=\"inline-related-title\">Editores 4gnews recomendam:<\/p>\n","protected":false},"excerpt":{"rendered":"Acaba de ser conhecido o calend\u00e1rio de dezembro do HyperOS 3. H\u00e1 mais um lote de dispositivos Xiaomi&hellip;\n","protected":false},"author":2,"featured_media":169590,"comment_status":"","ping_status":"","sticky":false,"template":"","format":"standard","meta":{"footnotes":""},"categories":[84],"tags":[109,107,108,32,33,105,103,104,106,110],"class_list":{"0":"post-169589","1":"post","2":"type-post","3":"status-publish","4":"format-standard","5":"has-post-thumbnail","7":"category-ciencia-e-tecnologia","8":"tag-ciencia","9":"tag-ciencia-e-tecnologia","10":"tag-cienciaetecnologia","11":"tag-portugal","12":"tag-pt","13":"tag-science","14":"tag-science-and-technology","15":"tag-scienceandtechnology","16":"tag-technology","17":"tag-tecnologia"},"share_on_mastodon":{"url":"https:\/\/pubeurope.com\/@pt\/115634071577763285","error":""},"_links":{"self":[{"href":"https:\/\/www.europesays.com\/pt\/wp-json\/wp\/v2\/posts\/169589","targetHints":{"allow":["GET"]}}],"collection":[{"href":"https:\/\/www.europesays.com\/pt\/wp-json\/wp\/v2\/posts"}],"about":[{"href":"https:\/\/www.europesays.com\/pt\/wp-json\/wp\/v2\/types\/post"}],"author":[{"embeddable":true,"href":"https:\/\/www.europesays.com\/pt\/wp-json\/wp\/v2\/users\/2"}],"replies":[{"embeddable":true,"href":"https:\/\/www.europesays.com\/pt\/wp-json\/wp\/v2\/comments?post=169589"}],"version-history":[{"count":0,"href":"https:\/\/www.europesays.com\/pt\/wp-json\/wp\/v2\/posts\/169589\/revisions"}],"wp:featuredmedia":[{"embeddable":true,"href":"https:\/\/www.europesays.com\/pt\/wp-json\/wp\/v2\/media\/169590"}],"wp:attachment":[{"href":"https:\/\/www.europesays.com\/pt\/wp-json\/wp\/v2\/media?parent=169589"}],"wp:term":[{"taxonomy":"category","embeddable":true,"href":"https:\/\/www.europesays.com\/pt\/wp-json\/wp\/v2\/categories?post=169589"},{"taxonomy":"post_tag","embeddable":true,"href":"https:\/\/www.europesays.com\/pt\/wp-json\/wp\/v2\/tags?post=169589"}],"curies":[{"name":"wp","href":"https:\/\/api.w.org\/{rel}","templated":true}]}}