{"id":169605,"date":"2025-11-29T17:20:20","date_gmt":"2025-11-29T17:20:20","guid":{"rendered":"https:\/\/www.europesays.com\/pt\/169605\/"},"modified":"2025-11-29T17:20:20","modified_gmt":"2025-11-29T17:20:20","slug":"o-que-entrou-no-parlamento","status":"publish","type":"post","link":"https:\/\/www.europesays.com\/pt\/169605\/","title":{"rendered":"o que entrou no Parlamento"},"content":{"rendered":"<p class=\"wp-caption-text top\"><a href=\"https:\/\/commons.wikimedia.org\/wiki\/File:Calceteiro.JPG\" rel=\"nofollow external noopener noreferrer\" data-wpel-link=\"external\" target=\"_blank\" class=\"ext-link\">Miguelgouveia71 \/ Wikimedia<\/a><\/p>\n<p><img decoding=\"async\" loading=\"lazy\" class=\"size-kopa-image-size-3 wp-image-714231\" src=\"https:\/\/www.europesays.com\/pt\/wp-content\/uploads\/2025\/11\/733f986b4baf48b834e7255cbae6ece5-783x450.jpg\" alt=\"\" width=\"700\" height=\"402\"  \/><\/p>\n<p><strong>Muito foco na viol\u00eancia dom\u00e9stica ao longo da \u00faltima semana, entre as iniciativas apresentadas oficialmente em S\u00e3o Bento.<\/strong><\/p>\n<p>A prioridade dos deputados e do pr\u00f3prio Governo foi clara, ao longo da \u00faltima semana: <a href=\"https:\/\/zap.aeiou.pt\/orcamento-aprovado-valvula-escape-714089\" data-wpel-link=\"internal\" rel=\"nofollow noopener\" target=\"_blank\">vota\u00e7\u00f5es<\/a> do Or\u00e7amento do Estado para 2026.<\/p>\n<p>Mas, no meio de tantas vota\u00e7\u00f5es na especialidade, proposta ap\u00f3s proposta, houve muitas outras iniciativas que foram apresentadas formalmente no Parlamento. Como acontece todas as semanas. Estas talvez tenham passado mais despercebidas do que noutras fases do ano.<\/p>\n<p>Espreit\u00e1mos o <a href=\"https:\/\/www.parlamento.pt\/Paginas\/UltimasIniciativasEntradas.aspx\" data-wpel-link=\"external\" target=\"_blank\" rel=\"nofollow external noopener noreferrer\" class=\"ext-link\">site do Parlamento<\/a> e deixamos aqui o resumo do que foi apresentado desde ter\u00e7a-feira, 25 de Novembro (na segunda-feira nada deu entrada).<\/p>\n<p>Esse dia, 25, foi o Dia Internacional para a Elimina\u00e7\u00e3o da Viol\u00eancia Contra as Mulheres. Por isso, o PAN apresentou tr\u00eas projectos (dois de resolu\u00e7\u00e3o e um de lei) sobre o assunto.<\/p>\n<p>No dia seguinte, o PS prolongou o assunto. Al\u00e9m disso, sugeriu a inclus\u00e3o da <a href=\"https:\/\/app.parlamento.pt\/webutils\/docs\/doc.pdf?path=LGDcx%252bvAaKF1o%252b992SAOxeUMS1NebhlkOH29rVY91JdtHAI6wOIcBMaRRJMwcp7up%252fL1YYZQdHa9V1xQsBar%252b3ZUeYW%252b%252b2IH4OIdPP%252bck471UGs5x7LK7YIdS%252fT3KYheD%252bUmFjNcgCV2z4KiAKM6pRtoD6DhFTqXBaWfD2sBKLIT%252bD9EAclkyK5L1xJfQgu4D7GtOw96S%252b5%252fC%252fS4ewbvPeUnDJqL%252bTxfXYK9GLzSbbVoBoqfZJdbFLakOP%252f%252fDdAgpz2ruMQmbc%252frdSA4jR%252fZlgojLGmhi5et3MdrCUvR59mkMzDFEiwGwSc%252f2Ara%252fNG3Y4oOJ0yhgVhrOnUB39luUtFVAOrntiw4txvaJZx5pDpjGmxujw6ZNvpXQOAydT0i&amp;fich=7b7e49ba-c395-47fe-888b-0b54bd5ca47c.docx&amp;Inline=true\" data-wpel-link=\"external\" target=\"_blank\" rel=\"nofollow external noopener noreferrer\" class=\"ext-link\">Associa\u00e7\u00e3o \u00c9vora 2027<\/a> na lista oficial das entidades culturais eleg\u00edveis para investimento por Autoriza\u00e7\u00e3o de Resid\u00eancia para Actividade de Investimento (ARI). No mesmo dia, o PSD entregou um projecto de resolu\u00e7\u00e3o para instituir o dia 22 de Julho como o <a href=\"https:\/\/app.parlamento.pt\/webutils\/docs\/doc.pdf?path=alic01XMigUyoAEFxMeFUGQyk4aH3rn0SmueHtb3DkcI4mHgztA9QQfgVs8OUjNSubajOLNzVBCDuM0ThTDHtZ2I0y5SX34u0AgaSwKKPcuX05w6RkrPMxM%252f5K65Fc%252bWLpeuagqGJdwtPOsJGQC7wzrvV9y1mTsZMBwB8pDu7FQtmRL6BJo2hy06WiGa%252fj75CyTdp9YFVoGUw3agDKZLjdm85t74B2HKtknhYxbaTKc7QEV6TZfP%252f7d%252fZp6qz7IEJyLc3zldRKB4aqjBiO%252b1Fo4n93UXjGlVWCMfWo%252fbwfrYgHQ72bT5MVy%252fjWs%252bXWWfgqcE93SrxKt0kTUCqe3oFw%253d%253d&amp;fich=9da7af11-7072-46f0-a766-b1d260cfee06.docx&amp;Inline=true\" data-wpel-link=\"external\" target=\"_blank\" rel=\"nofollow external noopener noreferrer\" class=\"ext-link\">Dia Nacional do Calceteiro<\/a> e da Cal\u00e7ada Portuguesa.<\/p>\n<p>J\u00e1 na quinta-feira, o dinheiro do dia-a-dia entrou em cena.<\/p>\n<p>O BE defende que o sal\u00e1rio m\u00ednimo nacional deve subir para <a href=\"https:\/\/app.parlamento.pt\/webutils\/docs\/doc.pdf?path=N3l2nuotW42tgMI454NmGGqv5tbblZV792gGIFSbypSYCr5H2ZdVsIUOmd%252frQ9bUJaQ2nFKmzMUknVb5bwvnRhPkfsoa2VdqfObxUtOpGVKAuFOpRzMcCaPCmko6bTDHuyf0LJTcU7ti3mN%252fwWb%252bGyhjECRIJfz6Ln1w9q1mFgox5SivTd41qG%252fAnG%252bCv8G7oTPR4buTz45EZxr6k0gqYSbQ7TzfPZOwRRwxK0CnQPAQS8a%252bxTcQ%252fTe5QuqWOeAPn23jfoLFv5hTKd5AplSkDTth0G8tpnnzSXDp%252brWEKKabOUuNHtL9lfwF3r0hR8YUiAzWQLZsOMn5GeNcPtFISXutK6ywq7JWil0TwaXEzYI%253d&amp;fich=581a5f14-bf28-4b22-867f-555fd7b12c0b.docx&amp;Inline=true\" data-wpel-link=\"external\" target=\"_blank\" rel=\"nofollow external noopener noreferrer\" class=\"ext-link\">1020 euros<\/a> j\u00e1 em Janeiro do pr\u00f3ximo ano.<\/p>\n<p>\u00c0 volta do mesmo contexto, mas sem n\u00fameros, o PSD defendeu que deve haver evolu\u00e7\u00e3o do debate sobre o progressivo <a href=\"https:\/\/app.parlamento.pt\/webutils\/docs\/doc.pdf?path=r%252fGAKU%252b1JdQJQeze9udQoadw6WSj%252fsz0cVpmMN4acmIiwRGwOuIdWhD8vQMQekH10MBdIiOtsqWkYaOjycOZH1G9Mb7UTNeNbttJJyUBXVq0lpXFqhdP6kzcSX1ICJDh%252f%252bUuuMYLbKcl%252fF4C5W8gf7klQt7L0sNYyqhwAzy7x2s6szIl3GUgPzKrQfPgv0ypbaBQ5hq8LWwk6T%252byRii1O1G2K%252fos4hmNpi9KrQ2vI3bk5bAVPEijh0mHVsAYqKbAnTzs0gl6JMWGYZH1MfN324dfiEUn1WfLpXvd5dCQA4Xd3k6Y3Vp2JvZKUoYJTmxDz5axNnxnvWLQACXWqPz5jygPwT7NPIABB6Leh%252bA8ryU%253d&amp;fich=ac7e4cd2-b751-4edb-baa9-ee3f9921c61a.docx&amp;Inline=true\" data-wpel-link=\"external\" target=\"_blank\" rel=\"nofollow external noopener noreferrer\" class=\"ext-link\">aumento dos rendimentos<\/a> dos cidad\u00e3os, com evolu\u00e7\u00e3o da Retribui\u00e7\u00e3o M\u00ednima Mensal Garantida e do Sal\u00e1rio M\u00e9dio; tenta assim um \u201cbenef\u00edcio claro para a melhoria dos rendimentos dos trabalhadores\u201d.<\/p>\n<p>Tamb\u00e9m o PSD quer que haja novas propostas para uma uma efectiva <a href=\"https:\/\/app.parlamento.pt\/webutils\/docs\/doc.pdf?path=%252bnZWpu%252bbomI%252bwcIpbSmv8qoyrsWS4oqnjtjP4hi72NKZ8xb4fNOBt4RcbznM%252bvb%252bD9oVI41%252bqdS2U8oVWY89TOjFuQTWJEs7Cm50fY%252f9w4Cd%252fRfohWwEF7ylp2jYMUh7E4%252bKHKXr5fLftVbAdxtLnfIbGd1UF8H98eq3qF%252bLWxNq2G0zMrp0ihAozJ%252feGpqXv5%252bKYckXbeI1EvrfqtBBzPabiZdbQbgJMc%252bqw%252brtlDemrpQ2Xc28kvOqR4qCd%252fu0NlsIB5vGEbWMU%252fd4tug0zWspLf%252bHJ4qHXrFyfo6xwkI%252fv2QbQ%252bnhndrQIBeKbKWtnMhn1ZtA0r7jESg0qLbiMliKl57Tdg68RL5WhUW07OI%253d&amp;fich=433798b9-89db-4066-8c73-1c7944f10357.docx&amp;Inline=true\" data-wpel-link=\"external\" target=\"_blank\" rel=\"nofollow external noopener noreferrer\" class=\"ext-link\">concilia\u00e7\u00e3o<\/a> da vida pessoal e profissional dos trabalhadores, no mercado de trabalho portugu\u00eas.<\/p>\n<p>Por fim, na sexta-feira, PSD e CDS-PP apresentam um projecto-de-lei que transforma <a href=\"https:\/\/app.parlamento.pt\/webutils\/docs\/doc.pdf?path=Pf%252fHN9NFvgDHxJsil4urwMGLPd4uaWgs6XLlPa7hJa5H%252f7WgUienjSqvfQE44tco8LWQ8GyuXqtSBLgKHYFwPaiuP2oIWxSQXAQZMhGpw7p9D2ZUtoBhyJTxYZGSP%252fYJWzNDjiNkO6BXyQI3Qd2L6AG6Ge1aWpwCYJfZ1rfF3OR2%252fAefwyJzk%252fDwF94CE2DQjT5n7XO%252br%252fenYeuKsLT4JBiZBXxrpH6IfCQ18DBWq6KIm6X08htieWheqMTv8xqt2EDaA7Lnmxs1CKEeK6iHxPEPVtPmB4F%252fMmCgQ6KlurR25fmn9fcz5qyMDGs5Z9Xr%252f8RMjZep9Syec9M2CTkWgda%252fKx4gvVvJ5Csew2LeAz8%253d&amp;fich=ab9b00b6-9fc8-4baf-aeb1-77c10f5b00c4.docx&amp;Inline=true\" data-wpel-link=\"external\" target=\"_blank\" rel=\"nofollow external noopener noreferrer\" class=\"ext-link\">Vila Vi\u00e7osa<\/a> em vila hist\u00f3rica. Entra em vigor j\u00e1 neste s\u00e1bado, dia 29.<\/p>\n<p style=\"padding-left: 25px; margin-bottom: 10; font-family: Roboto, Arial, Helvetica, sans-serif; font-size: 15px\">&#13;<br \/>\n        Nuno Teixeira da Silva, ZAP \/\/ <a href=\"\" data-wpel-link=\"internal\"\/>&#13;\n    <\/p>\n<p>    <a href=\"https:\/\/zap.aeiou.pt\/subscrever-newsletter\" data-wpel-link=\"internal\" rel=\"nofollow noopener\" target=\"_blank\">&#13;<br \/>\n        <img loading=\"lazy\" decoding=\"async\" class=\"aligncenter size-full wp-image-575475\" src=\"https:\/\/www.europesays.com\/pt\/wp-content\/uploads\/2025\/11\/2d51fe4a0ba54894421ead1809309ed9-1-450x140.jpg\" alt=\"Subscreva a Newsletter ZAP\" width=\"450\" height=\"140\"\/>&#13;<br \/>\n    <\/a><\/p>\n<p>                <a href=\"https:\/\/whatsapp.com\/channel\/0029VaIC4EE2f3EJZPPSbR34\" data-wpel-link=\"external\" target=\"_blank\" rel=\"nofollow external noopener noreferrer\" class=\"ext-link\">&#13;<br \/>\n                    <img loading=\"lazy\" decoding=\"async\" class=\"aligncenter size-full wp-image-575475\" src=\"https:\/\/www.europesays.com\/pt\/wp-content\/uploads\/2025\/11\/c68c559d956d4ca20f435ed74a6e71e6.png\" alt=\"Siga-nos no WhatsApp\" width=\"175\" height=\"64\"\/>&#13;<br \/>\n                <\/a><\/p>\n<p>                <a href=\"https:\/\/news.google.com\/publications\/CAAiEHRwZondIV71PDjWNoqMduEqFAgKIhB0cGaJ3SFe9Tw41jaKjHbh?hl=en-US&amp;gl=US&amp;ceid=US%3Aen\" data-wpel-link=\"external\" target=\"_blank\" rel=\"nofollow external noopener noreferrer\" class=\"ext-link\">&#13;<br \/>\n                    <img loading=\"lazy\" decoding=\"async\" class=\"aligncenter size-full wp-image-575475\" src=\"https:\/\/www.europesays.com\/pt\/wp-content\/uploads\/2025\/11\/5123dd8b087b644fdb8f8603acd1bad4.png\" alt=\"Siga-nos no Google News\" width=\"176\" height=\"64\"\/>&#13;<br \/>\n                <\/a><\/p>\n","protected":false},"excerpt":{"rendered":"Miguelgouveia71 \/ Wikimedia Muito foco na viol\u00eancia dom\u00e9stica ao longo da \u00faltima semana, entre as iniciativas apresentadas oficialmente&hellip;\n","protected":false},"author":2,"featured_media":169606,"comment_status":"","ping_status":"","sticky":false,"template":"","format":"standard","meta":{"footnotes":""},"categories":[10],"tags":[27,28,15,16,14,25,26,21,22,12,13,19,20,4532,52,32,23,24,33,17,18,29,30,31],"class_list":{"0":"post-169605","1":"post","2":"type-post","3":"status-publish","4":"format-standard","5":"has-post-thumbnail","7":"category-portugal","8":"tag-breaking-news","9":"tag-breakingnews","10":"tag-featured-news","11":"tag-featurednews","12":"tag-headlines","13":"tag-latest-news","14":"tag-latestnews","15":"tag-main-news","16":"tag-mainnews","17":"tag-news","18":"tag-noticias","19":"tag-noticias-principais","20":"tag-noticiasprincipais","21":"tag-parlamento","22":"tag-politica","23":"tag-portugal","24":"tag-principais-noticias","25":"tag-principaisnoticias","26":"tag-pt","27":"tag-top-stories","28":"tag-topstories","29":"tag-ultimas","30":"tag-ultimas-noticias","31":"tag-ultimasnoticias"},"share_on_mastodon":{"url":"https:\/\/pubeurope.com\/@pt\/115634138633952760","error":""},"_links":{"self":[{"href":"https:\/\/www.europesays.com\/pt\/wp-json\/wp\/v2\/posts\/169605","targetHints":{"allow":["GET"]}}],"collection":[{"href":"https:\/\/www.europesays.com\/pt\/wp-json\/wp\/v2\/posts"}],"about":[{"href":"https:\/\/www.europesays.com\/pt\/wp-json\/wp\/v2\/types\/post"}],"author":[{"embeddable":true,"href":"https:\/\/www.europesays.com\/pt\/wp-json\/wp\/v2\/users\/2"}],"replies":[{"embeddable":true,"href":"https:\/\/www.europesays.com\/pt\/wp-json\/wp\/v2\/comments?post=169605"}],"version-history":[{"count":0,"href":"https:\/\/www.europesays.com\/pt\/wp-json\/wp\/v2\/posts\/169605\/revisions"}],"wp:featuredmedia":[{"embeddable":true,"href":"https:\/\/www.europesays.com\/pt\/wp-json\/wp\/v2\/media\/169606"}],"wp:attachment":[{"href":"https:\/\/www.europesays.com\/pt\/wp-json\/wp\/v2\/media?parent=169605"}],"wp:term":[{"taxonomy":"category","embeddable":true,"href":"https:\/\/www.europesays.com\/pt\/wp-json\/wp\/v2\/categories?post=169605"},{"taxonomy":"post_tag","embeddable":true,"href":"https:\/\/www.europesays.com\/pt\/wp-json\/wp\/v2\/tags?post=169605"}],"curies":[{"name":"wp","href":"https:\/\/api.w.org\/{rel}","templated":true}]}}