{"id":169617,"date":"2025-11-29T17:29:27","date_gmt":"2025-11-29T17:29:27","guid":{"rendered":"https:\/\/www.europesays.com\/pt\/169617\/"},"modified":"2025-11-29T17:29:27","modified_gmt":"2025-11-29T17:29:27","slug":"investigadores-detetam-e-eliminam-mutacoes-causadoras-de-varios-tipos-de-cancro","status":"publish","type":"post","link":"https:\/\/www.europesays.com\/pt\/169617\/","title":{"rendered":"Investigadores detetam e eliminam muta\u00e7\u00f5es causadoras de v\u00e1rios tipos de cancro"},"content":{"rendered":"<p>            <a href=\"https:\/\/i0.wp.com\/recordeuropa.com\/wp-content\/uploads\/2023\/11\/estudo-portugues-sobre-eficacia-das-vacinas-antialergicas-recruta-voluntarios.jpg?fit=1920%2C1282&amp;quality=100&amp;ssl=1\" data-caption=\"\u00a9 Envato\" rel=\"nofollow noopener\" target=\"_blank\"><img loading=\"lazy\" decoding=\"async\" width=\"696\" height=\"465\" class=\"entry-thumb td-modal-image\" src=\"https:\/\/www.europesays.com\/pt\/wp-content\/uploads\/2025\/11\/estudo-portugues-sobre-eficacia-das-vacinas-antialergicas-recruta-voluntarios.jpg\"   alt=\"estudo portugues sobre eficacia das vacinas antialergicas recruta voluntarios\" title=\"estudo portugues sobre eficacia das vacinas antialergicas recruta voluntarios\"\/><\/a>\u00a9 Envato<\/p>\n<p>Muta\u00e7\u00f5es do gene KRAS causam cancro do pulm\u00e3o, do p\u00e2ncreas e do c\u00f3lon.<\/p>\n<p>Investigadores espanh\u00f3is conseguiram detetar e eliminar muta\u00e7\u00f5es no gene KRAS que podem impulsionar o desenvolvimento de v\u00e1rios tipos de cancro, noticiou a Europa Press.<\/p>\n<p>\u201cO estudo representa um marco ao demonstrar que \u00e9 poss\u00edvel eliminar muta\u00e7\u00f5es-chave diretamente do ADN tumoral. (\u2026) Pode redefinir a forma como abordamos certos tipos de cancro\u201d, disse o professor da Universidade de Granada e l\u00edder da investiga\u00e7\u00e3o do Genyo, Pedro P. Medina.<\/p>\n<p>O gene KRAS atua como um interruptor molecular que informa as c\u00e9lulas sobre quando devem crescer e dividir-se, segundo os investigadores do Centro de Investiga\u00e7\u00e3o Gen\u00f3mica e Oncol\u00f3gica da Pfizer da Universidade de Granada e do Governo Regional da Andaluzia, que realizaram o estudo, em Espanha.<\/p>\n<p>De acordo com o estudo, quando o KRAS sofre uma muta\u00e7\u00e3o, \u201ceste interruptor fica preso na posi\u00e7\u00e3o ligado\u201d, causando uma multiplica\u00e7\u00e3o descontrolada\u201d que resulta em tumores agressivos e um mau progn\u00f3stico (previs\u00e3o sobre o desenvolvimento de uma doen\u00e7a), refere a Europa Press.<\/p>\n<p>As muta\u00e7\u00f5es do gene KRAS causam cancro do pulm\u00e3o, do p\u00e2ncreas e do c\u00f3lon, alguns dos mais letais, segundo a investiga\u00e7\u00e3o.<\/p>\n<p>Para eliminar as muta\u00e7\u00f5es associadas ao crescimento tumoral, os investigadores desenvolveram uma terapia baseada no sistema de edi\u00e7\u00e3o gen\u00e9tica HiFi-Cas9.<\/p>\n<p>\u201cEm vez de bloquear a prote\u00edna j\u00e1 produzida pela c\u00e9lula, pensamos eliminar a muta\u00e7\u00e3o na sua origem gen\u00e9tica. Desta forma, o tumor perde a base para o seu crescimento\u201d, indicou Medina.<\/p>\n<p>O sistema utilizado permite aos cientistas editar o DNA com precis\u00e3o, cortando e modificando genes espec\u00edficos para tratar doen\u00e7as, sendo este, uma vers\u00e3o de \u201calta fidelidade do sistema de edi\u00e7\u00e3o gen\u00e9tica CRISPR-Cas9\u201d, segundo a Europa Press.<\/p>\n<p>A estrat\u00e9gia foi validada em testes com c\u00e9lulas e em tecidos de ratos com cancro do pulm\u00e3o.<\/p>\n<p>Nas c\u00e9lulas, a edi\u00e7\u00e3o gen\u00e9tica \u201creduziu drasticamente a viabilidade das c\u00e9lulas tumorais portadoras do KRAS mutado\u201d segundo a Europa Press.<\/p>\n<p>Nos tecidos de ratos, a edi\u00e7\u00e3o com HiFi-Cas9 atrasou \u201csignificativamente o crescimento tumoral\u201d e em alguns casos, a efic\u00e1cia foi ainda superior \u00e0 do mediamento para o cancro do pulm\u00e3o Sotorasibe, segundo a mesma fonte.<\/p>\n<p>Medina indicou que a terapia ainda n\u00e3o pode ser usada nos pacientes e destacou que \u00e9 necess\u00e1rio descobrir como utilizar a edi\u00e7\u00e3o com HiFi-Cas9 de forma eficiente, garantindo a seguran\u00e7a dos utentes a longo prazo.<\/p>\n","protected":false},"excerpt":{"rendered":"\u00a9 Envato Muta\u00e7\u00f5es do gene KRAS causam cancro do pulm\u00e3o, do p\u00e2ncreas e do c\u00f3lon. Investigadores espanh\u00f3is conseguiram&hellip;\n","protected":false},"author":2,"featured_media":169618,"comment_status":"","ping_status":"","sticky":false,"template":"","format":"standard","meta":{"footnotes":""},"categories":[86],"tags":[1207,116,32,33,117],"class_list":{"0":"post-169617","1":"post","2":"type-post","3":"status-publish","4":"format-standard","5":"has-post-thumbnail","7":"category-saude","8":"tag-cancro","9":"tag-health","10":"tag-portugal","11":"tag-pt","12":"tag-saude"},"share_on_mastodon":{"url":"https:\/\/pubeurope.com\/@pt\/115634173921030451","error":""},"_links":{"self":[{"href":"https:\/\/www.europesays.com\/pt\/wp-json\/wp\/v2\/posts\/169617","targetHints":{"allow":["GET"]}}],"collection":[{"href":"https:\/\/www.europesays.com\/pt\/wp-json\/wp\/v2\/posts"}],"about":[{"href":"https:\/\/www.europesays.com\/pt\/wp-json\/wp\/v2\/types\/post"}],"author":[{"embeddable":true,"href":"https:\/\/www.europesays.com\/pt\/wp-json\/wp\/v2\/users\/2"}],"replies":[{"embeddable":true,"href":"https:\/\/www.europesays.com\/pt\/wp-json\/wp\/v2\/comments?post=169617"}],"version-history":[{"count":0,"href":"https:\/\/www.europesays.com\/pt\/wp-json\/wp\/v2\/posts\/169617\/revisions"}],"wp:featuredmedia":[{"embeddable":true,"href":"https:\/\/www.europesays.com\/pt\/wp-json\/wp\/v2\/media\/169618"}],"wp:attachment":[{"href":"https:\/\/www.europesays.com\/pt\/wp-json\/wp\/v2\/media?parent=169617"}],"wp:term":[{"taxonomy":"category","embeddable":true,"href":"https:\/\/www.europesays.com\/pt\/wp-json\/wp\/v2\/categories?post=169617"},{"taxonomy":"post_tag","embeddable":true,"href":"https:\/\/www.europesays.com\/pt\/wp-json\/wp\/v2\/tags?post=169617"}],"curies":[{"name":"wp","href":"https:\/\/api.w.org\/{rel}","templated":true}]}}