{"id":169621,"date":"2025-11-29T17:31:12","date_gmt":"2025-11-29T17:31:12","guid":{"rendered":"https:\/\/www.europesays.com\/pt\/169621\/"},"modified":"2025-11-29T17:31:12","modified_gmt":"2025-11-29T17:31:12","slug":"baleias-e-golfinhos-mostram-niveis-recordes-de-substancias-quimicas-em-aguas-profundas-noticias-r7","status":"publish","type":"post","link":"https:\/\/www.europesays.com\/pt\/169621\/","title":{"rendered":"Baleias e golfinhos mostram n\u00edveis recordes de subst\u00e2ncias qu\u00edmicas em \u00e1guas profundas \u2013 Noticias R7"},"content":{"rendered":"<p><img decoding=\"async\" data-chromatic=\"ignore\" alt=\"\" class=\"c-image\" loading=\"lazy\" src=\"https:\/\/www.europesays.com\/pt\/wp-content\/uploads\/2025\/11\/SS6IC75RTBHG3BDRX33N3BVLBI.jpeg\"  width=\"2048\" height=\"1152\"\/>PFAS atingem at\u00e9 golfinhos e baleias de \u00e1guas profundas (Imagem: Getty Images\/ Canva Pro) Fala Ci\u00eancia <\/p>\n<p class=\"jarvics:base-text-neutral-high-400 base-text-[calc(theme(fontSize.xs)_*_var(--font-size,_1))] base-font-normal base-font-primary base-text-neutral-low-500 base-text-left\">\n<p>A <strong>polui\u00e7\u00e3o qu\u00edmica dos oceanos<\/strong> n\u00e3o poupa nem mesmo os gigantes marinhos que habitam as profundezas. Novas an\u00e1lises mostraram que <strong>golfinhos e baleias<\/strong> apresentam <strong>n\u00edveis alarmantes de PFAS<\/strong>, subst\u00e2ncias qu\u00edmicas persistentes conhecidas por se acumular na cadeia alimentar e causar efeitos t\u00f3xicos. Ao contr\u00e1rio do que se imaginava, viver em <strong>\u00e1guas distantes da costa ou em grandes profundidades<\/strong> n\u00e3o protege essas esp\u00e9cies da contamina\u00e7\u00e3o global.<\/p>\n<\/p>\n<p class=\"jarvics:base-text-neutral-high-400 base-text-[calc(theme(fontSize.xs)_*_var(--font-size,_1))] base-font-normal base-font-primary base-text-neutral-low-500 base-text-left\">\n<p>Entre os principais pontos do estudo publicado na <strong>Science of the Total Environment<\/strong>:<\/p>\n<\/p>\n<p class=\"jarvics:base-text-neutral-high-400 base-text-[calc(theme(fontSize.xs)_*_var(--font-size,_1))] base-font-normal base-font-primary base-text-neutral-low-500 base-text-left\">\n<ul class=\"wp-block-list\">\n<li>Foram analisados <strong>127 animais<\/strong> de 16 esp\u00e9cies diferentes de cet\u00e1ceos, incluindo golfinhos-nariz-de-garrafa e cachalotes;<\/li>\n<li>O <strong>golfinho-de-hector<\/strong> e tr\u00eas esp\u00e9cies de baleias-bicudas tiveram seus n\u00edveis de PFAS avaliados pela primeira vez;<\/li>\n<li>A concentra\u00e7\u00e3o de PFAS <strong>n\u00e3o depende do habitat<\/strong>, sendo similar entre esp\u00e9cies costeiras e de \u00e1guas profundas;<\/li>\n<li>Fatores como <strong>idade, sexo e esp\u00e9cie<\/strong> influenciam os n\u00edveis, mas n\u00e3o o local de alimenta\u00e7\u00e3o;<\/li>\n<li>Esses poluentes representam risco \u00e0 <strong>sa\u00fade reprodutiva, imunol\u00f3gica e end\u00f3crina<\/strong> dos animais.<\/li>\n<\/ul>\n<p class=\"jarvics:base-text-neutral-high-400 base-text-[calc(theme(fontSize.xs)_*_var(--font-size,_1))] base-font-normal base-font-primary base-text-neutral-low-500 base-text-left\"><strong>Impactos na biodiversidade marinha<\/strong><\/p>\n<p class=\"jarvics:base-text-neutral-high-400 base-text-[calc(theme(fontSize.xs)_*_var(--font-size,_1))] base-font-normal base-font-primary base-text-neutral-low-500 base-text-left\">\n<p>Os <strong>PFAS<\/strong> s\u00e3o conhecidos como \u201cqu\u00edmicos eternos\u201d por sua resist\u00eancia \u00e0 degrada\u00e7\u00e3o ambiental. Eles se acumulam nos tecidos de organismos marinhos e podem <strong>alterar fun\u00e7\u00f5es biol\u00f3gicas essenciais<\/strong>, como imunidade e reprodu\u00e7\u00e3o. Descobrir que esp\u00e9cies de \u00e1guas profundas n\u00e3o est\u00e3o livres desse impacto evidencia a <strong>amplitude global da polui\u00e7\u00e3o humana<\/strong> e o desafio de proteger ecossistemas inteiros.<\/p>\n<\/p>\n<p><img decoding=\"async\" data-chromatic=\"ignore\" alt=\"\" class=\"c-image\" loading=\"lazy\" src=\"https:\/\/www.europesays.com\/pt\/wp-content\/uploads\/2025\/11\/QURCPUAHZRECRP75KUY26O75VA.jpeg\"  width=\"1024\" height=\"576\"\/>Poluentes persistentes amea\u00e7am a sa\u00fade dos maiores mam\u00edferos marinhos (Imagem: Getty Images\/ Canva Pro)<br \/>\n Fala Ci\u00eancia <\/p>\n<p class=\"jarvics:base-text-neutral-high-400 base-text-[calc(theme(fontSize.xs)_*_var(--font-size,_1))] base-font-normal base-font-primary base-text-neutral-low-500 base-text-left\">\n<p>O estudo revela que a polui\u00e7\u00e3o qu\u00edmica <strong>ultrapassa barreiras geogr\u00e1ficas e de profundidade<\/strong>. Mesmo animais que passam a maior parte do tempo em alto-mar apresentam <strong>n\u00edveis semelhantes de PFAS aos de esp\u00e9cies costeiras<\/strong>, indicando que <strong>nenhum ecossistema marinho est\u00e1 totalmente seguro<\/strong>. A combina\u00e7\u00e3o de polui\u00e7\u00e3o persistente e estresse ambiental, intensificado pelas mudan\u00e7as clim\u00e1ticas, representa uma amea\u00e7a crescente \u00e0 <strong>biodiversidade oce\u00e2nica<\/strong>.<\/p>\n<\/p>\n<p class=\"jarvics:base-text-neutral-high-400 base-text-[calc(theme(fontSize.xs)_*_var(--font-size,_1))] base-font-normal base-font-primary base-text-neutral-low-500 base-text-left\"><strong>Pesquisas pioneiras e colabora\u00e7\u00f5es internacionais<\/strong><\/p>\n<p class=\"jarvics:base-text-neutral-high-400 base-text-[calc(theme(fontSize.xs)_*_var(--font-size,_1))] base-font-normal base-font-primary base-text-neutral-low-500 base-text-left\">\n<p>A an\u00e1lise contou com a colabora\u00e7\u00e3o de diversas institui\u00e7\u00f5es, incluindo <strong>Universidade de Wollongong, Massey University, University of Auckland, UTS e Museu Australiano<\/strong>, e foi a primeira a avaliar PFAS em v\u00e1rias esp\u00e9cies simultaneamente. A pesquisa demonstrou a necessidade de <strong>monitoramento sistem\u00e1tico<\/strong>, para identificar padr\u00f5es de contamina\u00e7\u00e3o e apoiar estrat\u00e9gias de <strong>preserva\u00e7\u00e3o ambiental<\/strong>.<\/p>\n<\/p>\n<p class=\"jarvics:base-text-neutral-high-400 base-text-[calc(theme(fontSize.xs)_*_var(--font-size,_1))] base-font-normal base-font-primary base-text-neutral-low-500 base-text-left\">\n<p>Os resultados refor\u00e7am a urg\u00eancia de <strong>reduzir a produ\u00e7\u00e3o e dispers\u00e3o de subst\u00e2ncias qu\u00edmicas persistentes<\/strong>. Al\u00e9m disso, entender a <strong>distribui\u00e7\u00e3o de PFAS<\/strong> nos oceanos \u00e9 essencial para proteger a <strong>sa\u00fade de mam\u00edferos marinhos<\/strong>, prevenir impactos em cadeias alimentares e garantir que futuros esfor\u00e7os de conserva\u00e7\u00e3o sejam realmente eficazes.<\/p><\/p>\n","protected":false},"excerpt":{"rendered":"PFAS atingem at\u00e9 golfinhos e baleias de \u00e1guas profundas (Imagem: Getty Images\/ Canva Pro) Fala Ci\u00eancia A polui\u00e7\u00e3o&hellip;\n","protected":false},"author":2,"featured_media":169622,"comment_status":"","ping_status":"","sticky":false,"template":"","format":"standard","meta":{"footnotes":""},"categories":[84],"tags":[109,107,108,32,33,105,103,104,106,110],"class_list":{"0":"post-169621","1":"post","2":"type-post","3":"status-publish","4":"format-standard","5":"has-post-thumbnail","7":"category-ciencia-e-tecnologia","8":"tag-ciencia","9":"tag-ciencia-e-tecnologia","10":"tag-cienciaetecnologia","11":"tag-portugal","12":"tag-pt","13":"tag-science","14":"tag-science-and-technology","15":"tag-scienceandtechnology","16":"tag-technology","17":"tag-tecnologia"},"share_on_mastodon":{"url":"https:\/\/pubeurope.com\/@pt\/115634181678284742","error":""},"_links":{"self":[{"href":"https:\/\/www.europesays.com\/pt\/wp-json\/wp\/v2\/posts\/169621","targetHints":{"allow":["GET"]}}],"collection":[{"href":"https:\/\/www.europesays.com\/pt\/wp-json\/wp\/v2\/posts"}],"about":[{"href":"https:\/\/www.europesays.com\/pt\/wp-json\/wp\/v2\/types\/post"}],"author":[{"embeddable":true,"href":"https:\/\/www.europesays.com\/pt\/wp-json\/wp\/v2\/users\/2"}],"replies":[{"embeddable":true,"href":"https:\/\/www.europesays.com\/pt\/wp-json\/wp\/v2\/comments?post=169621"}],"version-history":[{"count":0,"href":"https:\/\/www.europesays.com\/pt\/wp-json\/wp\/v2\/posts\/169621\/revisions"}],"wp:featuredmedia":[{"embeddable":true,"href":"https:\/\/www.europesays.com\/pt\/wp-json\/wp\/v2\/media\/169622"}],"wp:attachment":[{"href":"https:\/\/www.europesays.com\/pt\/wp-json\/wp\/v2\/media?parent=169621"}],"wp:term":[{"taxonomy":"category","embeddable":true,"href":"https:\/\/www.europesays.com\/pt\/wp-json\/wp\/v2\/categories?post=169621"},{"taxonomy":"post_tag","embeddable":true,"href":"https:\/\/www.europesays.com\/pt\/wp-json\/wp\/v2\/tags?post=169621"}],"curies":[{"name":"wp","href":"https:\/\/api.w.org\/{rel}","templated":true}]}}