{"id":169691,"date":"2025-11-29T18:52:58","date_gmt":"2025-11-29T18:52:58","guid":{"rendered":"https:\/\/www.europesays.com\/pt\/169691\/"},"modified":"2025-11-29T18:52:58","modified_gmt":"2025-11-29T18:52:58","slug":"agente-da-psp-salva-bebe-inanimado-em-loures","status":"publish","type":"post","link":"https:\/\/www.europesays.com\/pt\/169691\/","title":{"rendered":"Agente da PSP salva beb\u00e9 inanimado em Loures"},"content":{"rendered":"<p>\t                Beb\u00e9 estava a brincar com o pai quando come\u00e7ou com convuls\u00f5es e deixou de respirar<\/p>\n<p>Um agente da\u00a0PSP de Loures salvou, na quinta-feira \u00e0 tarde, um &#8220;beb\u00e9 que n\u00e3o apresentava sinais vitais&#8221; em Loures. Em comunicado, a PSP revela que &#8220;no \u00e2mbito de uma a\u00e7\u00e3o de patrulhamento de rotina, os pol\u00edcias foram informados por v\u00e1rios populares que, numa art\u00e9ria cont\u00edgua, encontrava-se um beb\u00e9 inanimado&#8221;.<\/p>\n<p>&#8220;Mediante esta informa\u00e7\u00e3o, imobilizaram a viatura policial que utilizavam e deslocaram-se de imediato para o local onde verificaram, no interior de um edif\u00edcio um conjunto de populares, entre os quais o pai da crian\u00e7a, a gritarem e a solicitarem aux\u00edlio urgente, rodeando um beb\u00e9, com cerca de um ano de idade, inanimado e que n\u00e3o respondia a qualquer est\u00edmulo. De imediato, um dos pol\u00edcias segura o beb\u00e9 e coloca-o na posi\u00e7\u00e3o de bru\u00e7os sobre o seu bra\u00e7o e inicia pequenos movimentos e massagens nas suas costas, procurando estimular uma rea\u00e7\u00e3o&#8221;, informa o comunicado.<\/p>\n<p>Enquanto um agente tentava reanimar o beb\u00e9, o outro pol\u00edcia falava com a linha de\u00a0emerg\u00eancia 112 e recebia &#8220;instru\u00e7\u00f5es que permitiram orientar adequadamente todas as manobras que estavam a ser realizadas&#8221;.<\/p>\n<p>&#8220;Ap\u00f3s alguns segundos o beb\u00e9 come\u00e7a a chorar e recupera a respira\u00e7\u00e3o, permanecendo no colo do pol\u00edcia para monitoriza\u00e7\u00e3o dos seus batimentos card\u00edacos at\u00e9 \u00e0 chegada dos Bombeiros de Loures, que procederam ao seu transporte para o Hospital Beatriz \u00c2ngelo, onde ainda se encontra sob observa\u00e7\u00e3o, mas aparentemente sem correr risco de vida&#8221;, acrescenta a nota.<\/p>\n<p>Segundo a PSP, &#8220;o pai e a crian\u00e7a estavam a brincar quando foi acometido por em convuls\u00f5es, espumando pela boca e apresentando o rosto bastante vermelho, deixando de seguida de respirar&#8221;.<\/p>\n","protected":false},"excerpt":{"rendered":"Beb\u00e9 estava a brincar com o pai quando come\u00e7ou com convuls\u00f5es e deixou de respirar Um agente da\u00a0PSP&hellip;\n","protected":false},"author":2,"featured_media":59700,"comment_status":"","ping_status":"","sticky":false,"template":"","format":"standard","meta":{"footnotes":""},"categories":[10],"tags":[609,611,2557,27,28,607,608,27823,604,610,539,15,16,14,603,25,26,797,570,21,22,606,12,13,19,20,602,32,23,24,1306,33,58,605,17,18,29,30,31],"class_list":{"0":"post-169691","1":"post","2":"type-post","3":"status-publish","4":"format-standard","5":"has-post-thumbnail","7":"category-portugal","8":"tag-alerta","9":"tag-ao-minuto","10":"tag-bebe","11":"tag-breaking-news","12":"tag-breakingnews","13":"tag-cnn","14":"tag-cnn-portugal","15":"tag-convulsao","16":"tag-crime","17":"tag-direto","18":"tag-educacao","19":"tag-featured-news","20":"tag-featurednews","21":"tag-headlines","22":"tag-justica","23":"tag-latest-news","24":"tag-latestnews","25":"tag-lisboa","26":"tag-live","27":"tag-main-news","28":"tag-mainnews","29":"tag-meteorologia","30":"tag-news","31":"tag-noticias","32":"tag-noticias-principais","33":"tag-noticiasprincipais","34":"tag-pais","35":"tag-portugal","36":"tag-principais-noticias","37":"tag-principaisnoticias","38":"tag-psp","39":"tag-pt","40":"tag-sociedade","41":"tag-tempo","42":"tag-top-stories","43":"tag-topstories","44":"tag-ultimas","45":"tag-ultimas-noticias","46":"tag-ultimasnoticias"},"share_on_mastodon":{"url":"https:\/\/pubeurope.com\/@pt\/115634503860229943","error":""},"_links":{"self":[{"href":"https:\/\/www.europesays.com\/pt\/wp-json\/wp\/v2\/posts\/169691","targetHints":{"allow":["GET"]}}],"collection":[{"href":"https:\/\/www.europesays.com\/pt\/wp-json\/wp\/v2\/posts"}],"about":[{"href":"https:\/\/www.europesays.com\/pt\/wp-json\/wp\/v2\/types\/post"}],"author":[{"embeddable":true,"href":"https:\/\/www.europesays.com\/pt\/wp-json\/wp\/v2\/users\/2"}],"replies":[{"embeddable":true,"href":"https:\/\/www.europesays.com\/pt\/wp-json\/wp\/v2\/comments?post=169691"}],"version-history":[{"count":0,"href":"https:\/\/www.europesays.com\/pt\/wp-json\/wp\/v2\/posts\/169691\/revisions"}],"wp:featuredmedia":[{"embeddable":true,"href":"https:\/\/www.europesays.com\/pt\/wp-json\/wp\/v2\/media\/59700"}],"wp:attachment":[{"href":"https:\/\/www.europesays.com\/pt\/wp-json\/wp\/v2\/media?parent=169691"}],"wp:term":[{"taxonomy":"category","embeddable":true,"href":"https:\/\/www.europesays.com\/pt\/wp-json\/wp\/v2\/categories?post=169691"},{"taxonomy":"post_tag","embeddable":true,"href":"https:\/\/www.europesays.com\/pt\/wp-json\/wp\/v2\/tags?post=169691"}],"curies":[{"name":"wp","href":"https:\/\/api.w.org\/{rel}","templated":true}]}}