{"id":169716,"date":"2025-11-29T19:21:09","date_gmt":"2025-11-29T19:21:09","guid":{"rendered":"https:\/\/www.europesays.com\/pt\/169716\/"},"modified":"2025-11-29T19:21:09","modified_gmt":"2025-11-29T19:21:09","slug":"macron-vai-receber-zelensky-em-paris-na-segunda-feira","status":"publish","type":"post","link":"https:\/\/www.europesays.com\/pt\/169716\/","title":{"rendered":"Macron vai receber Zelensky em Paris na segunda-feira"},"content":{"rendered":"<p>                <b>Em comunicado, a presid\u00eancia francesa adianta que \u201cos dois l\u00edderes discutir\u00e3o a situa\u00e7\u00e3o e as condi\u00e7\u00f5es para uma paz justa e duradoura, com base nas negocia\u00e7\u00f5es de Genebra e no plano americano, e em estreita consulta com os nossos parceiros europeus\u201d. <\/b><\/p>\n<p>\u201cAnalisar\u00e3o tamb\u00e9m o trabalho realizado sobre as garantias de seguran\u00e7a no \u00e2mbito da Coliga\u00e7\u00e3o dos Dispostos&#8221;, acrescentou.<\/p>\n<p><b>Enquanto isso, uma equipa de negociadores ucranianos partiu este s\u00e1bado para os Estados Unidos para discutir o plano norte-americano para p\u00f4r fim ao conflito com a R\u00fassia.<\/b><\/p>\n<p>A delega\u00e7\u00e3o \u00e9 chefiada por Rustem Umerov, secret\u00e1rio do Conselho de Seguran\u00e7a da Ucr\u00e2nia, que assumiu o comando da delega\u00e7\u00e3o ucraniana depois de o anterior respons\u00e1vel pelas negocia\u00e7\u00f5es e chefe de gabinete de Zelensky, Andriy Yermak, se ter demitido na sexta-feira, na sequ\u00eancia de um esc\u00e2ndalo de corrup\u00e7\u00e3o que est\u00e1 a abalar o executivo ucraniano.<\/p>\n<p>Zelensky disse esperar que os resultados das reuni\u00f5es anteriores com os EUA em Genebra, que decorreram no passado fim de semana, sejam agora consolidados em Washington.<\/p>\n<p><b>O chefe de Estado ucraniano adiantou ainda que a &#8220;tarefa \u00e9 clara&#8221; e passa por definir de &#8220;forma r\u00e1pida e substancial os passos necess\u00e1rios para p\u00f4r fim \u00e0 guerra&#8221;.<\/b><br \/>&#13;\n<\/p>\n<blockquote class=\"twitter-tweet\"><p>&#13;<\/p>\n<p lang=\"en\" dir=\"ltr\">&#13;<br \/>\n\tSecretary of the National Security and Defense Council of Ukraine and head of the Ukrainian delegation Rustem Umerov, together with the team, is already on the way to the United States. Rustem delivered a report today, and the task is clear: to swiftly and substantively work out\u2026&#13;\n\t<\/p>\n<p>&#13;<br \/>\n\t\u2014 Volodymyr Zelenskyy \/ \u0412\u043e\u043b\u043e\u0434\u0438\u043c\u0438\u0440 \u0417\u0435\u043b\u0435\u043d\u0441\u044c\u043a\u0438\u0439 (@ZelenskyyUa) <a href=\"https:\/\/twitter.com\/ZelenskyyUa\/status\/1994722242039615826?ref_src=twsrc%5Etfw\" rel=\"nofollow noopener\" target=\"_blank\">November 29, 2025<\/a>&#13;\n<\/p><\/blockquote>\n<p>\n&#8220;Aguardo com expectativa o relat\u00f3rio da nossa delega\u00e7\u00e3o ap\u00f3s o seu trabalho deste domingo. A Ucr\u00e2nia est\u00e1 a trabalhar por uma paz digna&#8221;, salientou o presidente ucraniano numa mensagem na rede social X.<\/p>\n<p><b>Uma proposta de Washington divulgada na semana passada, que inclu\u00eda as principais exig\u00eancias de Moscovo, foi inicialmente bem acolhida pelo Kremlin, mas sofreu altera\u00e7\u00f5es no seguimento de negocia\u00e7\u00f5es entre norte-americanos, ucranianos e europeus. <\/b>O plano, que inclu\u00eda 28 pontos, foi reduzido a 19 pontos. Kiev enfrenta uma forte press\u00e3o de Washington para aceitar os termos de um acordo de paz, enquanto Zelensky se encontra na situa\u00e7\u00e3o pol\u00edtica e militar mais dif\u00edcil e desafiante desde os primeiros dias da invas\u00e3o russa, em fevereiro de 2022.<\/p>\n<p>Entretanto, a R\u00fassia avan\u00e7a gradualmente na linha da frente e as cidades ucranianas sofrem com apag\u00f5es di\u00e1rios devido ao bombardeamento cont\u00ednuo da sua rede el\u00e9trica.<\/p>\n<p>Kiev foi alvo de mais um ataque com drones russos na madrugada deste s\u00e1bado, provocando pelo menos um morto e sete feridos, al\u00e9m de danos materiais significativos.<\/p>\n<p>&#13;<br \/>\nA R\u00fassia confirmou ter lan\u00e7ado um ataque \u201cmassivo\u201d contra instala\u00e7\u00f5es militares, industriais e energ\u00e9ticas ucranianas em resposta ao que chamou de \u201cataques terroristas\u201d.&#13;\n<\/p>\n<p>&#13;<br \/>\nc\/ag\u00eancias&#13;\n<\/p>\n<p>            <script async src=\"https:\/\/platform.twitter.com\/widgets.js\" charset=\"utf-8\"><\/script><\/p>\n","protected":false},"excerpt":{"rendered":"Em comunicado, a presid\u00eancia francesa adianta que \u201cos dois l\u00edderes discutir\u00e3o a situa\u00e7\u00e3o e as condi\u00e7\u00f5es para uma&hellip;\n","protected":false},"author":2,"featured_media":169717,"comment_status":"","ping_status":"","sticky":false,"template":"","format":"standard","meta":{"footnotes":""},"categories":[50],"tags":[27,28,15,16,14,25,26,533,21,22,62,12,13,19,20,2458,23,24,839,17,18,840,29,30,31,63,64,65,3814],"class_list":{"0":"post-169716","1":"post","2":"type-post","3":"status-publish","4":"format-standard","5":"has-post-thumbnail","7":"category-mundo","8":"tag-breaking-news","9":"tag-breakingnews","10":"tag-featured-news","11":"tag-featurednews","12":"tag-headlines","13":"tag-latest-news","14":"tag-latestnews","15":"tag-macron","16":"tag-main-news","17":"tag-mainnews","18":"tag-mundo","19":"tag-news","20":"tag-noticias","21":"tag-noticias-principais","22":"tag-noticiasprincipais","23":"tag-paris","24":"tag-principais-noticias","25":"tag-principaisnoticias","26":"tag-russia","27":"tag-top-stories","28":"tag-topstories","29":"tag-ucrania","30":"tag-ultimas","31":"tag-ultimas-noticias","32":"tag-ultimasnoticias","33":"tag-world","34":"tag-world-news","35":"tag-worldnews","36":"tag-zelensky"},"share_on_mastodon":{"url":"https:\/\/pubeurope.com\/@pt\/115634614195686223","error":""},"_links":{"self":[{"href":"https:\/\/www.europesays.com\/pt\/wp-json\/wp\/v2\/posts\/169716","targetHints":{"allow":["GET"]}}],"collection":[{"href":"https:\/\/www.europesays.com\/pt\/wp-json\/wp\/v2\/posts"}],"about":[{"href":"https:\/\/www.europesays.com\/pt\/wp-json\/wp\/v2\/types\/post"}],"author":[{"embeddable":true,"href":"https:\/\/www.europesays.com\/pt\/wp-json\/wp\/v2\/users\/2"}],"replies":[{"embeddable":true,"href":"https:\/\/www.europesays.com\/pt\/wp-json\/wp\/v2\/comments?post=169716"}],"version-history":[{"count":0,"href":"https:\/\/www.europesays.com\/pt\/wp-json\/wp\/v2\/posts\/169716\/revisions"}],"wp:featuredmedia":[{"embeddable":true,"href":"https:\/\/www.europesays.com\/pt\/wp-json\/wp\/v2\/media\/169717"}],"wp:attachment":[{"href":"https:\/\/www.europesays.com\/pt\/wp-json\/wp\/v2\/media?parent=169716"}],"wp:term":[{"taxonomy":"category","embeddable":true,"href":"https:\/\/www.europesays.com\/pt\/wp-json\/wp\/v2\/categories?post=169716"},{"taxonomy":"post_tag","embeddable":true,"href":"https:\/\/www.europesays.com\/pt\/wp-json\/wp\/v2\/tags?post=169716"}],"curies":[{"name":"wp","href":"https:\/\/api.w.org\/{rel}","templated":true}]}}