{"id":169718,"date":"2025-11-29T19:22:43","date_gmt":"2025-11-29T19:22:43","guid":{"rendered":"https:\/\/www.europesays.com\/pt\/169718\/"},"modified":"2025-11-29T19:22:43","modified_gmt":"2025-11-29T19:22:43","slug":"moncao-multidao-no-acender-das-luzes-de-natal-fotos","status":"publish","type":"post","link":"https:\/\/www.europesays.com\/pt\/169718\/","title":{"rendered":"Mon\u00e7\u00e3o: Multid\u00e3o no acender das luzes de Natal [FOTOS]"},"content":{"rendered":"<p>Uma multid\u00e3o encheu esta sexta-feira o Largo do Loreto, em Mon\u00e7\u00e3o, para<strong> assistir ao acender das luzes de Natal nesta vila do Alto Minho.\u00a0<\/strong><\/p>\n<p>\u00a0<\/p>\n<p>\u00c0 hora marcada, <strong>todo o centro hist\u00f3rico de Mon\u00e7\u00e3o ganhou o m\u00e1gico brilho natal\u00edcio.<\/strong> Ato cont\u00ednuo, fogo de artif\u00edcio rasgou os c\u00e9us mon\u00e7anenses e deslumbrou o mar de gente.<\/p>\n<p>\u00a0<\/p>\n<p>\u00a0<\/p>\n<p>\u00a0<\/p>\n<p><img loading=\"lazy\" decoding=\"async\" class=\"size-full wp-image-236608 aligncenter\" src=\"https:\/\/www.europesays.com\/pt\/wp-content\/uploads\/2025\/11\/mon3.jpg\" alt=\"\" width=\"1024\" height=\"768\"  \/><\/p>\n<p>[cr\u00e9dito fotografia: cedida \u00e0 R\u00e1dio Vale do Minho]<\/p>\n<p>\u00a0<\/p>\n<p>\u00a0<\/p>\n<p><img loading=\"lazy\" decoding=\"async\" class=\"size-full wp-image-236609 aligncenter\" src=\"https:\/\/www.europesays.com\/pt\/wp-content\/uploads\/2025\/11\/mon4.jpg\" alt=\"\" width=\"1024\" height=\"768\"  \/><\/p>\n<p>[cr\u00e9dito fotografia: cedida \u00e0 R\u00e1dio Vale do Minho]<\/p>\n<p>\u00a0<\/p>\n<p>\u00a0<\/p>\n<p>Seguiu-se depois a atua\u00e7\u00e3o de grupos corais do concelho<strong>, com a participa\u00e7\u00e3o especial de Coimbra Gospel Choir.<\/strong><\/p>\n<p>\u00a0<\/p>\n<p>\u00a0<\/p>\n<p><img loading=\"lazy\" decoding=\"async\" class=\"size-full wp-image-236610 aligncenter\" src=\"https:\/\/www.europesays.com\/pt\/wp-content\/uploads\/2025\/11\/mon2.jpg\" alt=\"\" width=\"1600\" height=\"1200\"  \/><\/p>\n<p>[cr\u00e9dito fotografia: cedida \u00e0 R\u00e1dio Vale do Minho]<\/p>\n<p>\u00a0<\/p>\n<p>\u00a0<\/p>\n<p><img loading=\"lazy\" decoding=\"async\" class=\"alignnone size-full wp-image-236611\" src=\"https:\/\/www.europesays.com\/pt\/wp-content\/uploads\/2025\/11\/mon1.jpg\" alt=\"\" width=\"1024\" height=\"768\"  \/><\/p>\n<p>[cr\u00e9dito fotografia: cedida \u00e0 R\u00e1dio Vale do Minho]<\/p>\n<p>\u00a0<\/p>\n<p>\u00a0<\/p>\n<p><img loading=\"lazy\" decoding=\"async\" class=\"alignnone size-full wp-image-236614\" src=\"https:\/\/www.europesays.com\/pt\/wp-content\/uploads\/2025\/11\/mon5.jpg\" alt=\"\" width=\"1600\" height=\"1200\"  \/><br \/>\n[cr\u00e9dito fotografia: cedida \u00e0 R\u00e1dio Vale do Minho]<\/p>\n<p>\u00a0<\/p>\n<p><strong>\u201cCom a ilumina\u00e7\u00e3o natal\u00edcia a colorir as pra\u00e7as e ruas do centro hist\u00f3rico, proporcionando sensa\u00e7\u00f5es cintilantes e olhares felizes, a quadra natal\u00edcia multiplica-se em atividades culturais,<\/strong>\u00a0convidando \u00e0 passagem de momentos fascinantes. Ser\u00e1 \u201cUm Natal Lend\u00e1rio\u201d que ficar\u00e1 na mem\u00f3ria de mun\u00edcipes e visitantes\u201d, refere a autarquia.<\/p>\n<p>\u00a0<\/p>\n<p>O programa natal\u00edcio do Munic\u00edpio de Mon\u00e7\u00e3o prolonga-se at\u00e9 4 de janeiro de 2026.<\/p>\n<p>\u00a0<\/p>\n<p>\u00a0<\/p>\n<p>\u00a0<\/p>\n<p>[cr\u00e9dito fotografias capa: cedida \u00e0 R\u00e1dio Vale do Minho]<\/p>\n","protected":false},"excerpt":{"rendered":"Uma multid\u00e3o encheu esta sexta-feira o Largo do Loreto, em Mon\u00e7\u00e3o, para assistir ao acender das luzes de&hellip;\n","protected":false},"author":2,"featured_media":169719,"comment_status":"","ping_status":"","sticky":false,"template":"","format":"standard","meta":{"footnotes":""},"categories":[10],"tags":[27,28,15,16,14,25,26,21,22,12,13,19,20,32,23,24,33,17,18,29,30,31],"class_list":{"0":"post-169718","1":"post","2":"type-post","3":"status-publish","4":"format-standard","5":"has-post-thumbnail","7":"category-portugal","8":"tag-breaking-news","9":"tag-breakingnews","10":"tag-featured-news","11":"tag-featurednews","12":"tag-headlines","13":"tag-latest-news","14":"tag-latestnews","15":"tag-main-news","16":"tag-mainnews","17":"tag-news","18":"tag-noticias","19":"tag-noticias-principais","20":"tag-noticiasprincipais","21":"tag-portugal","22":"tag-principais-noticias","23":"tag-principaisnoticias","24":"tag-pt","25":"tag-top-stories","26":"tag-topstories","27":"tag-ultimas","28":"tag-ultimas-noticias","29":"tag-ultimasnoticias"},"share_on_mastodon":{"url":"https:\/\/pubeurope.com\/@pt\/115634618760639754","error":""},"_links":{"self":[{"href":"https:\/\/www.europesays.com\/pt\/wp-json\/wp\/v2\/posts\/169718","targetHints":{"allow":["GET"]}}],"collection":[{"href":"https:\/\/www.europesays.com\/pt\/wp-json\/wp\/v2\/posts"}],"about":[{"href":"https:\/\/www.europesays.com\/pt\/wp-json\/wp\/v2\/types\/post"}],"author":[{"embeddable":true,"href":"https:\/\/www.europesays.com\/pt\/wp-json\/wp\/v2\/users\/2"}],"replies":[{"embeddable":true,"href":"https:\/\/www.europesays.com\/pt\/wp-json\/wp\/v2\/comments?post=169718"}],"version-history":[{"count":0,"href":"https:\/\/www.europesays.com\/pt\/wp-json\/wp\/v2\/posts\/169718\/revisions"}],"wp:featuredmedia":[{"embeddable":true,"href":"https:\/\/www.europesays.com\/pt\/wp-json\/wp\/v2\/media\/169719"}],"wp:attachment":[{"href":"https:\/\/www.europesays.com\/pt\/wp-json\/wp\/v2\/media?parent=169718"}],"wp:term":[{"taxonomy":"category","embeddable":true,"href":"https:\/\/www.europesays.com\/pt\/wp-json\/wp\/v2\/categories?post=169718"},{"taxonomy":"post_tag","embeddable":true,"href":"https:\/\/www.europesays.com\/pt\/wp-json\/wp\/v2\/tags?post=169718"}],"curies":[{"name":"wp","href":"https:\/\/api.w.org\/{rel}","templated":true}]}}