{"id":169739,"date":"2025-11-29T19:42:09","date_gmt":"2025-11-29T19:42:09","guid":{"rendered":"https:\/\/www.europesays.com\/pt\/169739\/"},"modified":"2025-11-29T19:42:09","modified_gmt":"2025-11-29T19:42:09","slug":"emicida-vive-fase-racional-com-trilogia-que-retoma-o-rap-29-11-2025-ilustrada","status":"publish","type":"post","link":"https:\/\/www.europesays.com\/pt\/169739\/","title":{"rendered":"Emicida vive &#8216;fase Racional&#8217; com trilogia que retoma o rap &#8211; 29\/11\/2025 &#8211; Ilustrada"},"content":{"rendered":"<p>&#8220;Quando os caminhos se confundem, \u00e9 necess\u00e1rio voltar ao come\u00e7o&#8221;, <a href=\"https:\/\/www1.folha.uol.com.br\/folha-topicos\/emicida\/\" rel=\"nofollow noopener\" target=\"\">Emicida <\/a>cantou na primeira faixa de sua <a href=\"https:\/\/m.folha.uol.com.br\/ilustrada\/2014\/04\/1441910-emicida-repassa-sua-trajetoria-e-sucessos-no-programa-ensaio.shtml\" rel=\"nofollow noopener\" target=\"\">primeira mixtape<\/a>, &#8220;Pra Quem J\u00e1 Mordeu um Cachorro por Comida, at\u00e9 que Eu Cheguei Longe&#8221;, de 2009. O rapper tinha uma <a href=\"https:\/\/www1.folha.uol.com.br\/folha-topicos\/musica\/\" rel=\"nofollow noopener\" target=\"_blank\">m\u00fasica<\/a>, &#8220;Triunfo&#8221;, a fama de imbat\u00edvel nas batalhas de rima, 24 anos de idade e uma carreira a construir. Voltar, ent\u00e3o, para onde?<\/p>\n<p>A resposta ali \u00e9 a mesma que a de agora \u2014os <a href=\"https:\/\/www1.folha.uol.com.br\/ilustrada\/2021\/08\/entenda-como-os-racionais-fizeram-de-sobrevivendo-no-inferno-um-marco-cultural.shtml\" rel=\"nofollow noopener\" target=\"\">Racionais MCs<\/a>. H\u00e1 16 anos, <a href=\"https:\/\/f5.folha.uol.com.br\/celebridades\/2020\/12\/para-emicida-brasil-tem-um-racismo-extremamente-sofisticado-e-letal.shtml\" rel=\"nofollow noopener\" target=\"\">Leandro Roque<\/a>, nome de batismo do rapper, retratava uma confus\u00e3o, a viabilidade de ter uma carreira sem abandonar os fundamentos do g\u00eanero que defende. Perguntava se &#8220;essa porra de \u2018n\u00f3s\u2019 existe mesmo ou \u00e9 outra ideia que ficou pra tr\u00e1s&#8221;, e rimava que &#8220;os MCs nem sabem mais se pedem um drink ou pedem paz, se aqui \u00e9 Disney ou Alcatraz, se n\u00f3s \u00e9 Rouge <a href=\"https:\/\/www1.folha.uol.com.br\/ilustrada\/2024\/12\/mostra-dos-racionais-mcs-destrincha-seu-legado-legado-para-a-musica-brasileira.shtml\" rel=\"nofollow noopener\" target=\"\">ou Racionais<\/a>&#8220;.<\/p>\n<p>Agora, ele se inspira \u2014e, deliberadamente, revira\u2014 a obra do maior grupo de <a href=\"https:\/\/www1.folha.uol.com.br\/folha-topicos\/rap\/\" rel=\"nofollow noopener\" target=\"\">rap <\/a>do Brasil numa trilogia reversa que batizou de &#8220;Emicida Racional&#8221;.<\/p>\n<p>O terceiro volume, j\u00e1 lan\u00e7ado, \u00e9 uma mixtape em que o <a href=\"https:\/\/fotografia.folha.uol.com.br\/galerias\/nova\/1632349378723135-audicao-do-ep-mundo-de-luedji-luna-e-dj-nyack\" rel=\"nofollow noopener\" target=\"\">DJ Nyack<\/a>, seu fiel escudeiro, encaixa faixas de voz de m\u00fasicas antigas de Emicida em bases instrumentais do grupo de <a href=\"https:\/\/www1.folha.uol.com.br\/folha-topicos\/mano-brown\/\" rel=\"nofollow noopener\" target=\"\">Mano Brown<\/a>, <a href=\"https:\/\/www1.folha.uol.com.br\/ilustrada\/2024\/09\/edi-rock-do-racionais-diz-ja-nao-querer-atencao-e-chama-marcal-de-aproveitador.shtml\" rel=\"nofollow noopener\" target=\"\">Edi Rock<\/a>, <a href=\"https:\/\/www1.folha.uol.com.br\/colunas\/monicabergamo\/2024\/06\/o-funk-trouxe-liberdade-e-pessoas-perifericas-ficaram-milionarias-diz-ice-blue-do-racionais.shtml\" rel=\"nofollow noopener\" target=\"\">Ice Blue<\/a> e <a href=\"https:\/\/www1.folha.uol.com.br\/ilustrada\/2023\/08\/como-kl-jay-do-racionais-mcs-se-tornou-um-dos-maiores-djs-do-brasil.shtml\" rel=\"nofollow noopener\" target=\"\">KL Jay<\/a>. O segundo \u00e9 &#8220;Mesmas Cores &amp; Mesmos Valores&#8221;, que sai neste m\u00eas. \u00c9 o primeiro \u00e1lbum de est\u00fadio do rapper desde <a href=\"https:\/\/www1.folha.uol.com.br\/ilustrada\/2019\/10\/emicida-faz-disco-reflexivo-e-diz-se-arrepender-das-atitudes-de-odio.shtml\" rel=\"nofollow noopener\" target=\"\">&#8220;AmarElo&#8221;, de 2019<\/a>, e tamb\u00e9m sua primeira obra desde que se separou do irm\u00e3o, <a href=\"https:\/\/f5.folha.uol.com.br\/colunistas\/rosana-hermann\/2025\/04\/na-desavenca-entre-emicida-e-fioti-uma-frase-me-fez-pensar.shtml\" rel=\"nofollow noopener\" target=\"\">Evandro Fi\u00f3ti<\/a>, com quem est\u00e1 envolvido numa disputa judicial milion\u00e1ria em torno do selo <a href=\"https:\/\/www1.folha.uol.com.br\/ilustrada\/2025\/04\/laboratorio-fantasma-de-emicida-e-fioti-fez-o-rap-voltar-a-sonhar.shtml\" rel=\"nofollow noopener\" target=\"\">Laborat\u00f3rio Fantasma<\/a>.<\/p>\n<p>&#8220;Quantas coisas valiosas n\u00f3s abandonamos em nome de outras que hoje a gente n\u00e3o acha que t\u00eam a solidez que imaginou que teria?&#8221;, diz Emicida. &#8220;Fizemos escolhas boas e ruins, e chega nesse momento em que sou tocado por aquela mesma sensa\u00e7\u00e3o. Observo isso de um lugar dif\u00edcil de alcan\u00e7ar \u2014o de n\u00e3o julgamento. Olhar para a situa\u00e7\u00e3o como um elemento da vida, me sentir, sei l\u00e1, perdido, desesperan\u00e7oso e falar \u2018\u00e9 hora de voltar e pegar o que ficou ali atr\u00e1s, porque esse \u00e9 o caminho que eu gostaria de seguir para sempre\u2019.&#8221;<\/p>\n<p>Esse caminho \u00e9 o rap. N\u00e3o exatamente seus maneirismos sonoros \u2014samples, scratchs, batidas de trap ou boombap\u2014, mas o artesanato das palavras, seus sons e combina\u00e7\u00f5es. &#8220;Essa \u00e9 a nossa brincadeira enquanto rappers. \u00c9 voltar para o come\u00e7o nesse lugar.&#8221;<\/p>\n<p>\u00c9 isso que Emicida faz em &#8220;Finado Neguin Memo&#8221;, do novo disco, em que estressa ao m\u00e1ximo as possibilidades de rima com palavras proparox\u00edtonas. Tamb\u00e9m em &#8220;Os Memo Preto Zica&#8221;, em que constr\u00f3i sua poesia recombinando versos de m\u00fasicas dos Racionais, por cima de um instrumental meio <a href=\"https:\/\/www1.folha.uol.com.br\/webstories\/cultura\/2022\/08\/a-musica-de-jorge-ben-jor\/\" rel=\"nofollow noopener\" target=\"\">Jorge Ben Jor<\/a>, meio <a href=\"https:\/\/www1.folha.uol.com.br\/fsp\/1995\/12\/15\/ilustrada\/23.html\" rel=\"nofollow noopener\" target=\"\">Marvin Gaye<\/a>. \u00c9 uma colcha de retalhos que soa estranhamente familiar, como se ele sampleasse frases em vez de trechos de LPs antigos.<\/p>\n<p>Em &#8220;Mesmas Cores &amp; Mesmos Valores&#8221;, uma refer\u00eancia ao \u00e1lbum &#8220;<a href=\"https:\/\/guia.folha.uol.com.br\/shows\/2014\/12\/1563945-racionais-mcs-estreiam-show-do-disco-cores-e-valores-neste-sabado.shtml\" rel=\"nofollow noopener\" target=\"\">Cores &amp; Valores<\/a>&#8220;, lan\u00e7ado pelos Racionais em 2014, o rapper mete o dedo na obra do quarteto na forma e tamb\u00e9m no conte\u00fado. Em &#8220;A Mema Pra\u00e7a&#8221;, reclama sua veia pol\u00edtica de elabora\u00e7\u00e3o e den\u00fancia do racismo \u2014o mais pr\u00f3ximo do que os f\u00e3s chamam de &#8220;Emicida do velho testamento&#8221;.<\/p>\n<p>A m\u00fasica original, &#8220;A Pra\u00e7a&#8221;, retrata o <a href=\"https:\/\/www1.folha.uol.com.br\/agora\/spaulo\/sp0705200701.htm\" rel=\"nofollow noopener\" target=\"\">show dos Racionais<\/a> na <a href=\"https:\/\/www1.folha.uol.com.br\/folha-topicos\/virada-cultural\/\" rel=\"nofollow noopener\" target=\"\">Virada Cultural<\/a> de 2007, em que a <a href=\"https:\/\/www1.folha.uol.com.br\/fsp\/ombudsma\/om1305200701.htm\" rel=\"nofollow noopener\" target=\"\">pra\u00e7a da S\u00e9<\/a>, em S\u00e3o Paulo, <a href=\"https:\/\/www1.folha.uol.com.br\/fsp\/ilustrad\/fq0705200710.htm\" rel=\"nofollow noopener\" target=\"\">virou cen\u00e1rio de guerra<\/a> ap\u00f3s a\u00e7\u00e3o da pol\u00edcia. Agora Emicida narra sua vers\u00e3o daquela mesma noite ao lado dos rappers Rashid e Projota \u2014os tr\u00eas estavam na plateia naquele dia.<\/p>\n<p>Ele recria tamb\u00e9m &#8220;Quanto Vale o Show?&#8221;, em que Mano Brown desfila rimas como <a href=\"https:\/\/www1.folha.uol.com.br\/folha-topicos\/pele\/\" rel=\"nofollow noopener\" target=\"\">Pel\u00e9 <\/a>costurava defesas, enquanto convida o ouvinte a um passeio por sua adolesc\u00eancia nos anos 1980. &#8220;\u00c9 uma roda gigante essa caneta. Voc\u00ea vai da chacina ao sucesso do <a href=\"https:\/\/www1.folha.uol.com.br\/folha-topicos\/michael-jackson\/\" rel=\"nofollow noopener\" target=\"\">Michael Jackson<\/a>&#8220;, diz Emicida.<\/p>\n<p>Se Brown come\u00e7a por uma batida de partido alto no pandeiro, o f\u00e3 e rapper mais novo, em sua vers\u00e3o, lembra-se que o som do z\u00edper da blusa remetia ao scratch que os DJs fazem nos discos de vinil. Dali, parte para outra jornada \u2014a sua pr\u00f3pria adolesc\u00eancia, na d\u00e9cada de 1990, at\u00e9 a morte de <a href=\"https:\/\/www1.folha.uol.com.br\/fsp\/cotidian\/ff2501200301.htm\" rel=\"nofollow noopener\" target=\"\">Sabotage<\/a>, em 2003.<\/p>\n<p>Na sua &#8220;Quanto Vale o Show Memo?&#8221;, Emicida rima sobre a elei\u00e7\u00e3o de &#8220;um presidente oper\u00e1rio&#8221; em 2001. &#8220;As pessoas fazem essa associa\u00e7\u00e3o [com o <a href=\"https:\/\/www1.folha.uol.com.br\/folha-topicos\/lula\/\" rel=\"nofollow noopener\" target=\"_blank\">Lula<\/a>], mas a brincadeira \u00e9 com \u2018Uma Odisseia no Espa\u00e7o\u2019&#8221;, diz, citando o filme de Stanley Kubrick. &#8220;Ali o ser humano v\u00ea a possibilidade de fazer viagens intergal\u00e1cticas. \u00c9 um paralelo doido, porque \u00e9 uma dist\u00e2ncia parecida com a de uma pessoa pobre e oper\u00e1ria alcan\u00e7ar um lugar de reconhecimento como a presid\u00eancia da Rep\u00fablica no Brasil.&#8221;<\/p>\n<p>Seu processo de escrita, diz Emicida, \u00e9 meticuloso, em que ele vai riscando as palavras como pedra \u2014&#8221;at\u00e9 sair fa\u00edsca&#8221;. &#8220;Procuro [no dicion\u00e1rio] a palavra e as formas de interpret\u00e1-la, porque \u00e0s vezes varia a s\u00edlaba t\u00f4nica. Muitas vezes voc\u00ea altera uma s\u00edlaba e muda todo o sentido. Tem coisas de uma subjetividade t\u00e3o grande que n\u00e3o s\u00e3o captadas nem pelos f\u00e3s&#8221;, ele afirma.<\/p>\n<p>Desde as batalhas de <a href=\"https:\/\/f5.folha.uol.com.br\/voceviu\/2025\/06\/atacante-memphis-depay-lanca-musica-em-que-alfineta-neto.shtml\" rel=\"nofollow noopener\" target=\"\">freestyle<\/a>, Emicida sempre foi um craque das rimas, e nunca abandonou o rap. Mas em seus \u00faltimos \u00e1lbuns \u2014&#8221;<a href=\"https:\/\/www1.folha.uol.com.br\/ilustrada\/2013\/08\/1329203-lancando-novo-disco-emicida-fala-sobre-mudanca-de-abordagem-em-suas-letras.shtml\" rel=\"nofollow noopener\" target=\"\">O Glorioso Retorno de Quem Nunca Esteve Aqui<\/a>&#8220;, de 2013, e &#8220;<a href=\"https:\/\/m.folha.uol.com.br\/ilustrada\/2015\/08\/1665346-emicida-combate-o-racismo-com-novo-album-pra-cima.shtml?cmpid=menutopo\" rel=\"nofollow noopener\" target=\"\">Sobre Crian\u00e7as, Quadris, Pesadelos e Li\u00e7\u00f5es de Casa<\/a>&#8220;, de 2015, e &#8220;AmarElo&#8221;\u2014 ele foi caminhando para perto da <a href=\"https:\/\/www1.folha.uol.com.br\/folha-topicos\/mpb\/\" rel=\"nofollow noopener\" target=\"\">MPB<\/a>.<\/p>\n<p>Em 2017, <a href=\"https:\/\/www1.folha.uol.com.br\/ilustrada\/2025\/06\/don-l-repensa-o-rap-a-partir-do-brasil-em-caro-vapor-ii-para-criar-utopia-na-distopia.shtml\" rel=\"nofollow noopener\" target=\"\">o rapper Don L<\/a> lamentou que o rap s\u00f3 seria reconhecido enquanto arte a partir de movimentos desse tipo. &#8220;Se \u00e9 MPBoy a grana vem\/ Igual passarinhos voando\/ Colando no Leblon vez em quando\/ Pra chupar a Lavigne\/ Mais do que o Athayde faz plano\/ Na sauna hype do <a href=\"https:\/\/www1.folha.uol.com.br\/folha-topicos\/caetano-veloso\/\" rel=\"nofollow noopener\" target=\"_blank\">Caetano<\/a>&#8220;, ele rimou em &#8220;Eu N\u00e3o te Amo&#8221;, citando indiretamente &#8220;Passarinhos&#8221;, can\u00e7\u00e3o de Emicida com <a href=\"https:\/\/f5.folha.uol.com.br\/celebridades\/2025\/07\/vanessa-da-mata-critica-desvalorizacao-de-artistas-brasileiros-temos-autoestima-ruim.shtml\" rel=\"nofollow noopener\" target=\"\">Vanessa da Mata<\/a>, levada ao ukelele, e marco daquele momento.<\/p>\n<p>N\u00e3o era uma cr\u00edtica a Emicida, como o pr\u00f3prio Don L esclareceu no mesmo \u00e1lbum, na faixa &#8220;Fazia Sentido&#8221;, mas ao ecossistema da m\u00fasica no Brasil. \u00c9 como se o rap n\u00e3o se bastasse \u2014ele precisaria do aval dessa elite da MPB.<\/p>\n<p>Na \u00faltima d\u00e9cada e meia, Emicida cantou em todos os grandes festivais do pa\u00eds , excursionou no exterior \u2014tocou no Coachella, nos Estados Unidos, bem antes de <a href=\"https:\/\/f5.folha.uol.com.br\/celebridades\/2025\/11\/anitta-rejeita-show-em-natal-por-nao-aceitar-cache-bancado-por-dinheiro-publico.shtml\" rel=\"nofollow noopener\" target=\"\">Anitta <\/a>e <a href=\"https:\/\/www1.folha.uol.com.br\/folha-topicos\/ludmilla\/\" rel=\"nofollow noopener\" target=\"\">Ludmilla<\/a>\u2014, colecionou pr\u00eamios e angariou uma admira\u00e7\u00e3o intelectual que \u00e9 rara para qualquer rapper em qualquer \u00e9poca. Culminou com o <a href=\"https:\/\/www1.folha.uol.com.br\/ilustrada\/2019\/11\/emicida-faz-show-historico-e-emotivo-exaltando-a-negritude-no-municipal.shtml\" rel=\"nofollow noopener\" target=\"\">show de &#8220;AmarElo&#8221;<\/a> para um <a href=\"https:\/\/guia.folha.uol.com.br\/teatro\/2025\/10\/melhor-teatro-lirico-municipal-equilibra-tradicao-e-dialogo-com-o-presente.shtml\" rel=\"nofollow noopener\" target=\"\">Theatro Municipal<\/a>, em S\u00e3o Paulo, abarrotado \u2014e, tamb\u00e9m raro, repleto de pessoas negras no palco e na plateia.<\/p>\n<p>Na \u00falima quinta, teve um verso seu citado pela ministra do <a href=\"https:\/\/www1.folha.uol.com.br\/poder\/stf\/\" rel=\"nofollow noopener\" target=\"\">Supremo Tribunal Federal<\/a> <a href=\"https:\/\/www1.folha.uol.com.br\/folha-topicos\/carmen-lucia\/\" rel=\"nofollow noopener\" target=\"\">C\u00e1rmen Lucia<\/a> em seu voto na a\u00e7\u00e3o sobre a poss\u00edvel omiss\u00e3o do Estado na garantia de direitos da popula\u00e7\u00e3o negra. E neste s\u00e1bado (29), recebeu o t\u00edtulo de doutor honoris causa pela Universidade Federal do Rio Grande do Sul.<\/p>\n<p>Recentemente, tamb\u00e9m deu aulas nas universidades de Pittsburgh, nos EUA, e Coimbra, em Portugal. &#8220;Pude reorganizar em par\u00e2metros acad\u00eamicos toda a informa\u00e7\u00e3o que a gente manipula para fazer um rap \u2014e \u00e9 muita coisa&#8221;, ele diz.<\/p>\n<p>Agora, na &#8220;<a href=\"https:\/\/www1.folha.uol.com.br\/ilustrada\/2025\/07\/como-tim-maia-fez-os-discos-da-fase-racional-que-ele-fez-ha-50-anos-e-tentou-enterrar.shtml\" rel=\"nofollow noopener\" target=\"\">fase Racional<\/a>&#8220;, Emicida quer exercitar o rap em toda a sua magnitude. &#8220;Depois dessa jornada de ind\u00fastria, arte e cultura, quero apresentar a m\u00fasica rap n\u00e3o como um quase algo, mas como um g\u00eanero completo. O rap existe dentro de si mesmo h\u00e1 d\u00e9cadas. Fomos muito questionados \u2014\u00e0s vezes pela imprensa, \u00e0s vezes pelo mercado, com a demanda de ter refr\u00e3o, ser mais <a href=\"https:\/\/www1.folha.uol.com.br\/folha-topicos\/pop\/\" rel=\"nofollow noopener\" target=\"_blank\">pop<\/a>.&#8221;<\/p>\n<p>Se a confus\u00e3o de agora lembra a de 2009, talvez o retorno seja diferente. Mais que<a href=\"https:\/\/www1.folha.uol.com.br\/ilustrada\/2023\/08\/racionais-vai-levar-a-rua-de-sao-paulo-ao-the-town-com-orquestra-de-heliopolis.shtml\" rel=\"nofollow noopener\" target=\"\"> aos Racionais<\/a>, Emicida est\u00e1 buscando a si mesmo atrav\u00e9s do grupo que arquitetou a maneira brasileira de se fazer rap. Est\u00e1 mais para o glorioso retorno de quem j\u00e1 esteve aqui.<\/p>\n<p>&#8220;Fiquei introspectivo, cuidei de minha fam\u00edlia, minhas plantas, meus cachorros, li meus livros&#8221;, diz. &#8220;Rodei o mundo, mas era a hora de voltar para casa. Mostramos mil possibilidades, mas se voc\u00ea quer ser algu\u00e9m, voc\u00ea tem que ser voc\u00ea. E sou isso a\u00ed. \u00c9 a m\u00fasica de que gosto.&#8221;<\/p>\n<p>&#8220;Onde a sua mente est\u00e1 agora?&#8221;, Emicida indaga numa faixa de &#8220;Mesmas Cores &amp; Mesmos Valores&#8221;. \u00c9 uma estrat\u00e9gia budista para se n\u00e3o deixar levar por preocupa\u00e7\u00f5es futuras ou problemas do passado. Recentemente, o rapper lidou com alguns contratempos.<\/p>\n<p><a href=\"https:\/\/www1.folha.uol.com.br\/ilustrada\/2025\/07\/emicida-fez-musicas-sobre-sua-mae-dona-jacira-morta-aos-60-anos-relembre.shtml\" rel=\"nofollow noopener\" target=\"\">Dona Jacira, sua m\u00e3e<\/a>, <a href=\"https:\/\/f5.folha.uol.com.br\/celebridades\/2025\/07\/dona-jacira-mae-de-emicida-e-fioti-morre-aos-60-anos-em-sao-paulo.shtml\" rel=\"nofollow noopener\" target=\"\">morreu em julho<\/a>, aos 60 anos. Os mais de oito minutos da primeira faixa do novo \u00e1lbum s\u00e3o dedicados a ela, que surge numa colagem de \u00e1udios por cima do piano de <a href=\"https:\/\/www1.folha.uol.com.br\/ilustrada\/2024\/03\/amaro-freitas-usa-domino-e-pregadores-no-piano-para-descobrir-sons-ancestrais.shtml\" rel=\"nofollow noopener\" target=\"\">Amaro Freitas<\/a>. Entre outras coisas, ela fala da necessidade de escrever, algo em comum com o filho MC, mas que n\u00e3o era percebido assim.<\/p>\n<p>&#8220;Nossa rela\u00e7\u00e3o foi de embates&#8221;, diz Emicida. &#8220;Meu pai foi um DJ frustrado. Isso tem rela\u00e7\u00e3o com o alcoolismo no qual ele caiu, o que tem v\u00ednculo direto com a forma como ele morreu. Ter uma situa\u00e7\u00e3o dessa em casa gera um assombro.&#8221;<\/p>\n<p>Sua m\u00e3e n\u00e3o gostava de rap, nem queria que ele seguisse essa carreira. Na periferia, ele diz, as pessoas n\u00e3o s\u00e3o moldadas para sonhar, mas fazer parte de uma engrenagem. &#8220;S\u00f3 que sou uma engrenagem rebelde. Um parafuso que falou \u2018v\u00e1 se foder, vou ficar girando aqui o resto da minha vida? Sai fora.\u2019&#8221;<\/p>\n<p>N\u00e3o ajudou o fato de que na d\u00e9cada de 2000 o rap era visto como <a href=\"https:\/\/www1.folha.uol.com.br\/ilustrada\/2020\/07\/tensao-entre-o-funk-e-a-policia-vive-novo-auge-com-caso-do-mc-poze-do-rodo.shtml\" rel=\"nofollow noopener\" target=\"\">a m\u00fasica do crime<\/a>. \u00c9 algo que n\u00e3o mudou muito, diz o artista, lembrando as pris\u00f5es de <a href=\"https:\/\/www1.folha.uol.com.br\/folha-topicos\/oruam\/\" rel=\"nofollow noopener\" target=\"\">Oruam<\/a> e <a href=\"https:\/\/www1.folha.uol.com.br\/folha-topicos\/mc-poze\/\" rel=\"nofollow noopener\" target=\"\">Poze do Rodo<\/a>, no Rio de Janeiro, acusados de fazer apologia do tr\u00e1fico de drogas e de envolvimento com o crime.<\/p>\n<p>&#8220;Quando ganhei a Liga dos MCs, em 2006, dormi na cal\u00e7ada com o pr\u00eamio no bolso. Minha m\u00e3e ficou brava de eu ter ido ao Rio fazer essa parada. Demorou para ela entender, e a gente nunca falou sobre isso&#8221;, diz. &#8220;\u00c9 uma parada muito louca da rela\u00e7\u00e3o de m\u00e3e e filho. S\u00e3o conversas que n\u00e3o aconteceram.&#8221;<\/p>\n<p>Num dos \u00e1udios de &#8220;Mesmas Cores &amp; Mesmos Valores&#8221;, Jacira, sua m\u00e3e, diz que precisa escrever, algo que ela fazia havia d\u00e9cadas. &#8220;Voc\u00ea ia pegar um caderno de receitas e tinha um neg\u00f3cio escrito sobre o bairro. Foi ver isso que me fez escrever&#8221;, diz o rapper. &#8220;Ela n\u00e3o entendeu que, al\u00e9m da cultura hip-hop, tinha algo dentro da minha casa que emanava dela e que me fazia teimar naquele bagulho. No meio das nossas tretas, minha capacidade de improvisar evoluiu. Eu n\u00e3o podia ter um caderno, ia gerar discuss\u00e3o. Tive que levar tudo para dentro da cabe\u00e7a. E nas batalhas era onde eu podia botar para fora.&#8221;<\/p>\n<p>At\u00e9 sua primeira m\u00fasica, &#8220;Triunfo&#8221;, de 2008, Emicida teve outros trabalhos \u2014foi pedreiro, artes\u00e3o, assistente de est\u00fadio. Quando lan\u00e7ou a mixtape de estreia, no ano seguinte, j\u00e1 foi por um selo pr\u00f3prio, o <a href=\"https:\/\/www1.folha.uol.com.br\/ilustrada\/2025\/04\/laboratorio-fantasma-de-emicida-e-fioti-fez-o-rap-voltar-a-sonhar.shtml\" rel=\"nofollow noopener\" target=\"\">Laborat\u00f3rio Fantasma<\/a>.<\/p>\n<p>Tocada por ele com o irm\u00e3o, a empresa nasceu da vontade de fazer as coisas por conta pr\u00f3pria, dada a incompreens\u00e3o em torno do rap \u2014que come\u00e7ava dentro de casa, mas se estendia \u00e0 ind\u00fastria. Em alguns anos, se tornou uma das mais bem-sucedidas experi\u00eancias independentes da m\u00fasica brasileira.<\/p>\n<p>Al\u00e9m de Emicida e Evandro Fi\u00f3ti, a Lab publicou obras de gente como Rael e <a href=\"https:\/\/www1.folha.uol.com.br\/ilustrada\/2025\/04\/rapper-drik-barbosa-disse-que-briga-de-emicida-e-fioti-prejudicou-a-sua-carreira.shtml\" rel=\"nofollow noopener\" target=\"\">Drik Barbosa<\/a>, desfilou na S\u00e3o Paulo Fashion Week com suas cole\u00e7\u00f5es de roupas, teve escrit\u00f3rio, est\u00fadio e um neg\u00f3cio rent\u00e1vel. Em abril, <a href=\"https:\/\/www1.folha.uol.com.br\/ilustrada\/2025\/04\/emicida-diz-que-nao-esta-acusando-fioti-de-roubo-em-disputa-na-justica.shtml\" rel=\"nofollow noopener\" target=\"\">os irm\u00e3os romperam ap\u00f3s um desacordo financeiro milion\u00e1rio<\/a> e a disputa est\u00e1 na Justi\u00e7a.<\/p>\n<p>Emicida n\u00e3o proibiu a reportagem de perguntar sobre o assunto, mas n\u00e3o quis se aprofundar. &#8220;Em minha trajet\u00f3ria sofremos muito enviando trabalhos para a imprensa que n\u00e3o receberam a aten\u00e7\u00e3o que consider\u00e1vamos devida. N\u00e3o quero ser protagonista desse tipo de situa\u00e7\u00e3o e prefiro n\u00e3o visitar esse assunto. A Laborat\u00f3rio Fantasma continua dentro de um lit\u00edgio a partir desse desacordo, e a gente n\u00e3o tem previs\u00e3o de fazer novos projetos atrav\u00e9s dela.&#8221;<\/p>\n<p>O modelo de neg\u00f3cios que impulsionou a empresa fez sentido na \u00e9poca, ele diz, mas \u00e9 uma bananeira que j\u00e1 deu frutos. Ele era baseado em publicidade \u2014&#8221;monetizar cliques e \u2018likes\u2019 tendo visibilidade e seguidores&#8221;. &#8220;Essas m\u00e9tricas v\u00e3o ser irrelevantes porque podem ser reproduzidas em uma ag\u00eancia por qualquer pessoa que tenha ou n\u00e3o um v\u00ednculo com algo verdadeiro.&#8221;<\/p>\n<p>Para o rapper, a internet tem de voltar a ser protocolo, n\u00e3o plataforma, e a tend\u00eancia \u00e9 de fric\u00e7\u00e3o contra as redes. &#8220;Se voc\u00ea tem aten\u00e7\u00e3o por ser leg\u00edtimo, consegue se manter de p\u00e9. Esse vai ser o par\u00e2metro \u2014pessoas que n\u00e3o s\u00e3o amea\u00e7adas pela intelig\u00eancia artificial porque significam algo fora do digital.&#8221;<\/p>\n<p>Ele cr\u00ea que a ascens\u00e3o das pautas de afirma\u00e7\u00e3o de identidades marginalizadas no auge da gravadora gerou choques valiosos. &#8220;O resultado s\u00e3o as conversas que tenho com minhas filhas. Enquanto sociedade, fomos para um lugar melhor&#8221;, diz. &#8220;Tomamos flechadas e disparamos, mas eram ideias que precisavam de aten\u00e7\u00e3o. Excessos foram cometidos. Nem tudo o que foi dito por quem trouxe essas bandeiras foi leg\u00edtimo. Assim como nem todo mundo que defendia outro ponto era digno de vaia.&#8221;<\/p>\n<p>&#8220;Mesmas Cores &amp; Mesmos Valores&#8221; sai pelo novo selo de Emicida, Cecr\u00f3pia. &#8220;Pouco refr\u00e3o? S\u00f3 tem um&#8221;, diz Emicida, rindo, ao comentar o novo disco. Ele diz que cria sob uma l\u00f3gica de agricultor \u2014para ter um bom gr\u00e3o de caf\u00e9, \u00e9 preciso um trabalho de tr\u00eas anos antes. Ao mesmo tempo, agora quis captar o calor do momento. Mais ou menos como uma foto de <a href=\"https:\/\/www1.folha.uol.com.br\/ilustrada\/2022\/04\/sou-negro-tenho-nariz-chato-e-cabelo-pixaim-diz-walter-firmo-que-abre-exposicao.shtml\" rel=\"nofollow noopener\" target=\"\">Walter Firmo<\/a>, autor da capa do \u00e1lbum do rapper, que retratou \u00edcones do samba com um clique espont\u00e2neo.<\/p>\n<p>Nisso sobram ru\u00eddos, sil\u00eancios e uma faixa de dez minutos que \u00e9 m\u00fasica concreta no estilo <a href=\"https:\/\/www1.folha.uol.com.br\/fsp\/ilustrissima\/171146-xadrez-com-john-cage.shtml\" rel=\"nofollow noopener\" target=\"\">John Cage<\/a>. Ao fim da primeira m\u00fasica, ouvimos ao fundo um barulho de choro. &#8220;\u00c9 um microfone que estava dentro do piano e colateralmente gravou o momento que eu estava chorando, me levanto, abra\u00e7o o Amaro Freitas e a gente chora junto.&#8221;<\/p>\n<p>As cores podem ser as mesmas, mas alguns valores mudaram. Em &#8220;Intro (\u00c9 Necess\u00e1rio Voltar ao Come\u00e7o)&#8221;, a primeira m\u00fasica da primeira mixtape, Emicida rima que Jesus perdoou demais e morreu, e Lampi\u00e3o confiou demais e morreu, antes de arrematar \u2014&#8221;n\u00e3o confio nem perdoo, por isso mandaram eu&#8221;. Era ali o rapper que veste seu eu-l\u00edrico com uma capa de super-her\u00f3i para inspirar o ouvinte e esconder fragilidades.<\/p>\n<p>Emicida est\u00e1 de volta ao rap, mas n\u00e3o sem o que colheu enquanto se tornou um dos grandes nomes da hist\u00f3ria do g\u00eanero no Brasil. E com toda a sua vulnerabilidade. &#8220;Como todas as pessoas, tamb\u00e9m tenho minhas ang\u00fastias, ansiedades, desesperan\u00e7as. E a\u00ed a cabe\u00e7a entra em um v\u00f3rtex&#8221;, ele diz, citando o aprendizado budista a que recorria.<\/p>\n<p>At\u00e9 porque, para o rapper, o que define o melhor da m\u00fasica e da cultura brasileira \u00e9 uma &#8220;dimens\u00e3o insepar\u00e1vel da melancolia e da luz&#8221;. &#8220;Voc\u00ea vai achar isso <a href=\"https:\/\/www1.folha.uol.com.br\/ilustrada\/2023\/09\/bossa-nova-de-volta-ao-carnegie-hall-apos-60-anos-ainda-encanta-o-mundo.shtml\" rel=\"nofollow noopener\" target=\"\">na bossa nova<\/a>, no Johnny Alf, no Jorge Ben Jor, <a href=\"https:\/\/www1.folha.uol.com.br\/ilustrada\/2022\/09\/racionais-estreiam-no-rock-in-rio-saudando-marighella-e-moise-linchado-no-rj.shtml\" rel=\"nofollow noopener\" target=\"\">nos Racionais<\/a>&#8220;, ele afirma.<\/p>\n<p>Emicida diz que sua &#8220;fase Racional&#8221; \u00e9 um presente para o garoto que descobriu no poder das palavras o sentido da vida, e seu agradecimento aos respons\u00e1veis por isso, o maior grupo do rap nacional.<\/p>\n<p>Afirma tamb\u00e9m que fez o novo \u00e1lbum para aproximar pessoas e gera\u00e7\u00f5es. &#8220;A gente precisa se reconectar. Estou falando aqui numa esfera \u00edntima, familiar, mas a gente precisa produzir uma atmosfera de conex\u00e3o enquanto sociedade. E n\u00e3o \u00e9 por ideologia simplesmente \u2014\u00e9 porque isso \u00e9 vital para nossa sobreviv\u00eancia enquanto povo. A gente vai ter que colocar perd\u00e3o no horizonte. E perdoar n\u00e3o \u00e9 f\u00e1cil.&#8221;<\/p>\n","protected":false},"excerpt":{"rendered":"&#8220;Quando os caminhos se confundem, \u00e9 necess\u00e1rio voltar ao come\u00e7o&#8221;, Emicida cantou na primeira faixa de sua primeira&hellip;\n","protected":false},"author":2,"featured_media":169740,"comment_status":"","ping_status":"","sticky":false,"template":"","format":"standard","meta":{"footnotes":""},"categories":[141],"tags":[1721,3112,114,115,236,3927,6050,149,150,32,33,35609,3928,1641],"class_list":{"0":"post-169739","1":"post","2":"type-post","3":"status-publish","4":"format-standard","5":"has-post-thumbnail","7":"category-musica","8":"tag-album","9":"tag-emicida","10":"tag-entertainment","11":"tag-entretenimento","12":"tag-folha","13":"tag-mano-brown","14":"tag-mpb","15":"tag-music","16":"tag-musica","17":"tag-portugal","18":"tag-pt","19":"tag-racionais","20":"tag-racionais-mcs","21":"tag-rap"},"share_on_mastodon":{"url":"https:\/\/pubeurope.com\/@pt\/115634696546066884","error":""},"_links":{"self":[{"href":"https:\/\/www.europesays.com\/pt\/wp-json\/wp\/v2\/posts\/169739","targetHints":{"allow":["GET"]}}],"collection":[{"href":"https:\/\/www.europesays.com\/pt\/wp-json\/wp\/v2\/posts"}],"about":[{"href":"https:\/\/www.europesays.com\/pt\/wp-json\/wp\/v2\/types\/post"}],"author":[{"embeddable":true,"href":"https:\/\/www.europesays.com\/pt\/wp-json\/wp\/v2\/users\/2"}],"replies":[{"embeddable":true,"href":"https:\/\/www.europesays.com\/pt\/wp-json\/wp\/v2\/comments?post=169739"}],"version-history":[{"count":0,"href":"https:\/\/www.europesays.com\/pt\/wp-json\/wp\/v2\/posts\/169739\/revisions"}],"wp:featuredmedia":[{"embeddable":true,"href":"https:\/\/www.europesays.com\/pt\/wp-json\/wp\/v2\/media\/169740"}],"wp:attachment":[{"href":"https:\/\/www.europesays.com\/pt\/wp-json\/wp\/v2\/media?parent=169739"}],"wp:term":[{"taxonomy":"category","embeddable":true,"href":"https:\/\/www.europesays.com\/pt\/wp-json\/wp\/v2\/categories?post=169739"},{"taxonomy":"post_tag","embeddable":true,"href":"https:\/\/www.europesays.com\/pt\/wp-json\/wp\/v2\/tags?post=169739"}],"curies":[{"name":"wp","href":"https:\/\/api.w.org\/{rel}","templated":true}]}}