{"id":169797,"date":"2025-11-29T20:32:16","date_gmt":"2025-11-29T20:32:16","guid":{"rendered":"https:\/\/www.europesays.com\/pt\/169797\/"},"modified":"2025-11-29T20:32:16","modified_gmt":"2025-11-29T20:32:16","slug":"putin-impoe-condicao-para-acabar-com-a-guerra-e-nao-gostou-de-uma-surpresa-de-trump-sobre-atacar-a-europa-isso-e-ridiculo","status":"publish","type":"post","link":"https:\/\/www.europesays.com\/pt\/169797\/","title":{"rendered":"Putin imp\u00f5e condi\u00e7\u00e3o para acabar com a guerra e n\u00e3o gostou de uma surpresa de Trump. Sobre atacar a Europa: &#8220;Isso \u00e9 rid\u00edculo&#8221;"},"content":{"rendered":"<p>\t                Presidente russo deixa ainda um aviso a quem utilizar ativos russos congelados<\/p>\n<p>O <a href=\"https:\/\/cnnportugal.iol.pt\/aominuto\/6207bf6c0cf2cc58e7e276ff\" target=\"_blank\" rel=\"nofollow noopener\">Presidente russo<\/a>, Vladimir Putin, deu esta quinta-feira uma confer\u00eancia de imprensa em\u00a0Bishkek, capital do Quirguist\u00e3o, onde est\u00e1 a realizar uma visita de Estado. O presidente russo aproveitou o momento para assegurar que est\u00e1 disposto a cessar as hostilidades com a Ucr\u00e2nia caso Kiev retire as suas for\u00e7as dos territ\u00f3rios que a R\u00fassia alega ter anexado.<\/p>\n<p>&#8220;Se as tropas ucranianas abandonarem os territ\u00f3rios ocupados, cessaremos as hostilidades. Se n\u00e3o sa\u00edrem, expuls\u00e1-las-emos pela for\u00e7a militar.&#8221;<\/p>\n<p data-end=\"212\" data-start=\"122\">Putin considera a lideran\u00e7a ucraniana &#8220;ileg\u00edtima&#8221; e justifica que, por isso, \u00e9 in\u00fatil assinar qualquer plano de paz ou documento com a atual presid\u00eancia ucraniana que vise um eventual cessar-fogo . O l\u00edder do Kremlin argumenta que a lideran\u00e7a pol\u00edtica de Kiev perdeu legitimidade ap\u00f3s recusar realizar elei\u00e7\u00f5es quando terminou o mandato atual de Volodymyr Zelensky.<\/p>\n<p data-end=\"212\" data-start=\"122\">Quanto \u00e0 Europa, Putin garante que est\u00e1 a preparar um conjunto de medidas de retalia\u00e7\u00e3o em resposta a potenciais utiliza\u00e7\u00f5es dos ativos russos.\u00a0O presidente russo avisa ainda que qualquer movimento para gastar os ativos russos seria \u201cum roubo de propriedade\u201d e teria um impacto negativo no sistema financeiro global.<\/p>\n<p data-end=\"212\" data-start=\"122\">Sobre o lado de l\u00e1 do Atl\u00e2ntico, o presidente russo confessa que\u00a0ficou surpreendido com as san\u00e7\u00f5es impostas pelos Estados Unidos contra empresas petrol\u00edferas russas. Isto porque, no\u00a0m\u00eas passado, os Estados Unidos aplicaram as suas san\u00e7\u00f5es mais duras at\u00e9 agora ao sector energ\u00e9tico russo, atingindo as petrol\u00edferas Lukoil e Rosneft.<\/p>\n<p data-end=\"212\" data-start=\"122\">Putin acrescentou que as san\u00e7\u00f5es &#8220;est\u00e3o a destruir&#8221; as rela\u00e7\u00f5es da R\u00fassia com os Estados Unidos.<\/p>\n<p data-end=\"685\" data-start=\"421\">O l\u00edder russo rejeitou ainda\u00a0a sugest\u00e3o que tem vindo a ser amplamente reproduzida de que o enviado norte-americano Steve Witkoff teria demonstrado parcialidade a favor de Moscovo nas negocia\u00e7\u00f5es de paz sobre a Ucr\u00e2nia, classificando tal ideia como um &#8220;disparate&#8221;.<\/p>\n<p data-end=\"685\" data-start=\"421\">Witkoff tem vindo a ser criticado na Europa e nos Estados Unidos esta semana ap\u00f3s a divulga\u00e7\u00e3o de uma grava\u00e7\u00e3o telef\u00f3nica na qual aconselhava um assessor do Kremlin sobre como Putin deveria conduzir as negocia\u00e7\u00f5es de paz com o presidente Donald Trump.\u00a0\u201cIsto \u00e9 um disparate\u201d, afirmou Putin, descrevendo Witkoff como um cidad\u00e3o dos EUA que defende os interesses dos EUA.<\/p>\n<p data-end=\"685\" data-start=\"421\">Vladimir Putin anunciou ainda que a R\u00fassia est\u00e1 pronta para discutir estabilidade estrat\u00e9gica com os Estados Unidos, incluindo quest\u00f5es relacionadas com testes nucleares. E deixou uma \u00faltima garantia:\u00a0a R\u00fassia &#8220;n\u00e3o planeia atacar a Europa&#8221;. &#8220;Isso \u00e9 rid\u00edculo.&#8221;<\/p>\n","protected":false},"excerpt":{"rendered":"Presidente russo deixa ainda um aviso a quem utilizar ativos russos congelados O Presidente russo, Vladimir Putin, deu&hellip;\n","protected":false},"author":2,"featured_media":169798,"comment_status":"","ping_status":"","sticky":false,"template":"","format":"standard","meta":{"footnotes":""},"categories":[50],"tags":[609,836,611,27,28,607,608,333,832,604,135,610,476,15,16,301,830,14,603,25,26,570,21,22,831,833,62,834,12,13,19,20,835,602,52,32,23,24,839,17,18,840,29,30,31,63,64,65],"class_list":{"0":"post-169797","1":"post","2":"type-post","3":"status-publish","4":"format-standard","5":"has-post-thumbnail","7":"category-mundo","8":"tag-alerta","9":"tag-analise","10":"tag-ao-minuto","11":"tag-breaking-news","12":"tag-breakingnews","13":"tag-cnn","14":"tag-cnn-portugal","15":"tag-comentadores","16":"tag-costa","17":"tag-crime","18":"tag-desporto","19":"tag-direto","20":"tag-economia","21":"tag-featured-news","22":"tag-featurednews","23":"tag-governo","24":"tag-guerra","25":"tag-headlines","26":"tag-justica","27":"tag-latest-news","28":"tag-latestnews","29":"tag-live","30":"tag-main-news","31":"tag-mainnews","32":"tag-mais-vistas","33":"tag-marcelo","34":"tag-mundo","35":"tag-negocios","36":"tag-news","37":"tag-noticias","38":"tag-noticias-principais","39":"tag-noticiasprincipais","40":"tag-opiniao","41":"tag-pais","42":"tag-politica","43":"tag-portugal","44":"tag-principais-noticias","45":"tag-principaisnoticias","46":"tag-russia","47":"tag-top-stories","48":"tag-topstories","49":"tag-ucrania","50":"tag-ultimas","51":"tag-ultimas-noticias","52":"tag-ultimasnoticias","53":"tag-world","54":"tag-world-news","55":"tag-worldnews"},"share_on_mastodon":{"url":"","error":"Validation failed: Text character limit of 500 exceeded"},"_links":{"self":[{"href":"https:\/\/www.europesays.com\/pt\/wp-json\/wp\/v2\/posts\/169797","targetHints":{"allow":["GET"]}}],"collection":[{"href":"https:\/\/www.europesays.com\/pt\/wp-json\/wp\/v2\/posts"}],"about":[{"href":"https:\/\/www.europesays.com\/pt\/wp-json\/wp\/v2\/types\/post"}],"author":[{"embeddable":true,"href":"https:\/\/www.europesays.com\/pt\/wp-json\/wp\/v2\/users\/2"}],"replies":[{"embeddable":true,"href":"https:\/\/www.europesays.com\/pt\/wp-json\/wp\/v2\/comments?post=169797"}],"version-history":[{"count":0,"href":"https:\/\/www.europesays.com\/pt\/wp-json\/wp\/v2\/posts\/169797\/revisions"}],"wp:featuredmedia":[{"embeddable":true,"href":"https:\/\/www.europesays.com\/pt\/wp-json\/wp\/v2\/media\/169798"}],"wp:attachment":[{"href":"https:\/\/www.europesays.com\/pt\/wp-json\/wp\/v2\/media?parent=169797"}],"wp:term":[{"taxonomy":"category","embeddable":true,"href":"https:\/\/www.europesays.com\/pt\/wp-json\/wp\/v2\/categories?post=169797"},{"taxonomy":"post_tag","embeddable":true,"href":"https:\/\/www.europesays.com\/pt\/wp-json\/wp\/v2\/tags?post=169797"}],"curies":[{"name":"wp","href":"https:\/\/api.w.org\/{rel}","templated":true}]}}