{"id":169805,"date":"2025-11-29T20:38:09","date_gmt":"2025-11-29T20:38:09","guid":{"rendered":"https:\/\/www.europesays.com\/pt\/169805\/"},"modified":"2025-11-29T20:38:09","modified_gmt":"2025-11-29T20:38:09","slug":"versao-turca-de-avenida-brasil-estreia-bem-no-globoplay-e-quase-supera-tres-gracas-uol","status":"publish","type":"post","link":"https:\/\/www.europesays.com\/pt\/169805\/","title":{"rendered":"Vers\u00e3o turca de &#039;Avenida Brasil&#039; estreia bem no Globoplay e quase supera &#039;Tr\u00eas Gra\u00e7as&#039; &#8211; UOL"},"content":{"rendered":"<ol>\n<li><a href=\"https:\/\/news.google.com\/rss\/articles\/CBMi4AFBVV95cUxNZkZfU0ZuLUVOWnl0RTFsakpnWC1NYVhFY3ZkOE53OUlzeFhBNUJpU1FfSHNwOGN3WF9FclNvUXJCc0RZSG9GdVhpRHJrYVJTNWlreFZIc2p2T3V4bkNqbFV3eWdmc1N4QVhFYllyUUlRSFMxd0JsdUIxLW9SMGI5V2hTR2JNT1FrZWxSZWF0ZGpIUWktRGhKbzJSZFpIYTRaUDY5NWl5cHBEY1ZnUkJYY1lkN1MycjBQc1BDLW5IZ2FoNWM5dlRPNnl1WFZ2MHhDRWZRMFZOZVJYTHp1TkF1X9IB5gFBVV95cUxNTGdJeVF2Nzl3QTU3NmJlc3ZyZ2htQWdjZDBWLXM2RFcwel80dFVVNlFQS1RNTkxaODFxY2Z5WW1meXgxMEcyMjNhVjQyZ2R4NThQbldkaVdnRlRMT0h6dUVmN2VhcV9CQldwUW11TExQT3k4bUxUTnI5R01tcDBQVk1heW9qbUw3NnlkR1JSWkhaZEhkMzBBNmJZM2RsaW84aExLNWRsZFowYUlVeDN4V1hoaW9OSHNoRkhVelF6RUl6bVJCTkhHTm0xSVVXY2YyVjN3b3lQWndyR1RTRmotdGpWOFdIUQ?oc=5\" target=\"_blank\" rel=\"nofollow noopener\">Vers\u00e3o turca de &#8216;Avenida Brasil&#8217; estreia bem no Globoplay e quase supera &#8216;Tr\u00eas Gra\u00e7as&#8217;<\/a>&nbsp;&nbsp;UOL<\/li>\n<li><a href=\"https:\/\/news.google.com\/rss\/articles\/CBMitgJBVV95cUxPajBwYVc0dGJUdlJ2bUZqV2llNzh4RC1vOGlPTDN0OWZCU0Jxc2ZKaVNMbjhocW12MlFrS2FDY0JUNkpYMlZkTFZ1cmYwWjZScWIybC0tMGIwOTRTY0xfSkRmTlBLVGYwaDB2eEFzQ2FBQTM5MS1TaENMV2FEclZyQjR1Y1JwNklWOHp2S1JWbkRKTVJRc2FmNkxXeGdXblFsN1Nwek91TWUxOW5zQTNkRlVzRXIyQ2k5OXhZR3doSU9pZDgwaUxXSnVOSC1lUzh3QmpUR3JRaXJDZGtOUDFvUW14Z015dENHWU1Va2VZdUhvR2VjdkZxV2djZi1Kb1dkbE5OdVNoRGhKaGRjaF9pdzV2Q2wxekF5dU9FSTFzY3g0cDZGRHQ3SW1RckhDS2VWamF1VkxR0gG7AkFVX3lxTE5EMlpBbWhCR29NSERxSHZ3cmYyVzhhcG85dHluS212aUViaC1NaXBHNUNKaTRBREp6OFk4Sk5uSHBobVp1QTZJa2JlOVVncDRvS2RFTWNWbUhLSWVTNU5iRE9udVRhMW5mQk9Ldlg3cFctQTJ1cUFtcDcyUWVqVnJxSm5XLVcxclQ0dkRMM3JUM2JrckRjM0RvWnk2WjIwOXJHelhfbUMzV3BwQTRjdkdzVnFNdU5tZm1tTkZaSFhyUzB5UEJDaFdBbi1DeFQzckJ1YmphOXlONk5TdGVYajJVMlA3SmVLbGFpY0VibFdRRW1FR29fMTNLRVgxS1BZZ2NWVENYYTRoR3o5bDJ6d0txMGQ3dWExZU1IX3JPMlV3X0t0Y1A1NWpnOGpSM2kwandnaHNTM3RBWkhTUQ?oc=5\" target=\"_blank\" rel=\"nofollow noopener\">Se voc\u00ea \u00e9 f\u00e3 de Carminha de &#8216;Avenida Brasil&#8217;, precisa conhecer a atriz que rouba a cena na novela turca \u2018M\u00e3e\u2019<\/a>&nbsp;&nbsp;purepeople.com.br<\/li>\n<li><a href=\"https:\/\/news.google.com\/rss\/articles\/CBMitgFBVV95cUxPakdUT3ZfQ1MxczlhUEp4OXdvUlBNTjRRNWVjZHA4Sk43aUJ1eC1lb013TjU3M0FNVEozQVF6Sm5WOGx2MlRhSFR5MkQyYzBJU0NIanRldGgxZEFNMDVHRkJNN2NXYmhBSjVoeHVaVDJuUDhzYTA1dmF5eXVnaVBhQjBNa2hGMGt4NXJZd1dsTVl4QnR3RnoyeElXZTZOOTBQTXZ6WVFxNHdlNU5xX2RyUVFzUGQtQQ?oc=5\" target=\"_blank\" rel=\"nofollow noopener\">Avenida Brasil: como \u00e9 Nina, vivida por Debora Falabella, na vers\u00e3o turca<\/a>&nbsp;&nbsp;VEJA<\/li>\n<li><a href=\"https:\/\/news.google.com\/rss\/articles\/CBMi9gFBVV95cUxQS2xXMGFWdkFtRk5CSlhBMDBCVzJmaXJDOTlVRnRyZVl5WDd4SE9QNHNIY0VQTnZob19hTnRkWlFOMlBuTHlISS1sNGdLRnUxQ1FSelJ3QlVZcjBFLUhhbllueE1xWERQQVhIRTdXeG03NEJoYXFicVZGYXlsQTNpcXFyWndzMC12dHFnbnFQRW4xZXpyRVpDZnpzY0UyZnA1WndGcHpJV1pYdlR4TVF4VEZFTVpEdGdnTXJiS0EzZHZnc0RZRGlFSlRuTUJGb2k3SVlRVmdRcFd2LXBETDZLVlZNUDJlOWh1RmFxZGZ4aDJkY3N4b3c?oc=5\" target=\"_blank\" rel=\"nofollow noopener\">Leyla: Sombras do Passado: Conhe\u00e7a a novela turca cheia de mist\u00e9rio, romance proibido e segredos familiares<\/a>&nbsp;&nbsp;O TEMPO<\/li>\n<li><a href=\"https:\/\/news.google.com\/rss\/articles\/CBMicEFVX3lxTFBjckpiVHhJZDFjVmdDUzc3YUZpdGhTRjY3OTNzNUU1MXZjd24ydEFLMTRfWXhQRV9GX2NoNjB5MU4tN3BXSE1ZLVprSWhsN2RZMTU1XzU5NW1mZU1vLWg4QmFsMkYxTHNYVTZFMEVaT2vSAXZBVV95cUxNOEVPUFR2NjNWOEVSQnJ6bkNwbE9WZTA2S3B1bGdEX0cxNUdfY2JoYlp2R1c5SUthV0RoU0EtSHE2bkZDYzNPSWFWcG5PWDJjLWpSdmVGcFA3ODZoMGFWcDdUNTN2YzYzeTNScFZWbmtwRkEyMmNn?oc=5\" target=\"_blank\" rel=\"nofollow noopener\">Leyla: Compare os personagens de Avenida Brasil com o elenco do remake internacional que acabou de chegar ao streaming<\/a>&nbsp;&nbsp;AdoroCinema<\/li>\n<\/ol>\n","protected":false},"excerpt":{"rendered":"Vers\u00e3o turca de &#8216;Avenida Brasil&#8217; estreia bem no Globoplay e quase supera &#8216;Tr\u00eas Gra\u00e7as&#8217;&nbsp;&nbsp;UOL Se voc\u00ea \u00e9 f\u00e3&hellip;\n","protected":false},"author":2,"featured_media":169806,"comment_status":"","ping_status":"","sticky":false,"template":"","format":"standard","meta":{"footnotes":""},"categories":[142],"tags":[18415,219,935,211,223,114,115,224,225,226,753,221,220,222,32,33,12022,2566,218,15806,228,2428,151,227],"class_list":{"0":"post-169805","1":"post","2":"type-post","3":"status-publish","4":"format-standard","5":"has-post-thumbnail","7":"category-tv","8":"tag-avenida-brasil","9":"tag-bichos","10":"tag-canais-de-tv","11":"tag-celebridades","12":"tag-colunistas","13":"tag-entertainment","14":"tag-entretenimento","15":"tag-estranho","16":"tag-eu-amo","17":"tag-fofices","18":"tag-globo","19":"tag-horoscopo","20":"tag-humanos","21":"tag-humor","22":"tag-portugal","23":"tag-pt","24":"tag-recep-tayyip-erdogan","25":"tag-televiso","26":"tag-televisao","27":"tag-trs-graas","28":"tag-tudo","29":"tag-turquia","30":"tag-tv","31":"tag-videos"},"share_on_mastodon":{"url":"https:\/\/pubeurope.com\/@pt\/115634917163659654","error":""},"_links":{"self":[{"href":"https:\/\/www.europesays.com\/pt\/wp-json\/wp\/v2\/posts\/169805","targetHints":{"allow":["GET"]}}],"collection":[{"href":"https:\/\/www.europesays.com\/pt\/wp-json\/wp\/v2\/posts"}],"about":[{"href":"https:\/\/www.europesays.com\/pt\/wp-json\/wp\/v2\/types\/post"}],"author":[{"embeddable":true,"href":"https:\/\/www.europesays.com\/pt\/wp-json\/wp\/v2\/users\/2"}],"replies":[{"embeddable":true,"href":"https:\/\/www.europesays.com\/pt\/wp-json\/wp\/v2\/comments?post=169805"}],"version-history":[{"count":0,"href":"https:\/\/www.europesays.com\/pt\/wp-json\/wp\/v2\/posts\/169805\/revisions"}],"wp:featuredmedia":[{"embeddable":true,"href":"https:\/\/www.europesays.com\/pt\/wp-json\/wp\/v2\/media\/169806"}],"wp:attachment":[{"href":"https:\/\/www.europesays.com\/pt\/wp-json\/wp\/v2\/media?parent=169805"}],"wp:term":[{"taxonomy":"category","embeddable":true,"href":"https:\/\/www.europesays.com\/pt\/wp-json\/wp\/v2\/categories?post=169805"},{"taxonomy":"post_tag","embeddable":true,"href":"https:\/\/www.europesays.com\/pt\/wp-json\/wp\/v2\/tags?post=169805"}],"curies":[{"name":"wp","href":"https:\/\/api.w.org\/{rel}","templated":true}]}}