{"id":169817,"date":"2025-11-29T20:46:20","date_gmt":"2025-11-29T20:46:20","guid":{"rendered":"https:\/\/www.europesays.com\/pt\/169817\/"},"modified":"2025-11-29T20:46:20","modified_gmt":"2025-11-29T20:46:20","slug":"adepto-do-palmeiras-morre-durante-passeio-turistico-antes-da-final-da-libertadores","status":"publish","type":"post","link":"https:\/\/www.europesays.com\/pt\/169817\/","title":{"rendered":"Adepto do Palmeiras morre durante passeio tur\u00edstico antes da final da Libertadores"},"content":{"rendered":"<p>Um adepto do <a class=\"autolink-enabled\" data-resource-id=\"174\" data-resource-type=\"team\" data-sport=\"football\" href=\"https:\/\/www.abola.pt\/futebol\/palmeiras-174\" rel=\"nofollow noopener\" target=\"_blank\">Palmeiras<\/a> morreu esta sexta-feira em Lima, no Peru, onde estava para assistir \u00e0 final da <a class=\"autolink-enabled\" data-resource-id=\"35\" data-resource-type=\"competition\" data-sport=\"football\" href=\"https:\/\/www.abola.pt\/futebol\/competicao\/copa-libertadores-35\" rel=\"nofollow noopener\" target=\"_blank\">Libertadores<\/a> frente ao <a class=\"autolink-enabled\" data-resource-id=\"175\" data-resource-type=\"team\" data-sport=\"football\" href=\"https:\/\/www.abola.pt\/futebol\/flamengo-175\" rel=\"nofollow noopener\" target=\"_blank\">Flamengo<\/a>, agendada para este s\u00e1bado.<\/p>\n<p>A v\u00edtima foi identificada como Caue Brunelli Dezotti e tinha 38 anos. De acordo com as autoridades locais, o homem estava a fazer uma excurs\u00e3o tur\u00edstica com outros adeptos do Palmeiras no Circuito de Playas. Seguia num autocarro de dois andares, com o piso superior aberto, e acabou por bater violentamente com a cabe\u00e7a numa ponte, quando o ve\u00edculo passava por baixo de uma estrutura.<\/p>\n<p>Segundo o Globoesporte, as testemunhas no local afirmaram que o autocarro circulava a uma velocidade consider\u00e1vel e que a ponte era baixa, o que n\u00e3o permitia a passagem segura dos passageiros do piso superior em p\u00e9.<\/p>\n<p>Caue recebeu assist\u00eancia m\u00e9dica no local e foi posteriormente transportado para uma unidade hospitalar, onde acabou por n\u00e3o resistir aos ferimentos.<\/p>\n<p>\u00abHoje [sexta-feira], por volta das 16h, na zona de praias entre Miraflores e Barranco, circulava um mirabus de dois pisos. No piso superior seguiam adeptos do Palmeiras, entre os quais se encontrava o senhor que faleceu. Segundo relatos, os adeptos estavam a saltar no segundo piso, n\u00e3o se aperceberam da aproxima\u00e7\u00e3o da ponte e embateram contra a estrutura\u00bb, revelou Enrique Felipe Monrroy, chefe da Regi\u00e3o Policial de Lima, \u00e0 imprensa peruana.<\/p>\n<p>Tamb\u00e9m o Palmeiras j\u00e1 lamentou a morte do adepto, num comunicado divulgado nas redes sociais.<\/p>\n<p>\u00abA Sociedade Esportiva Palmeiras lamenta profundamente o falecimento do adepto Caue Brunelli Dezotti, de 38 anos, que se encontrava em Lima, no Peru, para acompanhar a final da Libertadores. De acordo com as autoridades locais, o palmeirense foi v\u00edtima de um acidente enquanto passeava num autocarro tur\u00edstico. Manifestamos a nossa solidariedade \u00e0 fam\u00edlia e aos amigos de Caue neste momento de dor e tristeza\u00bb, l\u00ea-se na nota.<\/p>\n<blockquote class=\"twitter-tweet\">\n<p lang=\"pt\" dir=\"ltr\">A Sociedade Esportiva Palmeiras lamenta profundamente o falecimento do torcedor Caue Brunelli Dezotti, de 38 anos, que estava em Lima, no Peru, para acompanhar a decis\u00e3o da CONMEBOL Libertadores, marcada para este s\u00e1bado (29). De acordo com autoridades locais, o palmeirense foi\u2026 <a href=\"https:\/\/t.co\/lnRKxsebA5\" rel=\"nofollow\">pic.twitter.com\/lnRKxsebA5<\/a><\/p>\n<p>\u2014 SE Palmeiras (@Palmeiras) <a href=\"https:\/\/twitter.com\/Palmeiras\/status\/1994594034753368454?ref_src=twsrc%5Etfw\" rel=\"nofollow noopener\" target=\"_blank\">November 29, 2025<\/a><\/p><\/blockquote>\n<p>O Palmeiras, de Abel, joga esta noite a final da Libertadores diante do Flamengo, a partir das 21 horas.<\/p>\n<p><a target=\"_blank\" class=\"editor-link Hyperlink SCXW189551936 BCX8\" href=\"https:\/\/profile.google.com\/cp\/CgkvbS8wNWNjOHQ?pf=0\" rel=\"nofollow noopener\">Siga o perfil de A BOLA no Google<\/a><\/p>\n<p>                                                                                                                <script async src=\"https:\/\/platform.twitter.com\/widgets.js\" charset=\"utf-8\"><\/script><\/p>\n","protected":false},"excerpt":{"rendered":"Um adepto do Palmeiras morreu esta sexta-feira em Lima, no Peru, onde estava para assistir \u00e0 final da&hellip;\n","protected":false},"author":2,"featured_media":169818,"comment_status":"","ping_status":"","sticky":false,"template":"","format":"standard","meta":{"footnotes":""},"categories":[50],"tags":[27,28,15,16,14,25,26,21,22,62,12,13,19,20,23,24,17,18,29,30,31,63,64,65],"class_list":{"0":"post-169817","1":"post","2":"type-post","3":"status-publish","4":"format-standard","5":"has-post-thumbnail","7":"category-mundo","8":"tag-breaking-news","9":"tag-breakingnews","10":"tag-featured-news","11":"tag-featurednews","12":"tag-headlines","13":"tag-latest-news","14":"tag-latestnews","15":"tag-main-news","16":"tag-mainnews","17":"tag-mundo","18":"tag-news","19":"tag-noticias","20":"tag-noticias-principais","21":"tag-noticiasprincipais","22":"tag-principais-noticias","23":"tag-principaisnoticias","24":"tag-top-stories","25":"tag-topstories","26":"tag-ultimas","27":"tag-ultimas-noticias","28":"tag-ultimasnoticias","29":"tag-world","30":"tag-world-news","31":"tag-worldnews"},"share_on_mastodon":{"url":"https:\/\/pubeurope.com\/@pt\/115634948347585823","error":""},"_links":{"self":[{"href":"https:\/\/www.europesays.com\/pt\/wp-json\/wp\/v2\/posts\/169817","targetHints":{"allow":["GET"]}}],"collection":[{"href":"https:\/\/www.europesays.com\/pt\/wp-json\/wp\/v2\/posts"}],"about":[{"href":"https:\/\/www.europesays.com\/pt\/wp-json\/wp\/v2\/types\/post"}],"author":[{"embeddable":true,"href":"https:\/\/www.europesays.com\/pt\/wp-json\/wp\/v2\/users\/2"}],"replies":[{"embeddable":true,"href":"https:\/\/www.europesays.com\/pt\/wp-json\/wp\/v2\/comments?post=169817"}],"version-history":[{"count":0,"href":"https:\/\/www.europesays.com\/pt\/wp-json\/wp\/v2\/posts\/169817\/revisions"}],"wp:featuredmedia":[{"embeddable":true,"href":"https:\/\/www.europesays.com\/pt\/wp-json\/wp\/v2\/media\/169818"}],"wp:attachment":[{"href":"https:\/\/www.europesays.com\/pt\/wp-json\/wp\/v2\/media?parent=169817"}],"wp:term":[{"taxonomy":"category","embeddable":true,"href":"https:\/\/www.europesays.com\/pt\/wp-json\/wp\/v2\/categories?post=169817"},{"taxonomy":"post_tag","embeddable":true,"href":"https:\/\/www.europesays.com\/pt\/wp-json\/wp\/v2\/tags?post=169817"}],"curies":[{"name":"wp","href":"https:\/\/api.w.org\/{rel}","templated":true}]}}