{"id":169821,"date":"2025-11-29T20:48:39","date_gmt":"2025-11-29T20:48:39","guid":{"rendered":"https:\/\/www.europesays.com\/pt\/169821\/"},"modified":"2025-11-29T20:48:39","modified_gmt":"2025-11-29T20:48:39","slug":"embalo-tera-saido-do-senegal-para-congo-observador","status":"publish","type":"post","link":"https:\/\/www.europesays.com\/pt\/169821\/","title":{"rendered":"Embal\u00f3 ter\u00e1 sa\u00eddo do Senegal para Congo \u2013 Observador"},"content":{"rendered":"<p>O Presidente da Guin\u00e9-Bissau deposto no golpe militar de quarta-feira, Umaro Sissoco Embal\u00f3, ter\u00e1 viajado para o Congo, depois de ter procurado inicialmente ref\u00fagio no Senegal, noticia a imprensa internacional.<\/p>\n<p>V\u00e1rios \u00f3rg\u00e3os de comunica\u00e7\u00e3o social est\u00e3o a noticiar que Embal\u00f3 j\u00e1 se encontra no Congo, tendo chegado \u00e0 capital do pa\u00eds, Brazzaville, na noite de sexta-feira, 29 de novembro.Umaro Sissoco Embal\u00f3 rumou ao Congo, a bordo de um avi\u00e3o fretado pela presid\u00eancia congolesa, segundo escreve a <a href=\"https:\/\/www.jeuneafrique.com\/1744909\/politique\/guinee-bissau-umaro-sissoco-embalo-sest-refugie-au-congo-apres-avoir-quitte-le-senegal\/\" rel=\"nofollow noopener\" target=\"_blank\">Jeune Afrique.<\/a><\/p>\n<p>A publica\u00e7\u00e3o recorda que Sissoco Embal\u00f3\u00a0havia inicialmente buscado ref\u00fagio em Dacar, no Senegal, depois de os militares terem tomado o poder em Bissau, na quarta-feira, 26 de novembro.<\/p>\n<p>A Jeune Afrique divulgou nesse dia um artigo em que o pr\u00f3prio Umaro Sissico Embal\u00f3 confirmava \u00e0 publica\u00e7\u00e3o que tinha sido deposto e detido pelos militares.<\/p>\n<p>Neste s\u00e1bado, a mesma publica\u00e7\u00e3o diz ter apurado \u201c<strong>junto a uma fonte confi\u00e1vel pr\u00f3xima do Presidente deposto<\/strong>\u201d que Embal\u00f3 \u201cdeixou Dacar, Senegal, rumo ao Congo\u201d.<\/p>\n<p>\u201cEle chegou a Brazzaville\u00a0na\u00a0noite de sexta-feira, 29\u00a0de novembro, a bordo de um avi\u00e3o\u00a0fretado\u00a0pela presid\u00eancia congolesa\u201d, l\u00ea-se no artigo, que adianta\u00a0que \u201cchegou acompanhado por uma d\u00fazia de pessoas\u201d, entre as quais familiares.<\/p>\n<p>A mesma informa\u00e7\u00e3o est\u00e1 a ser veiculada pela SeneNews, um publica\u00e7\u00e3o senegalesa, que cita o Confidentiel Afrique, um jornal digital pan-africano. O jornal escreve que \u201cap\u00f3s orquestrar um golpe de Estado e negociar com alguns oficiais militares pr\u00f3ximos, incluindo o General Horta Inta-A, o novo homem em Bissau, pouco antes do t\u00e3o aguardado an\u00fancio dos resultados das elei\u00e7\u00f5es gerais de 23 de novembro, o presidente deposto buscou ref\u00fagio na capital senegalesa na \u00faltima quinta-feira\u201d. Entretanto, segundo o artigo, Embal\u00f3 j\u00e1 foi para o Congo, a pedido do pr\u00f3prio, que ter\u00e1 insistido \u201cdeixar Dacar ap\u00f3s uma noite turbulenta\u201d.<\/p>\n<p>O jornal escreve que\u00a0\u201cas declara\u00e7\u00f5es contundentes do primeiro-ministro, Ousmane Sonko, perante o Parlamento senegal\u00eas, nesta sexta-feira, a respeito da situa\u00e7\u00e3o pol\u00edtica na Guin\u00e9-Bissau, que descreveu como \u2018esquemas clandestinos\u2019, apenas agravaram o cen\u00e1rio\u201d. L\u00ea-se ainda que Embal\u00f3 ter\u00e1 pedido ao Presidente congol\u00eas para o retirar do Senegal, onde estaria a enfrentar \u201cforte press\u00e3o de todos os lados\u201d, e informado o Presidente senegal\u00eas, Bassirou Diomaye Faye, da decis\u00e3o de sair do Senegal. Ainda segundo a publica\u00e7\u00e3o, Embal\u00f3 ter\u00e1 viajado para Brazzaville num \u201cvoo particular\u201d fretado para o transportar.<\/p>\n<p>Um grupo de militares tomou o poder na Guin\u00e9-Bissau, destituiu o Presidente cessante, Umaro Sissoco Embal\u00f3, que deixou o pa\u00eds, e suspendeu a divulga\u00e7\u00e3o dos resultados das elei\u00e7\u00f5es gerais de 23 de novembro. O general Horta Inta-A foi empossado Presidente de transi\u00e7\u00e3o pelo per\u00edodo de um ano e nomeou como primeiro-ministro e ministro das Finan\u00e7as Il\u00eddio Vieira T\u00e9, antigo ministro de Embal\u00f3.<\/p>\n","protected":false},"excerpt":{"rendered":"O Presidente da Guin\u00e9-Bissau deposto no golpe militar de quarta-feira, Umaro Sissoco Embal\u00f3, ter\u00e1 viajado para o Congo,&hellip;\n","protected":false},"author":2,"featured_media":169822,"comment_status":"","ping_status":"","sticky":false,"template":"","format":"standard","meta":{"footnotes":""},"categories":[8],"tags":[27,28,15,16,2672,14,25,26,21,22,62,12,13,19,20,32,23,24,33,17,18,29,30,31],"class_list":{"0":"post-169821","1":"post","2":"type-post","3":"status-publish","4":"format-standard","5":"has-post-thumbnail","7":"category-principais-noticias","8":"tag-breaking-news","9":"tag-breakingnews","10":"tag-featured-news","11":"tag-featurednews","12":"tag-guinu00e9-bissau","13":"tag-headlines","14":"tag-latest-news","15":"tag-latestnews","16":"tag-main-news","17":"tag-mainnews","18":"tag-mundo","19":"tag-news","20":"tag-noticias","21":"tag-noticias-principais","22":"tag-noticiasprincipais","23":"tag-portugal","24":"tag-principais-noticias","25":"tag-principaisnoticias","26":"tag-pt","27":"tag-top-stories","28":"tag-topstories","29":"tag-ultimas","30":"tag-ultimas-noticias","31":"tag-ultimasnoticias"},"share_on_mastodon":{"url":"https:\/\/pubeurope.com\/@pt\/115634956222420324","error":""},"_links":{"self":[{"href":"https:\/\/www.europesays.com\/pt\/wp-json\/wp\/v2\/posts\/169821","targetHints":{"allow":["GET"]}}],"collection":[{"href":"https:\/\/www.europesays.com\/pt\/wp-json\/wp\/v2\/posts"}],"about":[{"href":"https:\/\/www.europesays.com\/pt\/wp-json\/wp\/v2\/types\/post"}],"author":[{"embeddable":true,"href":"https:\/\/www.europesays.com\/pt\/wp-json\/wp\/v2\/users\/2"}],"replies":[{"embeddable":true,"href":"https:\/\/www.europesays.com\/pt\/wp-json\/wp\/v2\/comments?post=169821"}],"version-history":[{"count":0,"href":"https:\/\/www.europesays.com\/pt\/wp-json\/wp\/v2\/posts\/169821\/revisions"}],"wp:featuredmedia":[{"embeddable":true,"href":"https:\/\/www.europesays.com\/pt\/wp-json\/wp\/v2\/media\/169822"}],"wp:attachment":[{"href":"https:\/\/www.europesays.com\/pt\/wp-json\/wp\/v2\/media?parent=169821"}],"wp:term":[{"taxonomy":"category","embeddable":true,"href":"https:\/\/www.europesays.com\/pt\/wp-json\/wp\/v2\/categories?post=169821"},{"taxonomy":"post_tag","embeddable":true,"href":"https:\/\/www.europesays.com\/pt\/wp-json\/wp\/v2\/tags?post=169821"}],"curies":[{"name":"wp","href":"https:\/\/api.w.org\/{rel}","templated":true}]}}