{"id":169835,"date":"2025-11-29T21:03:31","date_gmt":"2025-11-29T21:03:31","guid":{"rendered":"https:\/\/www.europesays.com\/pt\/169835\/"},"modified":"2025-11-29T21:03:31","modified_gmt":"2025-11-29T21:03:31","slug":"benfica-marca-dois-golos-perto-do-fim-e-vence-nacional-por-2-1","status":"publish","type":"post","link":"https:\/\/www.europesays.com\/pt\/169835\/","title":{"rendered":"Benfica marca dois golos perto do fim e vence Nacional por 2-1"},"content":{"rendered":"<p>O Benfica conseguiu a reviravolta na Choupana e venceu o Nacional por 2-1 na 12.\u00aa jornada da I Liga.O Nacional esteve a ganhar desde os 60 minutos, gra\u00e7as a um tento de Jesus Ram\u00edrez e esteve perto de arrancar uma derrota \u00e0s \u00e1guias. Contudo, Gianluca Prestianni marcou um gola\u00e7o aos 88 minutos e deu esperan\u00e7a aos encarnados. J\u00e1 no per\u00edodo de descontos, Pavlidis voltou a ser o her\u00f3i para o Benfica e completou a reviravolta para segurar os tr\u00eas pontos num jogo que j\u00e1 parecia &#8216;perdido&#8217;.<\/p>\n<p><a href=\"https:\/\/sapo.pt\/artigo\/video-golaco-de-ruben-neves-na-taca-do-rei-da-arabia-saudita-hat-trick-de-benzema-apura-conceicao-692b580e627647040b079b16\" target=\"_blank\" rel=\"noreferrer noopener nofollow\">&#8211; Tudo sobre o desporto nacional e internacional em<b id=\"s-b-embed-692\" data-stringify-type=\"bold\">\u00a0<\/b><b>sportinforma.sapo.pt &#8211;<\/b><\/a><\/p>\n<p>Depois de mais um jogo sem solu\u00e7\u00f5es e com pouca criatividade no cap\u00edtulo ofensivo, foi o Nacional que conseguiu aproveitar as poucas oportunidades que teve para faturar. O Benfica voltou a ser incapaz de brilhar no ataque e podia ter sa\u00eddo da Madeira com uma derrota no bolso, dada a exibi\u00e7\u00e3o.<\/p>\n<p>Contudo, o Benfica conseguiu ser feliz perto do fim e garantiu os tr\u00eas pontos, contando agora com 28 pontos na terceira posi\u00e7\u00e3o. O Nacional mant\u00e9m-se com 12 pontos na 11.\u00aa posi\u00e7\u00e3o.<\/p>\n<p><a href=\"https:\/\/sportinforma.sapo.pt\/futebol\/primeira-liga\/fotos\/12-a-j-nacional-benfica-2025-26\" target=\"_blank\" rel=\"noreferrer noopener nofollow\">As melhores fotos do Nacional-Benfica<\/a><br \/>\nDom\u00ednio absoluto dos encarnados, mas pouco perigo criado<\/p>\n<p>A grande novidade no onze do Benfica foi Rodrigo R\u00eago, que se apresentou no lado direito. Sudakov come\u00e7ou no lado esquerdo com Leandro Barreiro no apoio a Pavlidis. O meio-campo contou com Barrenechea e Aursnes.<\/p>\n<p>O Benfica entrou forte na partida, a tomar conta da posse de bola e a instalar-se no meio-campo do Nacional. Nos primeiros dez minutos, os encarnados mostraram-se principalmente no lado esquerdo. Aos seis minutos, na sequ\u00eancia de um canto, Leandro Barreiro rematou para a defesa de Kaique, ap\u00f3s alguma confus\u00e3o na \u00e1rea. Minutos depois, novamente pela esquerda, Leandro Barreiro recebe de Dahl e rematou em arco de fora de \u00e1rea para uma excelente interven\u00e7\u00e3o do guarda-redes dos insulares.<\/p>\n<p>O Nacional limitou-se a baixar as linhas, enquanto o Benfica continuou a apontar as armas \u00e0 baliza de Kaique. Aos 25&#8242;, Sudakov passou para <a href=\"https:\/\/vsports.pt\/vod\/116171\/m\/25331\/sinforma\/81862169a39780868f2bef4f421ae9b2\" target=\"_blank\" rel=\"noreferrer noopener nofollow\">Aursnes, que rematou forte, mas ligeiramente ao lado<\/a>. Pouco depois, as \u00e1guias avan\u00e7aram no corredor direito e Rodrigo R\u00eago fez um excelente passe para Leandro Barreiro, mas o luxemburgu\u00eas recebeu mal e perdeu-se o lance.<\/p>\n<p>Aos 29&#8242;, a melhor oportunidade para o Benfica na 1.\u00aa parte. Rodrigo R\u00eago cruzou para o centro da \u00e1rea, onde estava <a href=\"https:\/\/vsports.pt\/vod\/116173\/m\/25331\/sinforma\/e14f2dfe2c3bd2f399ab215baee29650\" target=\"_blank\" rel=\"noreferrer noopener nofollow\">Pavlidis que cabeceou para mais uma boa interven\u00e7\u00e3o do brasileiro<\/a>. Na resposta, o Nacional recuperou a bola e lan\u00e7ou-se em contra-ataque, mas foi travado por Samuel Dahl.<\/p>\n<p>Aos 44 minutos, <a href=\"https:\/\/vsports.pt\/vod\/116179\/m\/25331\/sinforma\/e81fdc1d56d0b5e7096f8386e0d871f4\" target=\"_blank\" rel=\"noreferrer noopener nofollow\">Pavlidis colocou a bola dentro da baliza, mas o golo foi anulado por fora de jogo<\/a>. O avan\u00e7ado grego pegou na bola depois de uma interce\u00e7\u00e3o de Paulinho B\u00f3ia a um remate de Rodrigo R\u00eago, mas havia posi\u00e7\u00e3o irregular.<\/p>\n<p>O Nacional ainda tentou chegar ao \u00faltimo ter\u00e7o nos instantes finais da primeira parte e chegou a beneficiar de um pontap\u00e9 de canto, mas o resultado n\u00e3o mais se alterou.<\/p>\n<p>Quem n\u00e3o marca sofre<\/p>\n<p>O Benfica voltou a entrar bem, mas continuou a ter as mesmas dificuldades em chegar ao \u00faltimo ter\u00e7o com qualidade. Quem aproveitou foi o Nacional com uma excelente jogada aos 53&#8242;. <a href=\"https:\/\/vsports.pt\/vod\/116184\/m\/25331\/sinforma\/63440dc4262ec2c3db16a8bc5e779e16\" target=\"_blank\" rel=\"noreferrer noopener nofollow\">Baeza lan\u00e7ou Ram\u00edrez na profundidade, que rematou em arco para um \u00f3tima interven\u00e7\u00e3o de Trubin<\/a>.<\/p>\n<p>A falta de solu\u00e7\u00f5es no ataque levou Jos\u00e9 Mourinho a tirar Rodrigo R\u00eago para a entrada de Prestianni. Aos 57&#8242;, Leandro Barreiro falhou em frente \u00e0 baliza de forma escandalosa. Sudakov recebeu de Dahl e cruzou no lado esquerdo para a \u00e1rea, onde estava o m\u00e9dio isolado que se atrapalhou em frente a Kaique.<\/p>\n<p>Como quem n\u00e3o marca sofre, o Benfica sofreu e o Nacional marcou. Otamendi cometeu um erro crucial numa zona proibida, Alan N\u00fanez recuperou e deixou para B\u00f3ia que assistiu Ram\u00edrez que encostou para o 1-0.<\/p>\n<p>Na resposta, Pavlidis voltou a querer ser o salvador do Benfica e teve um excelente momento individual ao bailar sobre os advers\u00e1rios, completando com um remate forte para mais uma grande defesa de Kaique. Aos 76&#8242;, Ant\u00f3nio Silva esteve perto de marcar, mas cabeceou ligeiramente acima da baliza insular.<\/p>\n<p>Mourinho tirou Barreiro para o lugar de Schjelderup e algumas mudan\u00e7as fizeram-se sentir.<\/p>\n<p>Felicidade perto do fim d\u00e1 3 pontos \u00e0s \u00e1guias<\/p>\n<p>Quando o jogo parecia perdido, apareceu Prestianni para fazer um gola\u00e7o. O extremo argentino avan\u00e7ou no lado direito e rematou forte para o fundo das redes, completamente indefens\u00e1vel para Kaique.<\/p>\n<p>A esperan\u00e7a encarnada foi alimentada e deu frutos j\u00e1 durante o per\u00edodo de descontos. A Choupana foi \u00e0 loucura com o 2-1 do Benfica. Depois de uma jogada no lado esquerdo com uma combina\u00e7\u00e3o de Schjelderup e Otamendi, o noruegu\u00eas cruzou para o centro da \u00e1rea. L\u00e1 estava o do costume, Pavlidis, que s\u00f3 encostou para dar 3 pontos ao Benfica.<\/p>\n<p>O jogo ficou quente ao n\u00edvel dos \u00e2nimos e o Benfica conseguiu segurar a vit\u00f3ria at\u00e9 ao apito final, regressando aos triunfos na I Liga. Segue-se o d\u00e9rbi na Luz, frente ao Sporting, que pode ser determinante para o segundo lugar do campeonato.<\/p>\n","protected":false},"excerpt":{"rendered":"O Benfica conseguiu a reviravolta na Choupana e venceu o Nacional por 2-1 na 12.\u00aa jornada da I&hellip;\n","protected":false},"author":2,"featured_media":169836,"comment_status":"","ping_status":"","sticky":false,"template":"","format":"standard","meta":{"footnotes":""},"categories":[8],"tags":[27,28,15,16,14,25,26,21,22,12,13,19,20,32,23,24,33,17,18,29,30,31],"class_list":{"0":"post-169835","1":"post","2":"type-post","3":"status-publish","4":"format-standard","5":"has-post-thumbnail","7":"category-principais-noticias","8":"tag-breaking-news","9":"tag-breakingnews","10":"tag-featured-news","11":"tag-featurednews","12":"tag-headlines","13":"tag-latest-news","14":"tag-latestnews","15":"tag-main-news","16":"tag-mainnews","17":"tag-news","18":"tag-noticias","19":"tag-noticias-principais","20":"tag-noticiasprincipais","21":"tag-portugal","22":"tag-principais-noticias","23":"tag-principaisnoticias","24":"tag-pt","25":"tag-top-stories","26":"tag-topstories","27":"tag-ultimas","28":"tag-ultimas-noticias","29":"tag-ultimasnoticias"},"share_on_mastodon":{"url":"https:\/\/pubeurope.com\/@pt\/115635015546590386","error":""},"_links":{"self":[{"href":"https:\/\/www.europesays.com\/pt\/wp-json\/wp\/v2\/posts\/169835","targetHints":{"allow":["GET"]}}],"collection":[{"href":"https:\/\/www.europesays.com\/pt\/wp-json\/wp\/v2\/posts"}],"about":[{"href":"https:\/\/www.europesays.com\/pt\/wp-json\/wp\/v2\/types\/post"}],"author":[{"embeddable":true,"href":"https:\/\/www.europesays.com\/pt\/wp-json\/wp\/v2\/users\/2"}],"replies":[{"embeddable":true,"href":"https:\/\/www.europesays.com\/pt\/wp-json\/wp\/v2\/comments?post=169835"}],"version-history":[{"count":0,"href":"https:\/\/www.europesays.com\/pt\/wp-json\/wp\/v2\/posts\/169835\/revisions"}],"wp:featuredmedia":[{"embeddable":true,"href":"https:\/\/www.europesays.com\/pt\/wp-json\/wp\/v2\/media\/169836"}],"wp:attachment":[{"href":"https:\/\/www.europesays.com\/pt\/wp-json\/wp\/v2\/media?parent=169835"}],"wp:term":[{"taxonomy":"category","embeddable":true,"href":"https:\/\/www.europesays.com\/pt\/wp-json\/wp\/v2\/categories?post=169835"},{"taxonomy":"post_tag","embeddable":true,"href":"https:\/\/www.europesays.com\/pt\/wp-json\/wp\/v2\/tags?post=169835"}],"curies":[{"name":"wp","href":"https:\/\/api.w.org\/{rel}","templated":true}]}}