{"id":169853,"date":"2025-11-29T21:21:20","date_gmt":"2025-11-29T21:21:20","guid":{"rendered":"https:\/\/www.europesays.com\/pt\/169853\/"},"modified":"2025-11-29T21:21:20","modified_gmt":"2025-11-29T21:21:20","slug":"rayane-figliuzzi-reencontra-belo-apos-deixar-a-fazenda-17","status":"publish","type":"post","link":"https:\/\/www.europesays.com\/pt\/169853\/","title":{"rendered":"Rayane Figliuzzi reencontra Belo ap\u00f3s deixar A Fazenda 17"},"content":{"rendered":"<p><strong>Rayane Figliuzziu <\/strong>reencontrou o namorado <strong>Belo <\/strong>ap\u00f3s ser eliminada\u00a0de\u00a0<strong>A Fazenda 17<\/strong>. Na madrugada deste s\u00e1bado (29), a influenciadora compartilhou uma selfie ao lado do amado e registros diretamente dos bastidores de um show do cantor.\u00a0<\/p>\n<p>&#8220;Nem sei mensurar o tamanho da minha saudade de voc\u00ea! Te amo&#8221;, escreveu a musa do Carnaval 2026 na legenda da foto com o namorado. Em outra publica\u00e7\u00e3o, a ex-peoa publicou uma foto sua para ressaltar sua alegria: &#8220;Muito feliz por estar de volta&#8221;.<\/p>\n<p><a href=\"https:\/\/www.otempo.com.br\/entretenimento\/2025\/11\/28\/a-fazenda-17-rayane-figliuzzi-e-eliminada-e-esta-fora-do-top-10\" target=\"_blank\" rel=\"noopener nofollow\"><strong>Rayane Figliuzzi<\/strong> foi a \u00faltima eliminada de <strong>A Fazenda 17<\/strong> antes da forma\u00e7\u00e3o do Top 10 da temporada<\/a>. A influenciadora \u00a0levou a pior na disputa contra <strong>Luiz Mesquita <\/strong>e<strong> Toninho Tornado\u00a0<\/strong>e deixou o reality rural na \u00faltima quinta-feira (27\/11) com 28,63% dos votos.<\/p>\n<p>\u00a0<\/p>\n<blockquote class=\"twitter-tweet\"><p>&#13;<\/p>\n<p dir=\"ltr\" lang=\"pt\">Rayane Figliuzzi reencontra Belo ap\u00f3s ser eliminada de <a href=\"https:\/\/twitter.com\/hashtag\/AFazenda17?src=hash&amp;ref_src=twsrc%5Etfw\" rel=\"nofollow noopener\" target=\"_blank\">#AFazenda17<\/a> <a href=\"https:\/\/t.co\/CNgWhg7Lpj\" rel=\"nofollow\">pic.twitter.com\/CNgWhg7Lpj<\/a><\/p>\n<p>&#13;<br \/>\n\u2014 \ud835\udd44\ud835\udd46\u210d\ud835\udd38\ud835\udd44\ud835\udd44\ud835\udd3c\ud835\udd3b (@JorMohammed) <a href=\"https:\/\/twitter.com\/JorMohammed\/status\/1994793045548835124?ref_src=twsrc%5Etfw\" rel=\"nofollow noopener\" target=\"_blank\">November 29, 2025<\/a><\/p><\/blockquote>\n<p>            <script async src=\"https:\/\/platform.twitter.com\/widgets.js\" charset=\"utf-8\"><\/script><\/p>\n","protected":false},"excerpt":{"rendered":"Rayane Figliuzziu reencontrou o namorado Belo ap\u00f3s ser eliminada\u00a0de\u00a0A Fazenda 17. Na madrugada deste s\u00e1bado (29), a influenciadora&hellip;\n","protected":false},"author":2,"featured_media":169854,"comment_status":"","ping_status":"","sticky":false,"template":"","format":"standard","meta":{"footnotes":""},"categories":[142],"tags":[4706,4385,114,115,32,33,15359,151],"class_list":{"0":"post-169853","1":"post","2":"type-post","3":"status-publish","4":"format-standard","5":"has-post-thumbnail","7":"category-tv","8":"tag-a-fazenda-17","9":"tag-belo","10":"tag-entertainment","11":"tag-entretenimento","12":"tag-portugal","13":"tag-pt","14":"tag-rayane-figliuzzi","15":"tag-tv"},"share_on_mastodon":{"url":"https:\/\/pubeurope.com\/@pt\/115635086258686004","error":""},"_links":{"self":[{"href":"https:\/\/www.europesays.com\/pt\/wp-json\/wp\/v2\/posts\/169853","targetHints":{"allow":["GET"]}}],"collection":[{"href":"https:\/\/www.europesays.com\/pt\/wp-json\/wp\/v2\/posts"}],"about":[{"href":"https:\/\/www.europesays.com\/pt\/wp-json\/wp\/v2\/types\/post"}],"author":[{"embeddable":true,"href":"https:\/\/www.europesays.com\/pt\/wp-json\/wp\/v2\/users\/2"}],"replies":[{"embeddable":true,"href":"https:\/\/www.europesays.com\/pt\/wp-json\/wp\/v2\/comments?post=169853"}],"version-history":[{"count":0,"href":"https:\/\/www.europesays.com\/pt\/wp-json\/wp\/v2\/posts\/169853\/revisions"}],"wp:featuredmedia":[{"embeddable":true,"href":"https:\/\/www.europesays.com\/pt\/wp-json\/wp\/v2\/media\/169854"}],"wp:attachment":[{"href":"https:\/\/www.europesays.com\/pt\/wp-json\/wp\/v2\/media?parent=169853"}],"wp:term":[{"taxonomy":"category","embeddable":true,"href":"https:\/\/www.europesays.com\/pt\/wp-json\/wp\/v2\/categories?post=169853"},{"taxonomy":"post_tag","embeddable":true,"href":"https:\/\/www.europesays.com\/pt\/wp-json\/wp\/v2\/tags?post=169853"}],"curies":[{"name":"wp","href":"https:\/\/api.w.org\/{rel}","templated":true}]}}