{"id":169903,"date":"2025-11-29T22:05:21","date_gmt":"2025-11-29T22:05:21","guid":{"rendered":"https:\/\/www.europesays.com\/pt\/169903\/"},"modified":"2025-11-29T22:05:21","modified_gmt":"2025-11-29T22:05:21","slug":"como-era-a-vida-dos-integrantes-do-bts-antes-da-fama","status":"publish","type":"post","link":"https:\/\/www.europesays.com\/pt\/169903\/","title":{"rendered":"Como era a vida dos integrantes do BTS antes da fama?"},"content":{"rendered":"<p>Atualmente, o <a href=\"https:\/\/x.com\/bts_bighit\" target=\"_blank\" rel=\"noopener nofollow\">BTS<\/a> pode ser considerado como um dos maiores grupos do mundo. Em atividade h\u00e1 12 anos, o conjunto pode ser reconhecido facilmente em qualquer lugar do planeta, com seus rostos estampando in\u00fameras propagandas de grandes marcas internacionais, al\u00e9m de suas m\u00fasicas marcarem presen\u00e7a sempre no topo das paradas musicais.<\/p>\n<p>No entanto, apesar de serem extremamente famosos hoje em dia, suas vidas nem sempre foram assim. Descubra como era a vida de <a href=\"https:\/\/recreio.com.br\/tags\/bts\" target=\"_blank\" rel=\"noopener nofollow\"><strong>Jin<\/strong>, <strong>RM<\/strong>, <strong>Suga<\/strong>, <strong>J-Hope<\/strong>, <strong>Jimin<\/strong>, <strong>V<\/strong> e <strong>Jungkook<\/strong><\/a> antes da fama!<\/p>\n<p> Jin <\/p>\n<p>Ser idol nem sempre foi um sonho de <strong>Jin<\/strong>. Ele cresceu em uma fam\u00edlia de classe m\u00e9dia em Gwacheon, em um ambiente familiar relativamente est\u00e1vel e confort\u00e1vel, mas bem longe da ind\u00fastria do entretenimento. O pequeno <strong>Seokjin<\/strong> passou a se interessar pela \u00e1rea ao assistir s\u00e9rie dram\u00e1tica \u201cQueen Seondeok\u201d. O desempenho do ator <a href=\"https:\/\/pt.wikipedia.org\/wiki\/Kim_Nam-gil\" target=\"_blank\" rel=\"noopener nofollow\"><strong>Kim Nam-gil<\/strong><\/a>, especialmente em seu papel como o protagonista Bidam, o motivou profundamente a seguir este caminho, conforme repercutido pelo South China Morning Post.<\/p>\n<p> <img loading=\"lazy\" decoding=\"async\" class=\"size-full wp-image-44737 img-fluid lazy\" alt=\"Jin para a BTS FESTA 2025\" width=\"1280\" height=\"720\" src=\"https:\/\/www.europesays.com\/pt\/wp-content\/uploads\/2025\/11\/jin-bts-festa-2025-capa.jpg\"\/>Jin para a BTS FESTA 2025 \u2013 Divulga\u00e7\u00e3o\/BigHit Music <\/p>\n<p>Quando estava na faculdade, <strong>Jin<\/strong> foi abordado por um membro da equipe da <a href=\"https:\/\/ibighit.com\/\" target=\"_blank\" rel=\"noopener nofollow\">BIGHIT<\/a> enquanto descia de um \u00f4nibus, sendo convidado para participar de uma audi\u00e7\u00e3o na empresa. Inicialmente, ele fez um teste para ser ator, por\u00e9m, acabou sendo escolhido para ser trainee visando o novo grupo da ag\u00eancia: o BTS.<\/p>\n<p>\t Suga <\/p>\n<p>Vivendo boa parte de sua vida em sua cidade natal, Daegu, <strong>Min Yoongi<\/strong>, o <strong>Suga<\/strong>, vem de uma fam\u00edlia mais humilde, sem muito dinheiro. Seu interesse em se tornar um rapper surgiu ap\u00f3s ouvir a faixa \u201cFly\u201d, do grupo coreano de hip-hop alternativo Epik High.<\/p>\n<p> <img loading=\"lazy\" decoding=\"async\" class=\"size-full wp-image-43878 img-fluid lazy\" alt=\"\" width=\"1280\" height=\"720\" src=\"https:\/\/www.europesays.com\/pt\/wp-content\/uploads\/2025\/10\/suga-amygdala-capa.jpg\"\/>Suga, do BTS, no clipe de \u2018AMYGDALA\u2019 \u2013 Divulga\u00e7\u00e3o\/BigHit Music <\/p>\n<p>No entanto, devido \u00e0 situa\u00e7\u00e3o da fam\u00edlia, seus pais n\u00e3o apoiaram sua decis\u00e3o de carreira logo no in\u00edcio, visto que, para eles, o filho deveria encontrar um emprego est\u00e1vel para poder se sustentar no futuro \u2014 algo que, na m\u00fasica, \u00e9 muito incerto. Apesar disso, ele n\u00e3o desistiu: aos 17 anos deu seus primeiros passos no cen\u00e1rio musical, unindo-se ao grupo de hip-hop D-Town e, ainda em 2010, buscou uma oportunidade maior ao participar da audi\u00e7\u00e3o \u201cHit It\u201d da Big Hit Entertainment, onde demonstrou seu talento e conquistou o segundo lugar geral.<\/p>\n<p> RM <\/p>\n<p>Nascido em Ilsan, desde pequeno <strong>RM<\/strong> foi um menino ambicioso. Por\u00e9m, quando era bem mais novo, tinha o sonho de ir para uma grande faculdade, mais especificamente para a Ivy League nos Estados Unidos. De fato, ele possui uma mente genial: um QI de 148, al\u00e9m de ter se classificado entre os 1,3% melhores estudantes do pa\u00eds no exigente Exame Nacional de Admiss\u00e3o ao Ensino Superior da Coreia (KCAST), o ENEM sul-coreano.<\/p>\n<p> <img loading=\"lazy\" decoding=\"async\" class=\"size-full wp-image-43877 img-fluid lazy\" alt=\"\" width=\"1280\" height=\"720\" src=\"https:\/\/www.europesays.com\/pt\/wp-content\/uploads\/2025\/10\/rm-bts.jpg\"\/>RM em photoshoot para o \u00e1lbum \u201cRight Place, Wrong Person\u201d \u2013 Divulga\u00e7\u00e3o\/BigHit Music <\/p>\n<p>Contudo, no final dos anos 2000, <strong>Kim Namjoon<\/strong> passou a se interessar pelo rap, dando in\u00edcio a sua carreira como um artista underground. Sua vida mudou com uma ajuda o rapper <strong>Sleepy<\/strong>, membro da dupla de hip-hop Untouchable. Em uma entrevista concedida \u00e0 Section TV, RM revelou que <strong>Sleepy<\/strong> desempenhou um papel crucial em sua carreira ao apresent\u00e1-lo a um produtor da Big Hit Entertainment.<\/p>\n<p>\t J-Hope <\/p>\n<p>A vida pr\u00e9-debut de <strong>J-Hope<\/strong> foi marcada por uma paix\u00e3o que permanece at\u00e9 os dias atuais: a dan\u00e7a. Apaixonado pela arte e treinando desde pequeno, ele foi uma figura conhecida na cena art\u00edstica de sua cidade natal, Gwangju, onde se estabeleceu como um dan\u00e7arino de rua.<\/p>\n<p> <img loading=\"lazy\" decoding=\"async\" class=\"size-full wp-image-53409 img-fluid lazy\" alt=\"\" width=\"1280\" height=\"720\" src=\"https:\/\/www.europesays.com\/pt\/wp-content\/uploads\/2025\/10\/jhope-show-hope-on-stage-capa.jpg\"  \/>J-Hope, do BTS, durante show da turn\u00ea \u2018HOPE ON THE STAGE\u2019 \u2013 Divulga\u00e7\u00e3o\/BigHit Music <\/p>\n<p>Por l\u00e1, aprimorou suas habilidades na Academia de M\u00fasica de Gwangju, uma institui\u00e7\u00e3o not\u00e1vel por ter formado talentos como <strong>Yunho<\/strong> do TVXQ e <strong>Minzy<\/strong> do 2NE1. Em busca de seu sonho de viver da arte, realizou uma audi\u00e7\u00e3o na BIGHIT Music (conhecida anteriormente como Big Hit Entertainment), e hoje \u00e9 um dos dan\u00e7arinos mais respeitados da ind\u00fastria do k-pop.<\/p>\n<p> Jimin <\/p>\n<p>Vindo de uma fam\u00edlia de classe m\u00e9dia, <strong>Jimin<\/strong> tamb\u00e9m tem sua vida marcada pela enorme paix\u00e3o pela dan\u00e7a, a qual pratica desde a \u00e9poca do ensino fundamental. Na Escola de Artes de Busan, estudou dan\u00e7a contempor\u00e2nea, e sempre apresentou um grande dom para a \u00e1rea.<\/p>\n<p>\t <img loading=\"lazy\" decoding=\"async\" class=\"size-full wp-image-43880 img-fluid lazy\" alt=\"\" width=\"1280\" height=\"720\" src=\"https:\/\/www.europesays.com\/pt\/wp-content\/uploads\/2025\/09\/muse-jimin-capa.jpg\"\/>Jimin, do BTS, para o \u00e1lbum \u2018MUSE\u2019 \u2013 Divulga\u00e7\u00e3o\/BigHit Music <\/p>\n<p>Um de seus professores, observando seu profundo interesse, sugeriu que ele levasse essa paix\u00e3o a s\u00e9rio e tentasse uma audi\u00e7\u00e3o na Big Hit Entertainment. Durante o processo seletivo, <strong>Jimin<\/strong> ainda demonstrou seu talento vocal ao interpretar \u201cI Have a Lover\u201d, um hit da aclamada diva do rock das d\u00e9cadas de 90 e 2000, <strong>Lee Eun-mi<\/strong>. O teste foi um sucesso, e <strong>Jimin<\/strong> se tornou trainee da empresa.<\/p>\n<p> V <\/p>\n<p>Tamb\u00e9m nascido em Daegu, <strong>Kim Taehyung<\/strong>, o <strong>V<\/strong>, \u00e9 o filho mais velho de uma fam\u00edlia de agricultores. Para que seus pais trabalhassem e conseguissem dinheiro para a fam\u00edlia, ele morou com os av\u00f3s em uma fazenda no vilarejo de Geochang, na Coreia do Sul, por cerca de 14 anos.<\/p>\n<p> <img loading=\"lazy\" decoding=\"async\" class=\"size-full wp-image-48355 img-fluid lazy\" alt=\"\" width=\"1280\" height=\"720\" src=\"https:\/\/www.europesays.com\/pt\/wp-content\/uploads\/2025\/08\/v-taehyung-bts-capa.jpg\"  \/>Concept photo de V, do BTS, para o \u00e1lbum \u2018PERMISSION TO DANCE ON STAGE \u2013 LIVE\u2019 \u2013 Divulga\u00e7\u00e3o\/BigHit Music <\/p>\n<p>Quando mais novo, motivado pelo pai, come\u00e7ou a aprender a tocar saxofone, um instrumento que o levou a considerar, em certo momento, uma carreira profissional como m\u00fasico instrumentista. Apesar do talento, <strong>V<\/strong> se tornou trainee de forma quase acidental: ele foi \u00e0 audi\u00e7\u00e3o da BigHit para fazer companhia a um amigo, mas recebeu a proposta para tamb\u00e9m realizar um teste na hora. Mesmo fazendo no improviso, foi o \u00fanico jovem de Daegu a ser aprovado, enquanto seu amigo recebeu uma resposta negativa.<\/p>\n<p>\t Jungkook <\/p>\n<p>Nascido em Busan, <strong>Jungkook<\/strong> sempre foi um garoto ativo e muito criativo. Quando pequeno, costumava fazer exerc\u00edcios a noite no p\u00e1tio da escola ao lado de sua m\u00e3e, e sonhava em ser como Haku, de \u201cA Viagem de Chihiro\u201d, quando crescesse\u201d.<\/p>\n<p> <img loading=\"lazy\" decoding=\"async\" class=\"size-full wp-image-44856 img-fluid lazy\" alt=\"\" width=\"1280\" height=\"720\" src=\"https:\/\/www.europesays.com\/pt\/wp-content\/uploads\/2025\/11\/jungkook-bts-k-pop.jpg\"\/>Jungkook, do BTS, na \u2018HOPE ON THE STAGE\u2019 \u2013 Divulga\u00e7\u00e3o\/BigHit Music <\/p>\n<p>Sua paix\u00e3o pela m\u00fasica tamb\u00e9m come\u00e7ou cedo: na 7\u00aa s\u00e9rie, aprendeu B-boying em um clube com alguns amigos e, fascinado por esse mundo, ele come\u00e7ou a procurar videoclipes, descobrindo ent\u00e3o o BIGBANG. Aos 13 anos, buscou uma chance no famoso reality show de talentos \u201cSuperstar K\u201d, participando da fase preliminar de sua terceira edi\u00e7\u00e3o. Foi gra\u00e7as ao programa que ele recebeu propostas de 7 empresas diferentes, optando pela BigHit.<\/p>\n<p>        <a href=\"https:\/\/recreio.com.br\/noticias\/author\/daniela-bazi\" rel=\"nofollow noopener\" target=\"_blank\">&#13;<br \/>\n          <img alt=\"Daniela Bazi\" src=\"https:\/\/www.europesays.com\/pt\/wp-content\/uploads\/2025\/11\/1764453921_597_701cc86240953f42e068ecf8a0bb18dadb05bc88d7e776f8edb20aaea33b4eea\"  class=\"avatar avatar-115 photo rounded-circle mr-3\" height=\"115\" width=\"115\" loading=\"lazy\" decoding=\"async\"\/>        <\/a><\/p>\n<p>Daniela Bazi \u00e9 jornalista graduada pela UNINOVE, e bruxa formada na Escola de Magia e Bruxaria de Hogwarts. Amante de anima\u00e7\u00f5es, filmes e s\u00e9ries, tamb\u00e9m \u00e9 f\u00e3 de divas pop, entusiasta da Disney e k-popper nas horas vagas.<\/p>\n","protected":false},"excerpt":{"rendered":"Atualmente, o BTS pode ser considerado como um dos maiores grupos do mundo. Em atividade h\u00e1 12 anos,&hellip;\n","protected":false},"author":2,"featured_media":76757,"comment_status":"","ping_status":"","sticky":false,"template":"","format":"standard","meta":{"footnotes":""},"categories":[141],"tags":[2344,114,115,20044,8003,20045,12422,1688,149,150,32,33,20046,19038,9345],"class_list":{"0":"post-169903","1":"post","2":"type-post","3":"status-publish","4":"format-standard","5":"has-post-thumbnail","7":"category-musica","8":"tag-bts","9":"tag-entertainment","10":"tag-entretenimento","11":"tag-j-hope","12":"tag-jimin","13":"tag-jin","14":"tag-jungkook","15":"tag-k-pop","16":"tag-music","17":"tag-musica","18":"tag-portugal","19":"tag-pt","20":"tag-rm","21":"tag-suga","22":"tag-v"},"share_on_mastodon":{"url":"https:\/\/pubeurope.com\/@pt\/115635259158074717","error":""},"_links":{"self":[{"href":"https:\/\/www.europesays.com\/pt\/wp-json\/wp\/v2\/posts\/169903","targetHints":{"allow":["GET"]}}],"collection":[{"href":"https:\/\/www.europesays.com\/pt\/wp-json\/wp\/v2\/posts"}],"about":[{"href":"https:\/\/www.europesays.com\/pt\/wp-json\/wp\/v2\/types\/post"}],"author":[{"embeddable":true,"href":"https:\/\/www.europesays.com\/pt\/wp-json\/wp\/v2\/users\/2"}],"replies":[{"embeddable":true,"href":"https:\/\/www.europesays.com\/pt\/wp-json\/wp\/v2\/comments?post=169903"}],"version-history":[{"count":0,"href":"https:\/\/www.europesays.com\/pt\/wp-json\/wp\/v2\/posts\/169903\/revisions"}],"wp:featuredmedia":[{"embeddable":true,"href":"https:\/\/www.europesays.com\/pt\/wp-json\/wp\/v2\/media\/76757"}],"wp:attachment":[{"href":"https:\/\/www.europesays.com\/pt\/wp-json\/wp\/v2\/media?parent=169903"}],"wp:term":[{"taxonomy":"category","embeddable":true,"href":"https:\/\/www.europesays.com\/pt\/wp-json\/wp\/v2\/categories?post=169903"},{"taxonomy":"post_tag","embeddable":true,"href":"https:\/\/www.europesays.com\/pt\/wp-json\/wp\/v2\/tags?post=169903"}],"curies":[{"name":"wp","href":"https:\/\/api.w.org\/{rel}","templated":true}]}}