{"id":169951,"date":"2025-11-29T22:43:10","date_gmt":"2025-11-29T22:43:10","guid":{"rendered":"https:\/\/www.europesays.com\/pt\/169951\/"},"modified":"2025-11-29T22:43:10","modified_gmt":"2025-11-29T22:43:10","slug":"benfica-arranca-vitoria-na-madeira-2","status":"publish","type":"post","link":"https:\/\/www.europesays.com\/pt\/169951\/","title":{"rendered":"Benfica arranca vit\u00f3ria na Madeira"},"content":{"rendered":"<p itemprop=\"description\" class=\"article-lead\">\n      O Benfica venceu o Nacional por 2-1, no Funchal, com dois golos nos \u00faltimos minutos do jogo a contar para a 12.\u00aa jornada da I Liga e iguala provisoriamente o Sporting.&#13;<\/p>\n<p>      <img loading=\"lazy\" decoding=\"async\" itemprop=\"url\" alt=\"\" class=\"img-fluid\"  src=\"https:\/\/www.europesays.com\/pt\/wp-content\/uploads\/2025\/11\/3e97bcc2fe92795e63cfab169c9156ba\" \/><\/p>\n<p itemprop=\"text\" class=\"article-body\">\n      O grego Evangelos Pavlidis, com o seu 10.\u00ba golo na competi\u00e7\u00e3o, aos 90+5 minutos, deu a vit\u00f3ria aos \u2018encarnados\u2019, depois de o argentino Gianluca Prestianni ter chegado ao empate, aos 89, em resposta ao tento inaugural do venezuelano Chuchu Ram\u00edrez, aos 60.<\/p>\n<p>Com esta vit\u00f3ria, o Benfica permanece no terceiro lugar, mas com os mesmos 28 pontos do Sporting, pr\u00f3ximo advers\u00e1rio das \u2018\u00e1guias\u2019 no campeonato, e a tr\u00eas do l\u00edder FC Porto, ambos com menos um jogo, enquanto o Nacional, que ampliou para quatro a s\u00e9rie de jogos sem vencer, mant\u00e9m-se no 11.\u00ba lugar, com 11.<br \/>&#13;<\/p>\n","protected":false},"excerpt":{"rendered":"O Benfica venceu o Nacional por 2-1, no Funchal, com dois golos nos \u00faltimos minutos do jogo a&hellip;\n","protected":false},"author":2,"featured_media":169952,"comment_status":"","ping_status":"","sticky":false,"template":"","format":"standard","meta":{"footnotes":""},"categories":[8],"tags":[27,28,15,16,14,25,26,21,22,12,13,19,20,32,23,24,33,420,421,17,18,29,30,31],"class_list":{"0":"post-169951","1":"post","2":"type-post","3":"status-publish","4":"format-standard","5":"has-post-thumbnail","7":"category-principais-noticias","8":"tag-breaking-news","9":"tag-breakingnews","10":"tag-featured-news","11":"tag-featurednews","12":"tag-headlines","13":"tag-latest-news","14":"tag-latestnews","15":"tag-main-news","16":"tag-mainnews","17":"tag-news","18":"tag-noticias","19":"tag-noticias-principais","20":"tag-noticiasprincipais","21":"tag-portugal","22":"tag-principais-noticias","23":"tag-principaisnoticias","24":"tag-pt","25":"tag-rtp","26":"tag-rtp-noticias","27":"tag-top-stories","28":"tag-topstories","29":"tag-ultimas","30":"tag-ultimas-noticias","31":"tag-ultimasnoticias"},"share_on_mastodon":{"url":"https:\/\/pubeurope.com\/@pt\/115635408730311015","error":""},"_links":{"self":[{"href":"https:\/\/www.europesays.com\/pt\/wp-json\/wp\/v2\/posts\/169951","targetHints":{"allow":["GET"]}}],"collection":[{"href":"https:\/\/www.europesays.com\/pt\/wp-json\/wp\/v2\/posts"}],"about":[{"href":"https:\/\/www.europesays.com\/pt\/wp-json\/wp\/v2\/types\/post"}],"author":[{"embeddable":true,"href":"https:\/\/www.europesays.com\/pt\/wp-json\/wp\/v2\/users\/2"}],"replies":[{"embeddable":true,"href":"https:\/\/www.europesays.com\/pt\/wp-json\/wp\/v2\/comments?post=169951"}],"version-history":[{"count":0,"href":"https:\/\/www.europesays.com\/pt\/wp-json\/wp\/v2\/posts\/169951\/revisions"}],"wp:featuredmedia":[{"embeddable":true,"href":"https:\/\/www.europesays.com\/pt\/wp-json\/wp\/v2\/media\/169952"}],"wp:attachment":[{"href":"https:\/\/www.europesays.com\/pt\/wp-json\/wp\/v2\/media?parent=169951"}],"wp:term":[{"taxonomy":"category","embeddable":true,"href":"https:\/\/www.europesays.com\/pt\/wp-json\/wp\/v2\/categories?post=169951"},{"taxonomy":"post_tag","embeddable":true,"href":"https:\/\/www.europesays.com\/pt\/wp-json\/wp\/v2\/tags?post=169951"}],"curies":[{"name":"wp","href":"https:\/\/api.w.org\/{rel}","templated":true}]}}