{"id":170000,"date":"2025-11-29T23:25:27","date_gmt":"2025-11-29T23:25:27","guid":{"rendered":"https:\/\/www.europesays.com\/pt\/170000\/"},"modified":"2025-11-29T23:25:27","modified_gmt":"2025-11-29T23:25:27","slug":"mariana-leitao-critica-oe-e-defende-ampliar-servicos-minimos-na-greve","status":"publish","type":"post","link":"https:\/\/www.europesays.com\/pt\/170000\/","title":{"rendered":"Mariana Leit\u00e3o critica OE e defende ampliar servi\u00e7os m\u00ednimos na greve"},"content":{"rendered":"<p>A presidente da Iniciativa Liberal, Mariana Leit\u00e3o, considerou este s\u00e1bado, 29 de novembro, que o Or\u00e7amento do Estado apresentado pelo Governo <strong>\u201cprovavelmente nunca teria sido sequer apresentado nestas condi\u00e7\u00f5es\u201d<\/strong> se o seu partido estivesse no poder. <\/p>\n<p>\u00c0 SIC Not\u00edcias, depois de participar no 6.\u00ba Encontro Nacional de N\u00facleos e Autarcas da IL, no Porto, acusou o executivo de n\u00e3o ter acolhido \u201cpropostas que podiam perfeitamente ter sido aprovadas\u201d e de apresentar um documento \u201ccompletamente distante da Iniciativa Liberal, quer no in\u00edcio, quer no resultado final\u201d.<\/p>\n<p>Leit\u00e3o sublinhou que o or\u00e7amento \u201cn\u00e3o continha a ambi\u00e7\u00e3o\u201d necess\u00e1ria para o pa\u00eds e \u201cn\u00e3o mexe nada em termos da reforma do Estado\u201d, acrescentando que \u201cn\u00e3o resolve problema nenhum\u201d na habita\u00e7\u00e3o, na sa\u00fade e noutras \u00e1reas sociais. <\/p>\n<p>O tema central da entrevista, contudo, foi a <strong>greve geral marcada para 11 de dezembro<\/strong>. Leit\u00e3o explicou que a IL agendou um debate potestativo nesse mesmo dia porque \u201cn\u00e3o podemos permitir que, por conta do exerc\u00edcio desse direito, todos os outros direitos das pessoas fiquem postos em causa\u201d. <\/p>\n<p><strong>Para a l\u00edder liberal, \u201cas escolas fecham, as pessoas n\u00e3o conseguem trabalhar\u201d e h\u00e1 crian\u00e7as dependentes da a\u00e7\u00e3o social escolar que ficam sem refei\u00e7\u00f5es e apoios essenciais quando os estabelecimentos encerram.<\/strong><\/p>\n<p>Questionada sobre se defende limites adicionais ao direito \u00e0 greve, Mariana Leit\u00e3o afirmou que \u00e9 necess\u00e1rio garantir \u201cservi\u00e7os m\u00ednimos devidamente calculados, devidamente definidos\u201d, de forma a assegurar que direitos constitucionais n\u00e3o s\u00e3o \u201ccompletamente anulados\u201d. Criticou o Governo por limitar esse alargamento \u00e0s creches, defendendo que deve abranger \u201coutras \u00e1reas da educa\u00e7\u00e3o, a outras escolaridades\u201d.<\/p>\n<p>A l\u00edder liberal apontou tamb\u00e9m a sa\u00fade como setor onde os servi\u00e7os m\u00ednimos devem ser revistos, sobretudo devido ao peso das horas extra em servi\u00e7os como o INEM. <strong>\u201cOs servi\u00e7os m\u00ednimos que est\u00e3o hoje previstos aplicam-se ao funcionamento normal. Quando falamos de servi\u00e7os que dependem, em grande parte, de horas extras, isto n\u00e3o \u00e9 acautelado\u201d<\/strong>, afirmou, destacando a import\u00e2ncia de garantir continuidade em servi\u00e7os essenciais.<\/p>\n<p>A entrevista abordou ainda a candidatura presidencial de Jo\u00e3o Cotrim de Figueiredo. Leit\u00e3o disse ter sabido da decis\u00e3o \u201cquando ele anunciou que tinha disponibilidade\u201d, rejeitando qualquer necessidade de consulta pr\u00e9via. Sobre sondagens que colocam o candidato nos 5%, respondeu que esses n\u00fameros lhe causam \u201calguma estranheza\u201d, mas deixou claro que deseja v\u00ea-lo na segunda volta: \u201cQuero que ele tenha a maior abrang\u00eancia poss\u00edvel. Tenho uma convic\u00e7\u00e3o profunda de que ele v\u00e1 \u00e0 segunda volta e, ainda na segunda volta, tem boas hip\u00f3teses at\u00e9 de vir a ganhar.\u201d<\/p>\n<p>Mariana Leit\u00e3o rejeitou tamb\u00e9m a ideia de falta de popularidade de Cotrim de Figueiredo, afirmando que o candidato <strong>\u201c\u00e9 um fen\u00f3meno nas redes sociais\u201d e que, nas ruas, \u201ctem uma ades\u00e3o espetacular\u201d<\/strong>. E n\u00e3o acredita que isso se limite ao digital: \u201cTem uma popularidade que vai muito al\u00e9m das redes sociais.\u201d<\/p>\n<p>A l\u00edder liberal rematou com cr\u00edticas ao \u201cvoto \u00fatil\u201d, que classificou como <strong>\u201calgo profundamente nocivo para a democracia\u201d, apelando a que os portugueses escolham \u201cos projetos pol\u00edticos em que acreditam\u201d<\/strong>, em vez de decis\u00f5es ditadas por t\u00e1ticas eleitorais.<\/p>\n","protected":false},"excerpt":{"rendered":"A presidente da Iniciativa Liberal, Mariana Leit\u00e3o, considerou este s\u00e1bado, 29 de novembro, que o Or\u00e7amento do Estado&hellip;\n","protected":false},"author":2,"featured_media":79979,"comment_status":"","ping_status":"","sticky":false,"template":"","format":"standard","meta":{"footnotes":""},"categories":[10],"tags":[27,28,15,16,1322,14,4578,25,26,21,22,15084,12,13,19,20,52,32,23,24,33,17,18,29,30,31],"class_list":{"0":"post-170000","1":"post","2":"type-post","3":"status-publish","4":"format-standard","5":"has-post-thumbnail","7":"category-portugal","8":"tag-breaking-news","9":"tag-breakingnews","10":"tag-featured-news","11":"tag-featurednews","12":"tag-greve","13":"tag-headlines","14":"tag-iniciativa-liberal","15":"tag-latest-news","16":"tag-latestnews","17":"tag-main-news","18":"tag-mainnews","19":"tag-mariana-leitao","20":"tag-news","21":"tag-noticias","22":"tag-noticias-principais","23":"tag-noticiasprincipais","24":"tag-politica","25":"tag-portugal","26":"tag-principais-noticias","27":"tag-principaisnoticias","28":"tag-pt","29":"tag-top-stories","30":"tag-topstories","31":"tag-ultimas","32":"tag-ultimas-noticias","33":"tag-ultimasnoticias"},"share_on_mastodon":{"url":"https:\/\/pubeurope.com\/@pt\/115635573518759440","error":""},"_links":{"self":[{"href":"https:\/\/www.europesays.com\/pt\/wp-json\/wp\/v2\/posts\/170000","targetHints":{"allow":["GET"]}}],"collection":[{"href":"https:\/\/www.europesays.com\/pt\/wp-json\/wp\/v2\/posts"}],"about":[{"href":"https:\/\/www.europesays.com\/pt\/wp-json\/wp\/v2\/types\/post"}],"author":[{"embeddable":true,"href":"https:\/\/www.europesays.com\/pt\/wp-json\/wp\/v2\/users\/2"}],"replies":[{"embeddable":true,"href":"https:\/\/www.europesays.com\/pt\/wp-json\/wp\/v2\/comments?post=170000"}],"version-history":[{"count":0,"href":"https:\/\/www.europesays.com\/pt\/wp-json\/wp\/v2\/posts\/170000\/revisions"}],"wp:featuredmedia":[{"embeddable":true,"href":"https:\/\/www.europesays.com\/pt\/wp-json\/wp\/v2\/media\/79979"}],"wp:attachment":[{"href":"https:\/\/www.europesays.com\/pt\/wp-json\/wp\/v2\/media?parent=170000"}],"wp:term":[{"taxonomy":"category","embeddable":true,"href":"https:\/\/www.europesays.com\/pt\/wp-json\/wp\/v2\/categories?post=170000"},{"taxonomy":"post_tag","embeddable":true,"href":"https:\/\/www.europesays.com\/pt\/wp-json\/wp\/v2\/tags?post=170000"}],"curies":[{"name":"wp","href":"https:\/\/api.w.org\/{rel}","templated":true}]}}