{"id":170005,"date":"2025-11-29T23:33:09","date_gmt":"2025-11-29T23:33:09","guid":{"rendered":"https:\/\/www.europesays.com\/pt\/170005\/"},"modified":"2025-11-29T23:33:09","modified_gmt":"2025-11-29T23:33:09","slug":"video-a-reacao-de-mourinho-aos-pedidos-de-vermelho-a-prestianni","status":"publish","type":"post","link":"https:\/\/www.europesays.com\/pt\/170005\/","title":{"rendered":"V\u00cdDEO: a rea\u00e7\u00e3o de Mourinho aos pedidos de vermelho a Prestianni"},"content":{"rendered":"<p>Num momento em que se ouviam assobios vindos das bancadas e os adeptos do Nacional pediam a expuls\u00e3o de Gianluca Prestianni, Jos\u00e9 Mourinho fez quest\u00e3o de mostrar n\u00e3o estar de acordo com os apoiantes da equipa da casa.\u00a0<\/p>\n<p>O t\u00e9cnico encarnado reagiu retirando as m\u00e3os dos bolsos e fazendo um gesto como quem diz \u00abcontinuem a falar\u00bb, acompanhado de uma careta coma l\u00edngua de fora, seguindo-se um sorriso discreto.<\/p>\n<p>\u00abVai para a rua!\u00bb, ouvia-se entre os assobios dos adeptos do Nacional.<\/p>\n<blockquote class=\"twitter-tweet\">\n<p lang=\"pt\">Mourinho n\u00e3o concordou com a bancada \ud83d\ude02<a href=\"https:\/\/twitter.com\/hashtag\/sporttvportugal?src=hash&amp;ref_src=twsrc%5Etfw\" rel=\"nofollow noopener\" target=\"_blank\">#sporttvportugal<\/a> <a href=\"https:\/\/twitter.com\/hashtag\/LIGAnaSPORTTV?src=hash&amp;ref_src=twsrc%5Etfw\" rel=\"nofollow noopener\" target=\"_blank\">#LIGAnaSPORTTV<\/a> <a href=\"https:\/\/twitter.com\/hashtag\/LigaPortugalBetclic?src=hash&amp;ref_src=twsrc%5Etfw\" rel=\"nofollow noopener\" target=\"_blank\">#LigaPortugalBetclic<\/a> <a href=\"https:\/\/twitter.com\/hashtag\/CDNacional?src=hash&amp;ref_src=twsrc%5Etfw\" rel=\"nofollow noopener\" target=\"_blank\">#CDNacional<\/a> <a href=\"https:\/\/twitter.com\/hashtag\/SLBenfica?src=hash&amp;ref_src=twsrc%5Etfw\" rel=\"nofollow noopener\" target=\"_blank\">#SLBenfica<\/a> <a href=\"https:\/\/twitter.com\/hashtag\/betanolp?src=hash&amp;ref_src=twsrc%5Etfw\" rel=\"nofollow noopener\" target=\"_blank\">#betanolp<\/a> <a href=\"https:\/\/t.co\/Qti5tNJzgc\" rel=\"nofollow\">pic.twitter.com\/Qti5tNJzgc<\/a><\/p>\n<p> \u2014 sport tv (@sporttvportugal)<br \/>\n  <a href=\"https:\/\/twitter.com\/sporttvportugal\/status\/1994860065270935948?ref_src=twsrc%5Etfw\" rel=\"nofollow noopener\" target=\"_blank\">November 29, 2025<\/a>\n <\/p><\/blockquote>\n<p>                                <script async src=\"https:\/\/platform.twitter.com\/widgets.js\" charset=\"utf-8\"><\/script><\/p>\n","protected":false},"excerpt":{"rendered":"Num momento em que se ouviam assobios vindos das bancadas e os adeptos do Nacional pediam a expuls\u00e3o&hellip;\n","protected":false},"author":2,"featured_media":170006,"comment_status":"","ping_status":"","sticky":false,"template":"","format":"standard","meta":{"footnotes":""},"categories":[87],"tags":[51,135,1385,46,7864,619,32,24245,33,47,134],"class_list":{"0":"post-170005","1":"post","2":"type-post","3":"status-publish","4":"format-standard","5":"has-post-thumbnail","7":"category-desporto","8":"tag-benfica","9":"tag-desporto","10":"tag-jose-mourinho","11":"tag-maisfutebol","12":"tag-mourinho","13":"tag-nacional","14":"tag-portugal","15":"tag-prestianni","16":"tag-pt","17":"tag-pura-paixao","18":"tag-sports"},"share_on_mastodon":{"url":"https:\/\/pubeurope.com\/@pt\/115635604977551942","error":""},"_links":{"self":[{"href":"https:\/\/www.europesays.com\/pt\/wp-json\/wp\/v2\/posts\/170005","targetHints":{"allow":["GET"]}}],"collection":[{"href":"https:\/\/www.europesays.com\/pt\/wp-json\/wp\/v2\/posts"}],"about":[{"href":"https:\/\/www.europesays.com\/pt\/wp-json\/wp\/v2\/types\/post"}],"author":[{"embeddable":true,"href":"https:\/\/www.europesays.com\/pt\/wp-json\/wp\/v2\/users\/2"}],"replies":[{"embeddable":true,"href":"https:\/\/www.europesays.com\/pt\/wp-json\/wp\/v2\/comments?post=170005"}],"version-history":[{"count":0,"href":"https:\/\/www.europesays.com\/pt\/wp-json\/wp\/v2\/posts\/170005\/revisions"}],"wp:featuredmedia":[{"embeddable":true,"href":"https:\/\/www.europesays.com\/pt\/wp-json\/wp\/v2\/media\/170006"}],"wp:attachment":[{"href":"https:\/\/www.europesays.com\/pt\/wp-json\/wp\/v2\/media?parent=170005"}],"wp:term":[{"taxonomy":"category","embeddable":true,"href":"https:\/\/www.europesays.com\/pt\/wp-json\/wp\/v2\/categories?post=170005"},{"taxonomy":"post_tag","embeddable":true,"href":"https:\/\/www.europesays.com\/pt\/wp-json\/wp\/v2\/tags?post=170005"}],"curies":[{"name":"wp","href":"https:\/\/api.w.org\/{rel}","templated":true}]}}