{"id":170009,"date":"2025-11-29T23:35:14","date_gmt":"2025-11-29T23:35:14","guid":{"rendered":"https:\/\/www.europesays.com\/pt\/170009\/"},"modified":"2025-11-29T23:35:14","modified_gmt":"2025-11-29T23:35:14","slug":"um-tratamento-que-lhe-vai-mudar-a-vida-solteira-sonia-jesus-abraca-nova-aventura-secret-story","status":"publish","type":"post","link":"https:\/\/www.europesays.com\/pt\/170009\/","title":{"rendered":"Um tratamento que lhe vai mudar a vida. Solteira, S\u00f3nia Jesus abra\u00e7a nova aventura &#8211; Secret Story"},"content":{"rendered":"<p data-end=\"504\" data-start=\"143\">Depois do fim da rela\u00e7\u00e3o com V\u00edtor Soares, S\u00f3nia Jesus parece estar empenhada em escrever um novo cap\u00edtulo da sua vida mais saud\u00e1vel. Esta sexta-feira, 28 de novembro, a ex-concorrente do Big Brother recorreu ao Instagram para partilhar com os seguidores um passo importante dessa transforma\u00e7\u00e3o: decidiu deixar de fumar.<\/p>\n<p data-end=\"762\" data-start=\"506\">Nas stories, mostrou-se otimista e orgulhosa da mudan\u00e7a que est\u00e1 a iniciar.\u00a0<strong data-end=\"743\" data-start=\"593\">\u00abHoje inicia-se uma fase saud\u00e1vel da gata. Vim fazer auriculoterapia, que \u00e9 um tratamento especialista para deixarmos de fumar e vou experimentar\u00bb<\/strong>, revelou, animada.<\/p>\n<p data-end=\"1088\" data-start=\"764\">S\u00f3nia explicou que descobriu este tipo de tratamento atrav\u00e9s de Bruno de Carvalho, durante a participa\u00e7\u00e3o dele no programa com Joana Diniz:\u00a0<strong data-end=\"1079\" data-start=\"906\">\u00abEle falou imenso disto quando esteve no programa com a Joana e, como eles passavam muitas horas\u00a0 juntos, eu ouvia muitas conversas deles. Ent\u00e3o achei super interessante\u00bb<\/strong>, contou.<\/p>\n<p data-end=\"1331\" data-start=\"1090\">A influenciadora acrescentou ainda que recebeu incentivo de Gabi:\u00a0<strong data-end=\"1310\" data-start=\"1158\">\u00abO Gabi falou-me que tamb\u00e9m j\u00e1 tinha feito e decidimos os dois agora fazer novamente, o Gabi at\u00e9 porque voltou a fumar, por cabe\u00e7a dele, maluquinho\u00bb<\/strong>, disse, entre risos.<\/p>\n<p data-end=\"1672\" data-start=\"1333\">J\u00e1 depois de realizar a sess\u00e3o, S\u00f3nia descreveu a experi\u00eancia com entusiasmo:\u00a0<strong data-end=\"1671\" data-start=\"1413\">\u00abEstou \u00f3tima, j\u00e1 fiz o tratamento, n\u00e3o d\u00f3i absolutamente nada. [\u2026] \u00c9 uma sensa\u00e7\u00e3o de estarmos super relaxados e agora eu creio que vai funcionar. N\u00e3o estou com vontade nenhuma de fumar, n\u00e3o tenho sequer esse pensamento, estou super relaxada, super calma\u00bb<\/strong>.<\/p>\n<p data-end=\"1823\" data-start=\"1674\">A ex-concorrente mostra-se assim determinada a abra\u00e7ar um novo estilo de vida \u2014 e os f\u00e3s n\u00e3o podiam estar mais curiosos para acompanhar esta mudan\u00e7a.<\/p>\n<p data-end=\"1823\" data-start=\"1674\">\u00a0<\/p>\n<p>Ex-noivo de S\u00f3nia Jesus j\u00e1 tem um novo amor? O \u201cencontro\u201d que levantou suspeitas <\/p>\n<p>A <strong>separa\u00e7\u00e3o de S\u00f3nia Jesus e V\u00edtor Soares continua a gerar coment\u00e1rios e rea\u00e7\u00f5es<\/strong>. A <a href=\"https:\/\/tvi.iol.pt\/secretstory\/search?pagina=1&amp;pesquisa=sonia+jesus\" rel=\"nofollow noopener\" target=\"_blank\">ex-concorrente <\/a>j\u00e1 <a href=\"https:\/\/tvi.iol.pt\/secretstory\/sonia-jesus\/24-10-2025\/fim-dos-rumores-sonia-jesus-confirma-separacao-de-vitor-soares\" rel=\"nofollow noopener\" target=\"_blank\">confirmou o fim da rela\u00e7\u00e3o e, embora n\u00e3o tenham revelados os motivos da separa\u00e7\u00e3o<\/a>, garantiu que mant\u00e9m uma conviv\u00eancia \u00abcordial\u00bb com V\u00edtor Soares, com quem tem tr\u00eas filhos. Esta quarta-feira, dia 12 de novembro, num programa da \u2018CMTV\u2019, Maya adiantou pormenores sobre <strong>um alegado &#8216;encontro&#8217; com outra mulher.<\/strong><\/p>\n<p>A apresentadora referiu que trabalhou \u00abv\u00e1rios anos na noite\u00bb e acrescentou: \u00abTenho amigos espalhados pelo pa\u00eds todo e \u00e0s vezes as pessoas saem, v\u00e3o a certos s\u00edtios, a certas discotecas onde as pessoas s\u00e3o mais carinhosas. (\u2026) E, portanto, o Vit\u00f3 foi visto algumas vezes em s\u00edtios desses.\u00bb<\/p>\n<p>Durante a mesma interven\u00e7\u00e3o, Maya acrescentou mais um epis\u00f3dio que lhe ter\u00e1 sido relatado. Segundo disse, Vitor foi visto por uma amiga da apresentadora <strong>a jantar com \u00a0a s\u00f3s com uma mulher<\/strong>, o que levantou suspeitas de que o ex-noivo de<a href=\"http:\/\/tvi.iol.pt\/secretstory\/search?pagina=1&amp;pesquisa=sonia+jesus\" rel=\"nofollow noopener\" target=\"_blank\"> S\u00f3nia Jesus<\/a> <strong>j\u00e1 encontrou um novo amor.<\/strong><\/p>\n","protected":false},"excerpt":{"rendered":"Depois do fim da rela\u00e7\u00e3o com V\u00edtor Soares, S\u00f3nia Jesus parece estar empenhada em escrever um novo cap\u00edtulo&hellip;\n","protected":false},"author":2,"featured_media":170010,"comment_status":"","ping_status":"","sticky":false,"template":"","format":"standard","meta":{"footnotes":""},"categories":[85],"tags":[18706,114,115,18705,32,33,35703,18704],"class_list":{"0":"post-170009","1":"post","2":"type-post","3":"status-publish","4":"format-standard","5":"has-post-thumbnail","7":"category-entretenimento","8":"tag-bastidores-secret-story","9":"tag-entertainment","10":"tag-entretenimento","11":"tag-entrevistas-concorrentes-tvi","12":"tag-portugal","13":"tag-pt","14":"tag-sonia-jeuss","15":"tag-vida-fora-da-casa"},"share_on_mastodon":{"url":"https:\/\/pubeurope.com\/@pt\/115635612851780596","error":""},"_links":{"self":[{"href":"https:\/\/www.europesays.com\/pt\/wp-json\/wp\/v2\/posts\/170009","targetHints":{"allow":["GET"]}}],"collection":[{"href":"https:\/\/www.europesays.com\/pt\/wp-json\/wp\/v2\/posts"}],"about":[{"href":"https:\/\/www.europesays.com\/pt\/wp-json\/wp\/v2\/types\/post"}],"author":[{"embeddable":true,"href":"https:\/\/www.europesays.com\/pt\/wp-json\/wp\/v2\/users\/2"}],"replies":[{"embeddable":true,"href":"https:\/\/www.europesays.com\/pt\/wp-json\/wp\/v2\/comments?post=170009"}],"version-history":[{"count":0,"href":"https:\/\/www.europesays.com\/pt\/wp-json\/wp\/v2\/posts\/170009\/revisions"}],"wp:featuredmedia":[{"embeddable":true,"href":"https:\/\/www.europesays.com\/pt\/wp-json\/wp\/v2\/media\/170010"}],"wp:attachment":[{"href":"https:\/\/www.europesays.com\/pt\/wp-json\/wp\/v2\/media?parent=170009"}],"wp:term":[{"taxonomy":"category","embeddable":true,"href":"https:\/\/www.europesays.com\/pt\/wp-json\/wp\/v2\/categories?post=170009"},{"taxonomy":"post_tag","embeddable":true,"href":"https:\/\/www.europesays.com\/pt\/wp-json\/wp\/v2\/tags?post=170009"}],"curies":[{"name":"wp","href":"https:\/\/api.w.org\/{rel}","templated":true}]}}