{"id":170011,"date":"2025-11-29T23:36:10","date_gmt":"2025-11-29T23:36:10","guid":{"rendered":"https:\/\/www.europesays.com\/pt\/170011\/"},"modified":"2025-11-29T23:36:10","modified_gmt":"2025-11-29T23:36:10","slug":"whatsapp-deixara-de-funcionar-em-12-modelos-de-celulares-a-partir-de-dezembro-veja-quais","status":"publish","type":"post","link":"https:\/\/www.europesays.com\/pt\/170011\/","title":{"rendered":"WhatsApp deixar\u00e1 de funcionar em 12 modelos de celulares a partir de dezembro; veja quais"},"content":{"rendered":"<p id=\"paragrafo-p52p4czf10\">\nO WhatsApp vai deixar de funcionar em 12 modelos de celulares a partir de dezembro. Isso porque a Meta analisa quais s\u00e3o os dispositivos com software mais antigo e que t\u00eam o menor n\u00famero de usu\u00e1rios para determinar se ainda ser\u00e3o suportados ou n\u00e3o. &gt;\n<\/p>\n<p id=\"paragrafo-gen1hpkyur\">\nQuando o celular est\u00e1 com o software desatualizado, ele deixa de acompanhar as atualiza\u00e7\u00f5es e n\u00e3o acessa as novas funcionalidades dos aplicativos. Al\u00e9m de ficar mais lento e sujeito a travamentos ou desligamentos inesperados, o aparelho tamb\u00e9m perde prote\u00e7\u00e3o. E \u00e9 a\u00ed que mora o maior perigo: com falhas de seguran\u00e7a abertas, o dispositivo se torna um alvo f\u00e1cil para v\u00edrus, malwares e outros ataques capazes de expor informa\u00e7\u00f5es pessoais e colocar em risco a privacidade dos dados do usu\u00e1rio.&gt;\n<\/p>\n<p id=\"paragrafo-iw7dchp932\">\nHoje, o WhatsApp funciona apenas em celulares com Android 5.0 ou superior e em iPhones que rodem a partir do iOS 15.1. Com isso, alguns modelos ficam de fora da lista de compatibilidade e devem perder acesso ao aplicativo j\u00e1 no fim do ano:&gt;<\/p>\n","protected":false},"excerpt":{"rendered":"O WhatsApp vai deixar de funcionar em 12 modelos de celulares a partir de dezembro. Isso porque a&hellip;\n","protected":false},"author":2,"featured_media":170012,"comment_status":"","ping_status":"","sticky":false,"template":"","format":"standard","meta":{"footnotes":""},"categories":[84],"tags":[109,107,108,32,33,105,103,104,106,110],"class_list":{"0":"post-170011","1":"post","2":"type-post","3":"status-publish","4":"format-standard","5":"has-post-thumbnail","7":"category-ciencia-e-tecnologia","8":"tag-ciencia","9":"tag-ciencia-e-tecnologia","10":"tag-cienciaetecnologia","11":"tag-portugal","12":"tag-pt","13":"tag-science","14":"tag-science-and-technology","15":"tag-scienceandtechnology","16":"tag-technology","17":"tag-tecnologia"},"share_on_mastodon":{"url":"https:\/\/pubeurope.com\/@pt\/115635616686123542","error":""},"_links":{"self":[{"href":"https:\/\/www.europesays.com\/pt\/wp-json\/wp\/v2\/posts\/170011","targetHints":{"allow":["GET"]}}],"collection":[{"href":"https:\/\/www.europesays.com\/pt\/wp-json\/wp\/v2\/posts"}],"about":[{"href":"https:\/\/www.europesays.com\/pt\/wp-json\/wp\/v2\/types\/post"}],"author":[{"embeddable":true,"href":"https:\/\/www.europesays.com\/pt\/wp-json\/wp\/v2\/users\/2"}],"replies":[{"embeddable":true,"href":"https:\/\/www.europesays.com\/pt\/wp-json\/wp\/v2\/comments?post=170011"}],"version-history":[{"count":0,"href":"https:\/\/www.europesays.com\/pt\/wp-json\/wp\/v2\/posts\/170011\/revisions"}],"wp:featuredmedia":[{"embeddable":true,"href":"https:\/\/www.europesays.com\/pt\/wp-json\/wp\/v2\/media\/170012"}],"wp:attachment":[{"href":"https:\/\/www.europesays.com\/pt\/wp-json\/wp\/v2\/media?parent=170011"}],"wp:term":[{"taxonomy":"category","embeddable":true,"href":"https:\/\/www.europesays.com\/pt\/wp-json\/wp\/v2\/categories?post=170011"},{"taxonomy":"post_tag","embeddable":true,"href":"https:\/\/www.europesays.com\/pt\/wp-json\/wp\/v2\/tags?post=170011"}],"curies":[{"name":"wp","href":"https:\/\/api.w.org\/{rel}","templated":true}]}}