{"id":170015,"date":"2025-11-29T23:39:22","date_gmt":"2025-11-29T23:39:22","guid":{"rendered":"https:\/\/www.europesays.com\/pt\/170015\/"},"modified":"2025-11-29T23:39:22","modified_gmt":"2025-11-29T23:39:22","slug":"mae-e-filho-de-soure-aventuram-se-no-joker-noticias-de-coimbra","status":"publish","type":"post","link":"https:\/\/www.europesays.com\/pt\/170015\/","title":{"rendered":"M\u00e3e e filho de Soure aventuram-se no \u201cJoker\u201d \u2013 Not\u00edcias de Coimbra"},"content":{"rendered":"<p><strong>Paula Alves, professora de Portugu\u00eas e Ingl\u00eas h\u00e1 32 anos, decidiu finalmente concretizar uma vontade antiga: participar no concurso televisivo Joker. <\/strong><\/p>\n<p>Natural de Coimbra, mas residente em Soure, d\u00e1 aulas em Pombal e foi acompanhada pelo filho, Pedro, nesta experi\u00eancia que descrevem como \u201cinesquec\u00edvel\u201d.<\/p>\n<p>PUBLICIDADE<\/p>\n<p>\t\t\t\t\t\t<a class=\"publicidade-imagem d-flex justify-content-center\" href=\"https:\/\/www.facebook.com\/ufcoimbra\" rel=\"nofollow noopener\" target=\"_blank\"><br \/>\n\t\t\t\t\t\t  <img loading=\"lazy\" width=\"980\" height=\"350\" decoding=\"async\" src=\"https:\/\/www.europesays.com\/pt\/wp-content\/uploads\/2025\/11\/NATALCOIMBRA-2025.jpg\" alt=\"publicidade\" class=\"img-fluid\"\/><br \/>\n\t\t\t\t\t\t<\/a><\/p>\n<p>A decis\u00e3o de se inscrever surgiu de forma natural. \u201cTudo tem o seu tempo. J\u00e1 h\u00e1 algum tempo pensava nisso\u201d, contou Paula, explicando que o entusiasmo foi partilhado com o filo Pedro: \u201cAchei que era o momento e entusiasm\u00e1mo-nos um ao outro.\u201d<\/p>\n<p>Pedro confirmou o esp\u00edrito de aventura, partilhando nas redes sociais um testemunho emocionado:<\/p>\n<p>\u201cA minha super m\u00e3e e eu decidimos aventurar-nos nesta fant\u00e1stica experi\u00eancia e passar das respostas no sof\u00e1 para irmos conhecer o Vasco e toda a incr\u00edvel equipa do \u2018Joker\u2019 pessoalmente. N\u00e3o podia estar mais satisfeito com o resultado final. Muito orgulho em ti, m\u00e3e.\u201d<\/p>\n<p>A <a href=\"https:\/\/www.rtp.pt\/play\/p15601\/e891993\/joker\" data-type=\"link\" data-id=\"https:\/\/www.rtp.pt\/play\/p15601\/e891993\/joker\" rel=\"nofollow noopener\" target=\"_blank\">participa\u00e7\u00e3o<\/a>, gravada recentemente, foi ao ar a 26 de novembro de 2025 e Paulo acabou com o pr\u00e9mio final de 1000 euros. <\/p>\n<blockquote class=\"instagram-media\" data-instgrm-captioned=\"\" data-instgrm-permalink=\"https:\/\/www.instagram.com\/p\/DRkl0m-jRlH\/?utm_source=ig_embed&amp;utm_campaign=loading\" data-instgrm-version=\"14\" style=\" background:#FFF; border:0; border-radius:3px; box-shadow:0 0 1px 0 rgba(0,0,0,0.5),0 1px 10px 0 rgba(0,0,0,0.15); margin: 1px; max-width:540px; min-width:326px; padding:0; width:99.375%; width:-webkit-calc(100% - 2px); width:calc(100% - 2px);\"\/>\n<p>PUBLICIDADE<\/p>\n<p>\t\t\t<a class=\"publicidade-imagem d-flex justify-content-center\" href=\"https:\/\/jfsao.pt\/2025\/11\/20\/programa-do-171-o-aniversario-da-criacao-da-freguesia-de-santo-antonio-dos-olivais\/?fbclid=IwY2xjawOP6qBleHRuA2FlbQIxMABicmlkETA2WUREZENVNnNHenVpRmhIc3J0YwZhcHBfaWQQMjIyMDM5MTc4ODIwMDg5MgABHowdJbf48BOhpoKsZieNiLYY4-I_KIbjkrHWY-ywYjgDd1cWs0-cVj-VQIFy_aem_l6IqHsbPMDXxtNfinbJXqQ\" rel=\"nofollow noopener\" target=\"_blank\"><br \/>\n\t\t\t  <img loading=\"lazy\" decoding=\"async\" width=\"300\" height=\"424\" src=\"https:\/\/www.europesays.com\/pt\/wp-content\/uploads\/2025\/11\/olivais.jpg\" alt=\"publicidade\" class=\"img-fluid\"\/><br \/>\n\t\t\t<\/a><\/p>\n<p>\t\t\t\t<script async src=\"\/\/www.instagram.com\/embed.js\"><\/script><\/p>\n","protected":false},"excerpt":{"rendered":"Paula Alves, professora de Portugu\u00eas e Ingl\u00eas h\u00e1 32 anos, decidiu finalmente concretizar uma vontade antiga: participar no&hellip;\n","protected":false},"author":2,"featured_media":170016,"comment_status":"","ping_status":"","sticky":false,"template":"","format":"standard","meta":{"footnotes":""},"categories":[10],"tags":[27,28,15,16,14,25,26,21,22,12,13,19,20,32,23,24,33,17,18,29,30,31],"class_list":{"0":"post-170015","1":"post","2":"type-post","3":"status-publish","4":"format-standard","5":"has-post-thumbnail","7":"category-portugal","8":"tag-breaking-news","9":"tag-breakingnews","10":"tag-featured-news","11":"tag-featurednews","12":"tag-headlines","13":"tag-latest-news","14":"tag-latestnews","15":"tag-main-news","16":"tag-mainnews","17":"tag-news","18":"tag-noticias","19":"tag-noticias-principais","20":"tag-noticiasprincipais","21":"tag-portugal","22":"tag-principais-noticias","23":"tag-principaisnoticias","24":"tag-pt","25":"tag-top-stories","26":"tag-topstories","27":"tag-ultimas","28":"tag-ultimas-noticias","29":"tag-ultimasnoticias"},"share_on_mastodon":{"url":"https:\/\/pubeurope.com\/@pt\/115635628724268933","error":""},"_links":{"self":[{"href":"https:\/\/www.europesays.com\/pt\/wp-json\/wp\/v2\/posts\/170015","targetHints":{"allow":["GET"]}}],"collection":[{"href":"https:\/\/www.europesays.com\/pt\/wp-json\/wp\/v2\/posts"}],"about":[{"href":"https:\/\/www.europesays.com\/pt\/wp-json\/wp\/v2\/types\/post"}],"author":[{"embeddable":true,"href":"https:\/\/www.europesays.com\/pt\/wp-json\/wp\/v2\/users\/2"}],"replies":[{"embeddable":true,"href":"https:\/\/www.europesays.com\/pt\/wp-json\/wp\/v2\/comments?post=170015"}],"version-history":[{"count":0,"href":"https:\/\/www.europesays.com\/pt\/wp-json\/wp\/v2\/posts\/170015\/revisions"}],"wp:featuredmedia":[{"embeddable":true,"href":"https:\/\/www.europesays.com\/pt\/wp-json\/wp\/v2\/media\/170016"}],"wp:attachment":[{"href":"https:\/\/www.europesays.com\/pt\/wp-json\/wp\/v2\/media?parent=170015"}],"wp:term":[{"taxonomy":"category","embeddable":true,"href":"https:\/\/www.europesays.com\/pt\/wp-json\/wp\/v2\/categories?post=170015"},{"taxonomy":"post_tag","embeddable":true,"href":"https:\/\/www.europesays.com\/pt\/wp-json\/wp\/v2\/tags?post=170015"}],"curies":[{"name":"wp","href":"https:\/\/api.w.org\/{rel}","templated":true}]}}