{"id":170031,"date":"2025-11-29T23:53:11","date_gmt":"2025-11-29T23:53:11","guid":{"rendered":"https:\/\/www.europesays.com\/pt\/170031\/"},"modified":"2025-11-29T23:53:11","modified_gmt":"2025-11-29T23:53:11","slug":"cadaver-com-saco-na-cabeca-encontrado-em-mata-de-monsanto","status":"publish","type":"post","link":"https:\/\/www.europesays.com\/pt\/170031\/","title":{"rendered":"Cad\u00e1ver com saco na cabe\u00e7a encontrado em mata de Monsanto"},"content":{"rendered":"<p data-remotead-prev-elm=\"true\" data-remotead-elm-id=\"inread\">Segundo o JN apurou, passavam poucos minutos das 15 horas quando um popular detetou o cad\u00e1ver numa mata, junto \u00e0 Estrada de Monsanto e nas imedia\u00e7\u00f5es de um lar de idosos.<\/p>\n<p>Acionada a PSP, um carro-patrulha deslocou-se ao local e confirmou a exist\u00eancia de um corpo de um homem, com um saco na cabe\u00e7a e na posi\u00e7\u00e3o de joelhos. Os pol\u00edcias tamb\u00e9m constataram que o cad\u00e1ver estava j\u00e1 em avan\u00e7ado estado de decomposi\u00e7\u00e3o.<\/p>\n<p>Perante o cen\u00e1rio encontrado, e a possibilidade de ter sido cometido um crime, foi alertada a Pol\u00edcia Judici\u00e1ria e os inspetores tamb\u00e9m se deslocaram a Monsanto para as necess\u00e1rias averigua\u00e7\u00f5es.<\/p>\n","protected":false},"excerpt":{"rendered":"Segundo o JN apurou, passavam poucos minutos das 15 horas quando um popular detetou o cad\u00e1ver numa mata,&hellip;\n","protected":false},"author":2,"featured_media":170032,"comment_status":"","ping_status":"","sticky":false,"template":"","format":"standard","meta":{"footnotes":""},"categories":[10],"tags":[27,28,9877,15,16,14,603,25,26,21,22,1437,12,13,19,20,4107,32,23,24,1306,33,17,18,29,30,31],"class_list":{"0":"post-170031","1":"post","2":"type-post","3":"status-publish","4":"format-standard","5":"has-post-thumbnail","7":"category-portugal","8":"tag-breaking-news","9":"tag-breakingnews","10":"tag-cadaver","11":"tag-featured-news","12":"tag-featurednews","13":"tag-headlines","14":"tag-justica","15":"tag-latest-news","16":"tag-latestnews","17":"tag-main-news","18":"tag-mainnews","19":"tag-morte","20":"tag-news","21":"tag-noticias","22":"tag-noticias-principais","23":"tag-noticiasprincipais","24":"tag-pj","25":"tag-portugal","26":"tag-principais-noticias","27":"tag-principaisnoticias","28":"tag-psp","29":"tag-pt","30":"tag-top-stories","31":"tag-topstories","32":"tag-ultimas","33":"tag-ultimas-noticias","34":"tag-ultimasnoticias"},"share_on_mastodon":{"url":"https:\/\/pubeurope.com\/@pt\/115635683570902946","error":""},"_links":{"self":[{"href":"https:\/\/www.europesays.com\/pt\/wp-json\/wp\/v2\/posts\/170031","targetHints":{"allow":["GET"]}}],"collection":[{"href":"https:\/\/www.europesays.com\/pt\/wp-json\/wp\/v2\/posts"}],"about":[{"href":"https:\/\/www.europesays.com\/pt\/wp-json\/wp\/v2\/types\/post"}],"author":[{"embeddable":true,"href":"https:\/\/www.europesays.com\/pt\/wp-json\/wp\/v2\/users\/2"}],"replies":[{"embeddable":true,"href":"https:\/\/www.europesays.com\/pt\/wp-json\/wp\/v2\/comments?post=170031"}],"version-history":[{"count":0,"href":"https:\/\/www.europesays.com\/pt\/wp-json\/wp\/v2\/posts\/170031\/revisions"}],"wp:featuredmedia":[{"embeddable":true,"href":"https:\/\/www.europesays.com\/pt\/wp-json\/wp\/v2\/media\/170032"}],"wp:attachment":[{"href":"https:\/\/www.europesays.com\/pt\/wp-json\/wp\/v2\/media?parent=170031"}],"wp:term":[{"taxonomy":"category","embeddable":true,"href":"https:\/\/www.europesays.com\/pt\/wp-json\/wp\/v2\/categories?post=170031"},{"taxonomy":"post_tag","embeddable":true,"href":"https:\/\/www.europesays.com\/pt\/wp-json\/wp\/v2\/tags?post=170031"}],"curies":[{"name":"wp","href":"https:\/\/api.w.org\/{rel}","templated":true}]}}