{"id":170037,"date":"2025-11-29T23:58:24","date_gmt":"2025-11-29T23:58:24","guid":{"rendered":"https:\/\/www.europesays.com\/pt\/170037\/"},"modified":"2025-11-29T23:58:24","modified_gmt":"2025-11-29T23:58:24","slug":"nic-von-rupp-noivo-de-matilde-reymao-vive-aventura-radical-e-deixa-fas-em-choque-novelas","status":"publish","type":"post","link":"https:\/\/www.europesays.com\/pt\/170037\/","title":{"rendered":"Nic Von Rupp, noivo de Matilde Reym\u00e3o, vive aventura radical e deixa f\u00e3s em choque &#8211; Novelas"},"content":{"rendered":"<p data-end=\"602\" data-start=\"217\">O <strong data-end=\"254\" data-start=\"219\">surfista portugu\u00eas <a href=\"https:\/\/tvi.iol.pt\/novelas\/matilde-reymao\/nick-von-rupp\/se-te-fizessem-esse-convite-matilde-da-finalmente-a-resposta-que-todos-os-portugueses-queriam-ouvir\" rel=\"nofollow noopener\" target=\"_blank\">Nic Von Rupp<\/a><\/strong>, noivo da atriz <a href=\"https:\/\/tvi.iol.pt\/novelas\/fotos\/matilde-reymao-lanca-esclarecimento-publico-e-coloca-fim-a-rumores\/690a1cc8d34e3caad84ae527\" rel=\"nofollow noopener\" target=\"_blank\"><strong data-end=\"289\" data-start=\"271\">Matilde Reym\u00e3o<\/strong><\/a>, que interpreta <strong data-end=\"317\" data-start=\"306\">Mariana<\/strong> na novela A Protegida, lan\u00e7ou o <strong data-end=\"372\" data-start=\"352\">segundo epis\u00f3dio<\/strong> da sua s\u00e9rie <strong data-end=\"405\" data-start=\"386\">Chasing Iceland<\/strong>, documentando uma <strong data-end=\"472\" data-start=\"424\">jornada \u00e9pica de 12 dias e 2.400 quil\u00f3metros<\/strong> pelas costas remotas da <strong data-end=\"509\" data-start=\"497\">Isl\u00e2ndia<\/strong>, do norte ao sul, \u00e0 procura das <strong data-end=\"599\" data-start=\"542\">ondas mais selvagens e desafiantes do Atl\u00e2ntico Norte<\/strong>.<\/p>\n<p data-end=\"907\" data-start=\"604\">Ap\u00f3s o sucesso da estreia em 2024, Von Rupp regressa ao <strong data-end=\"686\" data-start=\"660\">pa\u00eds do gelo e do fogo<\/strong> acompanhado por <strong data-end=\"751\" data-start=\"703\">Heidar Logi, Annie Starr e Live Fast Die Old<\/strong>, enfrentando <strong data-end=\"812\" data-start=\"765\">temperaturas negativas, estradas congeladas<\/strong> e <strong data-end=\"841\" data-start=\"815\">beach breaks poderosos<\/strong>, que contrastam com a <strong data-end=\"904\" data-start=\"864\">tranquilidade dos fiordes islandeses<\/strong>.<\/p>\n<p data-end=\"1097\" data-start=\"909\">O surfista partilhou ainda um <strong data-end=\"971\" data-start=\"939\">v\u00eddeo inesperado e divertido<\/strong>, mostrando a sua equipa <strong data-end=\"1029\" data-start=\"996\">mergulhando nas \u00e1guas geladas<\/strong> enquanto nevava, demonstrando esp\u00edrito de aventura e camaradagem:<strong> \u00abEpis\u00f3dio 3 da Isl\u00e2ndia j\u00e1 dispon\u00edvel no canal Von Froth! Que forma incr\u00edvel de terminar a nossa viagem em Thr\u00f3li. Vejam, link nas minhas stories.\u00bb<\/strong><\/p>\n<p data-end=\"1511\" data-start=\"1246\">Este epis\u00f3dio refor\u00e7a a reputa\u00e7\u00e3o de <strong data-end=\"1299\" data-start=\"1283\">Nic Von Rupp<\/strong> como um dos <strong data-end=\"1350\" data-start=\"1312\">surfistas mais destemidos do mundo<\/strong>, capaz de enfrentar condi\u00e7\u00f5es extremas em busca de ondas \u00fanicas, e destaca a <strong data-end=\"1508\" data-start=\"1428\">capacidade de transformar desafios em momentos de pura adrenalina e divers\u00e3o<\/strong>.<\/p>\n<p data-end=\"1779\" data-start=\"1513\">A s\u00e9rie <strong data-end=\"1540\" data-start=\"1521\">Chasing Iceland<\/strong> continua a captar a aten\u00e7\u00e3o dos f\u00e3s de surf e aventura, oferecendo uma combina\u00e7\u00e3o de <strong data-end=\"1708\" data-start=\"1626\">paisagens deslumbrantes, condi\u00e7\u00f5es extremas e a paix\u00e3o de Von Rupp pelo oceano<\/strong>, inspirando todos a ultrapassar limites e a explorar o desconhecido.<\/p>\n<p data-end=\"1958\" data-start=\"1594\">Matilde Reym\u00e3o e Nick Von Rupp est\u00e3o noivos e a viver uma das suas fases mais felizes:\u00a0<\/p>\n","protected":false},"excerpt":{"rendered":"O surfista portugu\u00eas Nic Von Rupp, noivo da atriz Matilde Reym\u00e3o, que interpreta Mariana na novela A Protegida,&hellip;\n","protected":false},"author":2,"featured_media":170038,"comment_status":"","ping_status":"","sticky":false,"template":"","format":"standard","meta":{"footnotes":""},"categories":[142],"tags":[160,23055,166,114,115,157,167,164,881,35706,161,158,165,159,32,33,156,163,151,162],"class_list":{"0":"post-170037","1":"post","2":"type-post","3":"status-publish","4":"format-standard","5":"has-post-thumbnail","7":"category-tv","8":"tag-ana-guiomar","9":"tag-aventura","10":"tag-cristina-ferreira","11":"tag-entertainment","12":"tag-entretenimento","13":"tag-festa-e-festa","14":"tag-ficcao","15":"tag-jose-fidalgo","16":"tag-matilde-reymao","17":"tag-nick-von-rupp","18":"tag-novelas","19":"tag-para-sempre","20":"tag-pedro-sousa","21":"tag-pedro-teixeira","22":"tag-portugal","23":"tag-pt","24":"tag-queridos-papas","25":"tag-tiago-teotonio-pereira","26":"tag-tv","27":"tag-tvi"},"share_on_mastodon":{"url":"https:\/\/pubeurope.com\/@pt\/115635703264635478","error":""},"_links":{"self":[{"href":"https:\/\/www.europesays.com\/pt\/wp-json\/wp\/v2\/posts\/170037","targetHints":{"allow":["GET"]}}],"collection":[{"href":"https:\/\/www.europesays.com\/pt\/wp-json\/wp\/v2\/posts"}],"about":[{"href":"https:\/\/www.europesays.com\/pt\/wp-json\/wp\/v2\/types\/post"}],"author":[{"embeddable":true,"href":"https:\/\/www.europesays.com\/pt\/wp-json\/wp\/v2\/users\/2"}],"replies":[{"embeddable":true,"href":"https:\/\/www.europesays.com\/pt\/wp-json\/wp\/v2\/comments?post=170037"}],"version-history":[{"count":0,"href":"https:\/\/www.europesays.com\/pt\/wp-json\/wp\/v2\/posts\/170037\/revisions"}],"wp:featuredmedia":[{"embeddable":true,"href":"https:\/\/www.europesays.com\/pt\/wp-json\/wp\/v2\/media\/170038"}],"wp:attachment":[{"href":"https:\/\/www.europesays.com\/pt\/wp-json\/wp\/v2\/media?parent=170037"}],"wp:term":[{"taxonomy":"category","embeddable":true,"href":"https:\/\/www.europesays.com\/pt\/wp-json\/wp\/v2\/categories?post=170037"},{"taxonomy":"post_tag","embeddable":true,"href":"https:\/\/www.europesays.com\/pt\/wp-json\/wp\/v2\/tags?post=170037"}],"curies":[{"name":"wp","href":"https:\/\/api.w.org\/{rel}","templated":true}]}}