{"id":170043,"date":"2025-11-30T00:03:18","date_gmt":"2025-11-30T00:03:18","guid":{"rendered":"https:\/\/www.europesays.com\/pt\/170043\/"},"modified":"2025-11-30T00:03:18","modified_gmt":"2025-11-30T00:03:18","slug":"acontecimento-pop-setima-legiao-vao-voltar-a-gravar","status":"publish","type":"post","link":"https:\/\/www.europesays.com\/pt\/170043\/","title":{"rendered":"Acontecimento pop: S\u00e9tima Legi\u00e3o v\u00e3o voltar a gravar"},"content":{"rendered":"<p data-remotead-prev-elm=\"true\" data-remotead-elm-id=\"inread\">&#8220;Se toc\u00e1ssemos com nostalgia os concertos seriam uma porcaria &#8211; at\u00e9 rima&#8221;, brinca Paulo Abelho, percussionista dos S\u00e9tima Legi\u00e3o, que continuam na estrada a celebrar o 40.\u00b0 anivers\u00e1rio de &#8220;A um deus desconhecido&#8221;. Atuam amanh\u00e3 e a 1 de dezembro no Centro Cultural de Bel\u00e9m, em Lisboa, no contexto do Misty Fest. E h\u00e1 data nova no Porto, a 7 de fevereiro, na Casa da M\u00fasica. T\u00eam andado pelo passado, mas o futuro espreita: no in\u00edcio de 2026 arranca a prepara\u00e7\u00e3o de um novo conjunto de temas &#8211; ou de um acontecimento na m\u00fasica pop portuguesa.<\/p>\n","protected":false},"excerpt":{"rendered":"&#8220;Se toc\u00e1ssemos com nostalgia os concertos seriam uma porcaria &#8211; at\u00e9 rima&#8221;, brinca Paulo Abelho, percussionista dos S\u00e9tima&hellip;\n","protected":false},"author":2,"featured_media":170044,"comment_status":"","ping_status":"","sticky":false,"template":"","format":"standard","meta":{"footnotes":""},"categories":[85],"tags":[1753,35707,31029,114,115,150,32,33],"class_list":{"0":"post-170043","1":"post","2":"type-post","3":"status-publish","4":"format-standard","5":"has-post-thumbnail","7":"category-entretenimento","8":"tag-artes","9":"tag-casa-da-musica","10":"tag-ccb","11":"tag-entertainment","12":"tag-entretenimento","13":"tag-musica","14":"tag-portugal","15":"tag-pt"},"share_on_mastodon":{"url":"https:\/\/pubeurope.com\/@pt\/115635723068038849","error":""},"_links":{"self":[{"href":"https:\/\/www.europesays.com\/pt\/wp-json\/wp\/v2\/posts\/170043","targetHints":{"allow":["GET"]}}],"collection":[{"href":"https:\/\/www.europesays.com\/pt\/wp-json\/wp\/v2\/posts"}],"about":[{"href":"https:\/\/www.europesays.com\/pt\/wp-json\/wp\/v2\/types\/post"}],"author":[{"embeddable":true,"href":"https:\/\/www.europesays.com\/pt\/wp-json\/wp\/v2\/users\/2"}],"replies":[{"embeddable":true,"href":"https:\/\/www.europesays.com\/pt\/wp-json\/wp\/v2\/comments?post=170043"}],"version-history":[{"count":0,"href":"https:\/\/www.europesays.com\/pt\/wp-json\/wp\/v2\/posts\/170043\/revisions"}],"wp:featuredmedia":[{"embeddable":true,"href":"https:\/\/www.europesays.com\/pt\/wp-json\/wp\/v2\/media\/170044"}],"wp:attachment":[{"href":"https:\/\/www.europesays.com\/pt\/wp-json\/wp\/v2\/media?parent=170043"}],"wp:term":[{"taxonomy":"category","embeddable":true,"href":"https:\/\/www.europesays.com\/pt\/wp-json\/wp\/v2\/categories?post=170043"},{"taxonomy":"post_tag","embeddable":true,"href":"https:\/\/www.europesays.com\/pt\/wp-json\/wp\/v2\/tags?post=170043"}],"curies":[{"name":"wp","href":"https:\/\/api.w.org\/{rel}","templated":true}]}}