{"id":170059,"date":"2025-11-30T00:17:24","date_gmt":"2025-11-30T00:17:24","guid":{"rendered":"https:\/\/www.europesays.com\/pt\/170059\/"},"modified":"2025-11-30T00:17:24","modified_gmt":"2025-11-30T00:17:24","slug":"consumo-de-carne-vermelha-e-essencial-para-mulheres-acima-dos-40-anos-indica-nutricionista","status":"publish","type":"post","link":"https:\/\/www.europesays.com\/pt\/170059\/","title":{"rendered":"Consumo de carne vermelha \u00e9 essencial para mulheres acima dos 40 anos, indica nutricionista"},"content":{"rendered":"<p>O consumo de carne vermelha tem sido alvo de debates, d\u00favidas e pol\u00eamicas nos \u00faltimos anos. De um lado, cresce a defesa de dietas que excluem completamente prote\u00ednas de origem animal. De outro, profissionais da sa\u00fade e estudos atuais refor\u00e7am que a carne, quando consumida com equil\u00edbrio, tem papel essencial no funcionamento do corpo humano.<\/p>\n<p>Para entender tratar melhor o tema, <a href=\"https:\/\/aprotagonista.canalrural.com.br\/\" rel=\"nofollow noopener\" target=\"_blank\">A Protagonista<\/a> conversou com a nutricionista Gabriela Pereira, especialista com mais de 18 anos de carreira e criadora do conceito \u201cdieta feliz\u201d. Com linguagem simples e objetiva, ela explica por que a prote\u00edna animal permanece fundamental para a sa\u00fade, desmonta mitos sobre carne vermelha e aborda ainda consumo consciente, sa\u00fade da mulher e sustentabilidade.<\/p>\n<p>Prote\u00edna \u00e9 indispens\u00e1vel<\/p>\n<p>Gabriela afirma que a prote\u00edna animal tem papel \u00fanico na nutri\u00e7\u00e3o humana. \u201cA prote\u00edna \u00e9 essencial para todas as fun\u00e7\u00f5es vitais do nosso corpo. \u00c9 respons\u00e1vel pela repara\u00e7\u00e3o de tecidos, pele, cabelo, unha, massa muscular, produ\u00e7\u00e3o de enzimas, neurotransmissores, horm\u00f4nios e pelo sistema imunol\u00f3gico.\u201d<\/p>\n<p>A nutricionista destaca tamb\u00e9m a diferen\u00e7a entre prote\u00ednas animais e vegetais. Segundo ela, a prote\u00edna animal \u00e9 completa por conter todos os amino\u00e1cidos essenciais, nutrientes que o corpo n\u00e3o produz e precisa obter pela alimenta\u00e7\u00e3o.<\/p>\n<p>J\u00e1 prote\u00edna vegetal, por outro lado, exige combina\u00e7\u00f5es alimentares espec\u00edficas (como arroz + feij\u00e3o) e pode ter menor absor\u00e7\u00e3o devido \u00e0 presen\u00e7a de taninos e fitatos.<\/p>\n<p>Quando a carne passou a ser \u201cvil\u00e3\u201d?<\/p>\n<p>Gabriela explica que a demoniza\u00e7\u00e3o da carne vermelha nasceu de estudos antigos, que n\u00e3o diferenciavam tipos de carne nem avaliavam popula\u00e7\u00f5es saud\u00e1veis.<\/p>\n<p>\u201cEsses estudos n\u00e3o dividiam bem o tipo de carne estudada. Muitas vezes avaliavam ultraprocessados ou popula\u00e7\u00f5es sedent\u00e1rias, fumantes, acima do peso. Isso comprometia os resultados.\u201d<\/p>\n<p>Segundo ela, pesquisas atuais, como revis\u00f5es sistem\u00e1ticas e estudos randomizados, mostram que o consumo moderado de carne magra, at\u00e9 500 g por semana, n\u00e3o apresenta riscos para doen\u00e7as cardiovasculares, c\u00e2ncer ou inflama\u00e7\u00f5es. Ela cita ainda consensos da OMS, American Heart Association e Sociedade Brasileira de Cardiologia.<\/p>\n<p>Carne vermelha, frango, su\u00edno ou peixe?<\/p>\n<p>Gabriela defende variedade semanal para garantir todos os nutrientes:<\/p>\n<ul class=\"wp-block-list\">\n<li>Carne bovina: rica em ferro heme (alta absor\u00e7\u00e3o), creatina e nutrientes ligados \u00e0 imunidade e energia;<\/li>\n<li>Carne su\u00edna e frango: cortes mais magros, boa fonte de zinco, importante para pele, unhas, cabelo e produ\u00e7\u00e3o hormonal;<\/li>\n<li>Peixes gordurosos (salm\u00e3o, sardinha, atum): ricos em \u00f4mega-3, fundamentais para fun\u00e7\u00f5es cognitivas e a\u00e7\u00e3o anti-inflamat\u00f3ria.<\/li>\n<\/ul>\n<p>\u201cCada tipo de prote\u00edna carrega um perfil nutricional diferente. Equilibrar \u00e9 fundamental.\u201d<\/p>\n<p>Sa\u00fade da mulher: por que consumir mais prote\u00edna ap\u00f3s os 40?<\/p>\n<p>Com o passar dos anos, a mulher perde massa muscular de forma natural (sarcopenia). Por isso, segundo Gabriela, a prote\u00edna se torna ainda mais importante.<\/p>\n<p>\u201cA prote\u00edna \u00e9 essencial para construir m\u00fasculo. A leucina \u00e9 o \u2018gatilho\u2019 da s\u00edntese proteica, como se fossem tijolinhos que constroem o m\u00fasculo.\u201d<\/p>\n<p>Ela recomenda 25 a 35 g de prote\u00edna por refei\u00e7\u00e3o, o equivalente a 100\u2013150 g de carne, frango ou peixe. A prote\u00edna tamb\u00e9m acelera o metabolismo e aumenta a saciedade, ajudando na manuten\u00e7\u00e3o do peso.<\/p>\n<p>Prote\u00edna em todas as refei\u00e7\u00f5es?<\/p>\n<p>Gabriela explica que a prote\u00edna tem efeito termog\u00eanico, gasta mais calorias na digest\u00e3o, e ajuda a controlar glicemia e insulina.<\/p>\n<p>\u201cInserir prote\u00edna em praticamente todas as refei\u00e7\u00f5es gera saciedade prolongada e ajuda no emagrecimento e no ganho de massa muscular.\u201d<\/p>\n<p>Isso inclui caf\u00e9 da manh\u00e3, lanches intermedi\u00e1rios e refei\u00e7\u00f5es principais.<\/p>\n<p>Carne, sustentabilidade e bem-estar animal: como consumir de forma consciente<\/p>\n<p>Gabriela destaca que sustentabilidade n\u00e3o significa eliminar a carne, mas consumir com \u00e9tica e sem desperd\u00edcio. \u201cA melhor alimenta\u00e7\u00e3o \u00e9 aquela que vem da natureza.\u201d<\/p>\n<p>Ela refor\u00e7a pr\u00e1ticas como: priorizar carnes de animais criados a pasto, evitar ultraprocessados (salsicha, embutidos) e aproveitar o alimento de forma integral (como o caldo de ossos, rico em col\u00e1geno, gelatina, minerais e amino\u00e1cidos).<\/p>\n<p>Segundo a nutricionista, esse consumo equilibrado, aliado a vegetais, legumes e gr\u00e3os, garante uma dieta saud\u00e1vel, completa e sustent\u00e1vel.<\/p>\n","protected":false},"excerpt":{"rendered":"O consumo de carne vermelha tem sido alvo de debates, d\u00favidas e pol\u00eamicas nos \u00faltimos anos. De um&hellip;\n","protected":false},"author":2,"featured_media":170060,"comment_status":"","ping_status":"","sticky":false,"template":"","format":"standard","meta":{"footnotes":""},"categories":[86],"tags":[3336,116,9706,32,33,117],"class_list":{"0":"post-170059","1":"post","2":"type-post","3":"status-publish","4":"format-standard","5":"has-post-thumbnail","7":"category-saude","8":"tag-carne-vermelha","9":"tag-health","10":"tag-nutricionista","11":"tag-portugal","12":"tag-pt","13":"tag-saude"},"share_on_mastodon":{"url":"https:\/\/pubeurope.com\/@pt\/115635777867292282","error":""},"_links":{"self":[{"href":"https:\/\/www.europesays.com\/pt\/wp-json\/wp\/v2\/posts\/170059","targetHints":{"allow":["GET"]}}],"collection":[{"href":"https:\/\/www.europesays.com\/pt\/wp-json\/wp\/v2\/posts"}],"about":[{"href":"https:\/\/www.europesays.com\/pt\/wp-json\/wp\/v2\/types\/post"}],"author":[{"embeddable":true,"href":"https:\/\/www.europesays.com\/pt\/wp-json\/wp\/v2\/users\/2"}],"replies":[{"embeddable":true,"href":"https:\/\/www.europesays.com\/pt\/wp-json\/wp\/v2\/comments?post=170059"}],"version-history":[{"count":0,"href":"https:\/\/www.europesays.com\/pt\/wp-json\/wp\/v2\/posts\/170059\/revisions"}],"wp:featuredmedia":[{"embeddable":true,"href":"https:\/\/www.europesays.com\/pt\/wp-json\/wp\/v2\/media\/170060"}],"wp:attachment":[{"href":"https:\/\/www.europesays.com\/pt\/wp-json\/wp\/v2\/media?parent=170059"}],"wp:term":[{"taxonomy":"category","embeddable":true,"href":"https:\/\/www.europesays.com\/pt\/wp-json\/wp\/v2\/categories?post=170059"},{"taxonomy":"post_tag","embeddable":true,"href":"https:\/\/www.europesays.com\/pt\/wp-json\/wp\/v2\/tags?post=170059"}],"curies":[{"name":"wp","href":"https:\/\/api.w.org\/{rel}","templated":true}]}}