{"id":170089,"date":"2025-11-30T00:50:17","date_gmt":"2025-11-30T00:50:17","guid":{"rendered":"https:\/\/www.europesays.com\/pt\/170089\/"},"modified":"2025-11-30T00:50:17","modified_gmt":"2025-11-30T00:50:17","slug":"frio-e-chuva-este-truque-que-muitos-condutores-ignoram-evita-os-vidros-do-carro-embaciados-no-inverno","status":"publish","type":"post","link":"https:\/\/www.europesays.com\/pt\/170089\/","title":{"rendered":"Frio e chuva? Este truque que muitos condutores ignoram evita os vidros do carro embaciados no inverno"},"content":{"rendered":"<p><strong>Os vidros embaciados do carro s\u00e3o um dos problemas mais frequentes do inverno e um dos que mais atrasam quem sai de casa com pressa. A conjuga\u00e7\u00e3o de frio, humidade e chuva cria o cen\u00e1rio ideal para que a condensa\u00e7\u00e3o se acumule rapidamente no para-brisas, reduzindo a visibilidade e obrigando a longos minutos de espera. <\/strong><\/p>\n<p>De acordo com o Raz\u00e3o Autom\u00f3vel, site especializado em assuntos auto, este fen\u00f3meno \u00e9 comum nesta altura do ano e tende a agravar-se em ve\u00edculos mais antigos ou com sistemas de climatiza\u00e7\u00e3o menos eficientes.<\/p>\n<p>O inverno traz dias curtos, manh\u00e3s h\u00famidas e habit\u00e1culos frios, o que acaba por acelerar a forma\u00e7\u00e3o de condensa\u00e7\u00e3o. Ainda assim, existe um truque simples que muitos condutores ignoram e que pode impedir que os vidros embaciem t\u00e3o depressa, mesmo antes de ligar o desembaciador ou abrir as janelas.<\/p>\n<p class=\"has-medium-font-size\"><strong>Porque \u00e9 que os vidros embaciam?<\/strong><\/p>\n<p>Segundo o Raz\u00e3o Autom\u00f3vel, o embaciamento acontece quando existe diferen\u00e7a de temperatura entre o interior e o exterior do ve\u00edculo. O ar quente e h\u00famido do habit\u00e1culo condensa ao tocar na superf\u00edcie fria dos vidros, formando a pel\u00edcula opaca que dificulta a condu\u00e7\u00e3o. <\/p>\n<p>Este efeito \u00e9 mais intenso quando os tapetes est\u00e3o molhados, existem casacos h\u00famidos no interior ou quando a chuva encontra superf\u00edcies frias logo ap\u00f3s o arranque.<\/p>\n<p>Manter o carro seco por dentro \u00e9, por isso, um dos passos fundamentais para evitar que o problema se repita diariamente. A humidade acumulada em tapetes, guarda-chuvas ou bancos \u00e9 absorvida pelo ar que circula no habit\u00e1culo, criando as condi\u00e7\u00f5es perfeitas para a condensa\u00e7\u00e3o.<\/p>\n<p class=\"has-medium-font-size\"><strong>O truque que muitos condutores desconhecem<\/strong><\/p>\n<p>Segundo a mesma publica\u00e7\u00e3o, um dos m\u00e9todos mais eficazes para evitar o embaciamento \u00e9 limpar regularmente os vidros com produtos adequados. Os especialistas citados explicam que um vidro sujo embacia mais depressa, j\u00e1 que as part\u00edculas de gordura e poeira facilitam a condensa\u00e7\u00e3o. Utilizar \u00e1lcool isoprop\u00edlico ou at\u00e9 papel de jornal permite deixar a superf\u00edcie mais limpa e menos propensa ao nevoeiro matinal.<\/p>\n<p>H\u00e1 ainda solu\u00e7\u00f5es caseiras que t\u00eam surpreendido muitos condutores. O <a href=\"https:\/\/www.razaoautomovel.com\/\" target=\"_blank\" rel=\"noreferrer noopener nofollow\">Raz\u00e3o Autom\u00f3vel<\/a> refere que passar uma fina camada de espuma de barbear no interior do vidro e depois polir com um pano seco cria uma pel\u00edcula invis\u00edvel que reduz a condensa\u00e7\u00e3o. <\/p>\n<p>O mesmo pode ser feito com uma batata cortada ao meio, que deixa uma camada amil\u00e1cea que repele a humidade. N\u00e3o s\u00e3o solu\u00e7\u00f5es convencionais, mas funcionam e s\u00e3o utilizadas h\u00e1 d\u00e9cadas em ambientes frios.<\/p>\n<p class=\"has-medium-font-size\"><strong>E se o carro n\u00e3o tiver ar condicionado?<\/strong><\/p>\n<p>Nos ve\u00edculos mais recentes, basta ativar o desembaciador e deixar o ar condicionado secar o habit\u00e1culo. J\u00e1 nos mais antigos, o processo \u00e9 mais lento, mas igualmente eficaz: ligar a ventila\u00e7\u00e3o no m\u00e1ximo, apontar o fluxo para o para-brisas e abrir ligeiramente as janelas para permitir a renova\u00e7\u00e3o do ar. O objetivo \u00e9 expulsar a humidade para o exterior e equilibrar as temperaturas.<\/p>\n<p class=\"has-medium-font-size\"><strong>Pequenas mudan\u00e7as fazem a diferen\u00e7a<\/strong><\/p>\n<p>De acordo com a publica\u00e7\u00e3o, manter o para-brisas limpo, evitar guardar objetos h\u00famidos no carro, retirar tapetes molhados e usar produtos anti-embaciamento pode reduzir drasticamente o problema. S\u00e3o medidas simples que ajudam a evitar atrasos, condu\u00e7\u00e3o insegura e desperd\u00edcio de energia.<\/p>\n<p><strong>Leia tamb\u00e9m:\u00a0<a href=\"https:\/\/postal.pt\/nacional\/selos-no-para%e2%80%91brisas-a-lei-mudou-mas-muitos-condutores-nao-sabem-que-tem-de-levar-isto-no-carro\/\" target=\"_blank\" rel=\"noreferrer noopener nofollow\">Selos no para\u2011brisas: a lei mudou mas muitos condutores n\u00e3o sabem que t\u00eam de levar isto no carro<\/a><\/strong><\/p>\n","protected":false},"excerpt":{"rendered":"Os vidros embaciados do carro s\u00e3o um dos problemas mais frequentes do inverno e um dos que mais&hellip;\n","protected":false},"author":2,"featured_media":170090,"comment_status":"","ping_status":"","sticky":false,"template":"","format":"standard","meta":{"footnotes":""},"categories":[50],"tags":[27,28,15,16,14,25,26,21,22,62,12,13,19,20,23,24,17,18,29,30,31,63,64,65],"class_list":{"0":"post-170089","1":"post","2":"type-post","3":"status-publish","4":"format-standard","5":"has-post-thumbnail","7":"category-mundo","8":"tag-breaking-news","9":"tag-breakingnews","10":"tag-featured-news","11":"tag-featurednews","12":"tag-headlines","13":"tag-latest-news","14":"tag-latestnews","15":"tag-main-news","16":"tag-mainnews","17":"tag-mundo","18":"tag-news","19":"tag-noticias","20":"tag-noticias-principais","21":"tag-noticiasprincipais","22":"tag-principais-noticias","23":"tag-principaisnoticias","24":"tag-top-stories","25":"tag-topstories","26":"tag-ultimas","27":"tag-ultimas-noticias","28":"tag-ultimasnoticias","29":"tag-world","30":"tag-world-news","31":"tag-worldnews"},"share_on_mastodon":{"url":"https:\/\/pubeurope.com\/@pt\/115635907663881022","error":""},"_links":{"self":[{"href":"https:\/\/www.europesays.com\/pt\/wp-json\/wp\/v2\/posts\/170089","targetHints":{"allow":["GET"]}}],"collection":[{"href":"https:\/\/www.europesays.com\/pt\/wp-json\/wp\/v2\/posts"}],"about":[{"href":"https:\/\/www.europesays.com\/pt\/wp-json\/wp\/v2\/types\/post"}],"author":[{"embeddable":true,"href":"https:\/\/www.europesays.com\/pt\/wp-json\/wp\/v2\/users\/2"}],"replies":[{"embeddable":true,"href":"https:\/\/www.europesays.com\/pt\/wp-json\/wp\/v2\/comments?post=170089"}],"version-history":[{"count":0,"href":"https:\/\/www.europesays.com\/pt\/wp-json\/wp\/v2\/posts\/170089\/revisions"}],"wp:featuredmedia":[{"embeddable":true,"href":"https:\/\/www.europesays.com\/pt\/wp-json\/wp\/v2\/media\/170090"}],"wp:attachment":[{"href":"https:\/\/www.europesays.com\/pt\/wp-json\/wp\/v2\/media?parent=170089"}],"wp:term":[{"taxonomy":"category","embeddable":true,"href":"https:\/\/www.europesays.com\/pt\/wp-json\/wp\/v2\/categories?post=170089"},{"taxonomy":"post_tag","embeddable":true,"href":"https:\/\/www.europesays.com\/pt\/wp-json\/wp\/v2\/tags?post=170089"}],"curies":[{"name":"wp","href":"https:\/\/api.w.org\/{rel}","templated":true}]}}