{"id":170097,"date":"2025-11-30T01:03:43","date_gmt":"2025-11-30T01:03:43","guid":{"rendered":"https:\/\/www.europesays.com\/pt\/170097\/"},"modified":"2025-11-30T01:03:43","modified_gmt":"2025-11-30T01:03:43","slug":"este-creme-luxuoso-promete-tirar-lhe-5-anos-de-cima-em-apenas-1-mes-mas-custa-mais-de-350e-beleza","status":"publish","type":"post","link":"https:\/\/www.europesays.com\/pt\/170097\/","title":{"rendered":"Este creme luxuoso promete tirar-lhe 5 anos de cima em apenas 1 m\u00eas (mas custa mais de 350\u20ac) &#8211; Beleza"},"content":{"rendered":"<p>H\u00e1 cremes que custam uma pipa de massa e, mesmo assim, continuam a conquistar fi\u00e9is. Isto porque prometem resultados vis\u00edveis, consistentes e, para muitos, suficientemente convincentes para adiar qualquer pensamento de interven\u00e7\u00f5es mais invasivas. Neste territ\u00f3rio onde a ci\u00eancia se cruza com a ambi\u00e7\u00e3o de uma pele mais firme e luminosa, surge agora a nova proposta da Lanc\u00f4me.<\/p>\n<p>Falamos do Absolue Longevity The Soft Cream, percursor daquilo a que, em comunicado, a marca chama Ci\u00eancia Integrativa da Longevidade, a sua mais recente aposta na investiga\u00e7\u00e3o do envelhecimento cut\u00e2neo. <strong>Em vez de olhar para o envelhecimento como um decl\u00ednio inevit\u00e1vel, esta abordagem segue por outro caminho.<\/strong><\/p>\n<p>Ou seja, o objetivo \u00e9 compreender o envelhecimento como um processo vivo, multifatorial, profundamente ligado \u00e0 energia celular e \u00e0 capacidade da pele se regenerar ao longo do tempo. Para isso, foram mapeados 267 biomarcadores e definidos nove pilares biol\u00f3gicos que influenciam diretamente a vitalidade cut\u00e2nea. <strong>Esta vis\u00e3o mais ampla permite atuar sobre causas estruturais, garante.<\/strong><\/p>\n<p data-start=\"459\" data-end=\"1068\">\u00c9 aqui que entra o ingrediente-estrela do creme, o patenteado Absolue PDRN. Em termos pr\u00e1ticos, trata-se de uma mol\u00e9cula <strong>criada a partir do ADN de rosa<\/strong> e inspirada em t\u00e9cnicas de regenera\u00e7\u00e3o usadas na Coreia do Sul. A sua fun\u00e7\u00e3o \u00e9 impulsionar as mitoc\u00f4ndrias (ou seja, ajudar as c\u00e9lulas da pele a produzir mais energia, trabalhar melhor e recuperar mais depressa, para os mais leigos).<\/p>\n<p data-start=\"459\" data-end=\"1068\">Segundo a Lanc\u00f4me, este ingrediente<strong> consegue reverter cinco anos de envelhecimento em apenas um m\u00eas<\/strong>, afirma\u00e7\u00e3o que \u00e9 sustentada por dados recolhidos em parceria com a startup francesa Oxiproteomics. Assim, os resultados apresentados colocam o produto no patamar dos tratamentos de alta performance.<\/p>\n<p data-start=\"459\" data-end=\"1068\">A parte exterior desta novidade tamb\u00e9m parece ter sido pensada ao pormenor. O frasco \u00e9 dourado, recarreg\u00e1vel e usa menos vidro e pl\u00e1stico do que antes, seguindo a tend\u00eancia de tornar o luxo mais respons\u00e1vel. Ainda assim, continua a ser um creme de alto investimento. Os n\u00fameros falam por si, j\u00e1 que tem um PVPR de 353,80\u20ac pela vers\u00e3o de 60 ml e 283\u20ac pela recarga.<\/p>\n<p>Espreite o produto                      <\/p>\n","protected":false},"excerpt":{"rendered":"H\u00e1 cremes que custam uma pipa de massa e, mesmo assim, continuam a conquistar fi\u00e9is. Isto porque prometem&hellip;\n","protected":false},"author":2,"featured_media":170098,"comment_status":"","ping_status":"","sticky":false,"template":"","format":"standard","meta":{"footnotes":""},"categories":[84],"tags":[109,107,108,32,33,105,103,104,106,110],"class_list":{"0":"post-170097","1":"post","2":"type-post","3":"status-publish","4":"format-standard","5":"has-post-thumbnail","7":"category-ciencia-e-tecnologia","8":"tag-ciencia","9":"tag-ciencia-e-tecnologia","10":"tag-cienciaetecnologia","11":"tag-portugal","12":"tag-pt","13":"tag-science","14":"tag-science-and-technology","15":"tag-scienceandtechnology","16":"tag-technology","17":"tag-tecnologia"},"share_on_mastodon":{"url":"https:\/\/pubeurope.com\/@pt\/115635958915372307","error":""},"_links":{"self":[{"href":"https:\/\/www.europesays.com\/pt\/wp-json\/wp\/v2\/posts\/170097","targetHints":{"allow":["GET"]}}],"collection":[{"href":"https:\/\/www.europesays.com\/pt\/wp-json\/wp\/v2\/posts"}],"about":[{"href":"https:\/\/www.europesays.com\/pt\/wp-json\/wp\/v2\/types\/post"}],"author":[{"embeddable":true,"href":"https:\/\/www.europesays.com\/pt\/wp-json\/wp\/v2\/users\/2"}],"replies":[{"embeddable":true,"href":"https:\/\/www.europesays.com\/pt\/wp-json\/wp\/v2\/comments?post=170097"}],"version-history":[{"count":0,"href":"https:\/\/www.europesays.com\/pt\/wp-json\/wp\/v2\/posts\/170097\/revisions"}],"wp:featuredmedia":[{"embeddable":true,"href":"https:\/\/www.europesays.com\/pt\/wp-json\/wp\/v2\/media\/170098"}],"wp:attachment":[{"href":"https:\/\/www.europesays.com\/pt\/wp-json\/wp\/v2\/media?parent=170097"}],"wp:term":[{"taxonomy":"category","embeddable":true,"href":"https:\/\/www.europesays.com\/pt\/wp-json\/wp\/v2\/categories?post=170097"},{"taxonomy":"post_tag","embeddable":true,"href":"https:\/\/www.europesays.com\/pt\/wp-json\/wp\/v2\/tags?post=170097"}],"curies":[{"name":"wp","href":"https:\/\/api.w.org\/{rel}","templated":true}]}}