{"id":17011,"date":"2025-08-05T12:41:11","date_gmt":"2025-08-05T12:41:11","guid":{"rendered":"https:\/\/www.europesays.com\/pt\/17011\/"},"modified":"2025-08-05T12:41:11","modified_gmt":"2025-08-05T12:41:11","slug":"esta-empresa-oferece-avioes-privados-de-luxo-a-precos-mais-acessiveis","status":"publish","type":"post","link":"https:\/\/www.europesays.com\/pt\/17011\/","title":{"rendered":"Esta empresa oferece avi\u00f5es privados de luxo a pre\u00e7os mais acess\u00edveis"},"content":{"rendered":"<p>Viajar num jato privado n\u00e3o \u00e9 poss\u00edvel para a larga maioria das carteiras. Contudo, esta empresa su\u00ed\u00e7a de avia\u00e7\u00e3o encontrou um modelo de neg\u00f3cio que permite oferecer voos privados a pre\u00e7os n\u00e3o t\u00e3o exorbitantes. J\u00e1 conhece a LunaJets?<\/p>\n<p><a target=\"_blank\" href=\"https:\/\/pplware.sapo.pt\/wp-content\/uploads\/2025\/08\/lunajets_jato_privado-1.jpg\" onclick=\"refreshIframe()\" class=\"foobox\" rel=\"nofollow noopener\"><img fetchpriority=\"high\" decoding=\"async\" src=\"https:\/\/www.europesays.com\/pt\/wp-content\/uploads\/2025\/08\/lunajets_jato_privado-1-720x405.jpg\" alt=\"Jato privado LunaJets\" width=\"720\" height=\"405\" class=\"aligncenter size-medium wp-image-1071694\"  \/><\/a>\n<\/p>\n<p>Com ADN su\u00ed\u00e7o, a LunaJets oferece a experi\u00eancia de voar num <a target=\"_blank\" href=\"https:\/\/pplware.sapo.pt\/informacao\/conhece-o-conceito-de-jet-sharing-entenda-como-viajam-os-bilionarios\/\" rel=\"nofollow noopener\">jato privado<\/a> sem gastar uma fortuna. Isto \u00e9 poss\u00edvel, uma vez que a empresa de avia\u00e7\u00e3o executiva n\u00e3o possui avi\u00f5es, mas conecta propriet\u00e1rios de aeronaves com passageiros.<\/p>\n<p>A empresa tem acesso a 4800 avi\u00f5es de 350 operadores em todo o mundo, desde pequenos jatos de quatro lugares at\u00e9 aos Boeing Business Jet. Globalmente, opera 15.000 voos anuais, com a Europa a representar entre 4% e 5% desse volume.<\/p>\n<p>Com 17 anos de experi\u00eancia e um volume de neg\u00f3cios de 200 milh\u00f5es de euros, a empresa foca-se nos &#8220;voos vazios&#8221;, avi\u00f5es que viajam sem passageiros para se reposicionarem, podendo oferecer descontos de at\u00e9 75%.<\/p>\n<p>Em Portugal, onde est\u00e1 presente, a LunaJets oferece alternativas privadas <a target=\"_blank\" href=\"https:\/\/www.lunajets.com\/en\/private-jet-charter\/fly-to-portugal\" rel=\"nofollow noopener\">de e para<\/a> Porto, Lisboa, Cascais e Faro.<\/p>\n<p>\u00a0<\/p>\n<p>Servi\u00e7o de avi\u00f5es privados tem valor pela efici\u00eancia<\/p>\n<p>Conforme as quotas consultadas pela imprensa espanhola, um voo privado de Madrid para Maiorca para sete pessoas poderia custar 3000 euros, e levar quatro pessoas de Andaluzia para a capital poderia custar cerca de 2000 euros.<\/p>\n<dl class=\"gallery-item\">\n<dt class=\"gallery-icon landscape\">\n\t\t\t\t<a data-attachment-id=\"1071692\" href=\"https:\/\/pplware.sapo.pt\/wp-content\/uploads\/2025\/08\/lunajets_jato_privado-3.jpg\" rel=\"nofollow noopener\" target=\"_blank\"><img loading=\"lazy\" decoding=\"async\" width=\"720\" height=\"405\" src=\"https:\/\/www.europesays.com\/pt\/wp-content\/uploads\/2025\/08\/lunajets_jato_privado-3-720x405.jpg\" class=\"attachment-medium size-medium\" alt=\"Jato privado LunaJets\"  \/><\/a>\n\t\t\t<\/dt>\n<\/dl>\n<dl class=\"gallery-item\">\n<dt class=\"gallery-icon landscape\">\n\t\t\t\t<a data-attachment-id=\"1071693\" href=\"https:\/\/pplware.sapo.pt\/wp-content\/uploads\/2025\/08\/lunajets_jato_privado-2.jpg\" rel=\"nofollow noopener\" target=\"_blank\"><img loading=\"lazy\" decoding=\"async\" width=\"720\" height=\"405\" src=\"https:\/\/www.europesays.com\/pt\/wp-content\/uploads\/2025\/08\/lunajets_jato_privado-2-720x405.jpg\" class=\"attachment-medium size-medium\" alt=\"Jato privado LunaJets\"  \/><\/a>\n\t\t\t<\/dt>\n<\/dl>\n<p><br style=\"clear: both\"\/><\/p>\n<p>Segundo Carlos Matallana, diretor da LunaJets Espanha desde 2023, ao <a target=\"_blank\" href=\"https:\/\/elpais.com\/economia\/negocios\/entrevistas-afterwork\/2025-08-04\/carlos-matallana-director-de-lunajets-en-espana-hay-gente-que-puede-volar-en-avion-privado-y-no-lo-sabe.html\" rel=\"nofollow noopener\">El Pa\u00eds<\/a>, &#8220;n\u00e3o \u00e9 preciso ser Onassis para voar num jato particular&#8221;.<\/p>\n<blockquote>\n<p>H\u00e1 uma quantidade incr\u00edvel de pessoas da classe m\u00e9dia abastada que podem ocasionalmente pagar esses voos e n\u00e3o sabem disso.<\/p>\n<\/blockquote>\n<p>Disse, <a target=\"_blank\" href=\"https:\/\/www.elmundo.es\/economia\/empresas\/2025\/05\/29\/682c410bfdddffe6a88b456f.html\" rel=\"nofollow noopener\">noutra entrevista<\/a>, explicando que, em Espanha, particularmente, o problema \u00e9 o desconhecimento e os preconceitos sociais.<\/p>\n<p>Para Carlos Matallana, o verdadeiro valor do servi\u00e7o n\u00e3o est\u00e1 no luxo, mas na efici\u00eancia: desde evitar filas de seguran\u00e7a e controlar hor\u00e1rios at\u00e9 viajar com mais conforto.<\/p>\n<p>Ali\u00e1s, em entrevista, o diretor da LunaJets Espanha contou que o perfil do cliente se tornou muito mais &#8220;informal&#8221; na \u00faltima d\u00e9cada, afastando-se do estere\u00f3tipo do banqueiro poderoso.<\/p>\n<p>\u00a0<\/p>\n<p><strong>Leia tamb\u00e9m:<\/strong><\/p>\n","protected":false},"excerpt":{"rendered":"Viajar num jato privado n\u00e3o \u00e9 poss\u00edvel para a larga maioria das carteiras. Contudo, esta empresa su\u00ed\u00e7a de&hellip;\n","protected":false},"author":2,"featured_media":17012,"comment_status":"","ping_status":"","sticky":false,"template":"","format":"standard","meta":{"footnotes":""},"categories":[83],"tags":[324,88,89,90,6449,32,33],"class_list":{"0":"post-17011","1":"post","2":"type-post","3":"status-publish","4":"format-standard","5":"has-post-thumbnail","7":"category-empresas","8":"tag-aviao","9":"tag-business","10":"tag-economy","11":"tag-empresas","12":"tag-jato-privado","13":"tag-portugal","14":"tag-pt"},"share_on_mastodon":{"url":"","error":""},"_links":{"self":[{"href":"https:\/\/www.europesays.com\/pt\/wp-json\/wp\/v2\/posts\/17011","targetHints":{"allow":["GET"]}}],"collection":[{"href":"https:\/\/www.europesays.com\/pt\/wp-json\/wp\/v2\/posts"}],"about":[{"href":"https:\/\/www.europesays.com\/pt\/wp-json\/wp\/v2\/types\/post"}],"author":[{"embeddable":true,"href":"https:\/\/www.europesays.com\/pt\/wp-json\/wp\/v2\/users\/2"}],"replies":[{"embeddable":true,"href":"https:\/\/www.europesays.com\/pt\/wp-json\/wp\/v2\/comments?post=17011"}],"version-history":[{"count":0,"href":"https:\/\/www.europesays.com\/pt\/wp-json\/wp\/v2\/posts\/17011\/revisions"}],"wp:featuredmedia":[{"embeddable":true,"href":"https:\/\/www.europesays.com\/pt\/wp-json\/wp\/v2\/media\/17012"}],"wp:attachment":[{"href":"https:\/\/www.europesays.com\/pt\/wp-json\/wp\/v2\/media?parent=17011"}],"wp:term":[{"taxonomy":"category","embeddable":true,"href":"https:\/\/www.europesays.com\/pt\/wp-json\/wp\/v2\/categories?post=17011"},{"taxonomy":"post_tag","embeddable":true,"href":"https:\/\/www.europesays.com\/pt\/wp-json\/wp\/v2\/tags?post=17011"}],"curies":[{"name":"wp","href":"https:\/\/api.w.org\/{rel}","templated":true}]}}