{"id":170142,"date":"2025-11-30T02:18:21","date_gmt":"2025-11-30T02:18:21","guid":{"rendered":"https:\/\/www.europesays.com\/pt\/170142\/"},"modified":"2025-11-30T02:18:21","modified_gmt":"2025-11-30T02:18:21","slug":"russia-e-eua-celebram-25-anos-de-presenca-humana-continua-no-espaco-com-nova-missao-a-estacao-espacial-internacional","status":"publish","type":"post","link":"https:\/\/www.europesays.com\/pt\/170142\/","title":{"rendered":"R\u00fassia e EUA celebram 25 anos de presen\u00e7a humana cont\u00ednua no espa\u00e7o com nova miss\u00e3o \u00e0 Esta\u00e7\u00e3o Espacial Internacional"},"content":{"rendered":"<p>Do Cazaquist\u00e3o ao cosmos, uma nova tripula\u00e7\u00e3o partiu em dire\u00e7\u00e3o \u00e0 Esta\u00e7\u00e3o Espacial Internacional (ISS) para celebrar um marco hist\u00f3rico: um quarto de s\u00e9culo com humanos vivendo continuamente no espa\u00e7o. A bordo da nave Soyuz MS-28 seguem tr\u00eas tripulantes \u2014 dois russos e um americano \u2014 que permanecer\u00e3o cerca de oito meses em \u00f3rbita realizando pesquisas cient\u00edficas e testes tecnol\u00f3gicos. O lan\u00e7amento refor\u00e7a <a href=\"https:\/\/www.gizmodo.com.br\/ucrania-diz-estar-disposta-a-negociar-com-os-eua-um-possivel-fim-para-a-guerra-com-a-russia-34564\" rel=\"nofollow noopener\" target=\"_blank\">a coopera\u00e7\u00e3o entre R\u00fassia e Estados Unidos<\/a> mesmo em meio a tens\u00f5es geopol\u00edticas globais.<\/p>\n<p> <b>Miss\u00e3o Soyuz MS-28: um voo marcado pela data hist\u00f3rica<\/b> <img loading=\"lazy\" decoding=\"async\" class=\"size-full wp-image-34193\" src=\"https:\/\/www.europesays.com\/pt\/wp-content\/uploads\/2025\/11\/BEZZOS-FOGUETE.png\" alt=\"Bezzos Foguete\" width=\"1500\" height=\"1000\"  \/>\u00a9 Blue Origin <\/p>\n<p>O foguete Soyuz 2.1a deixou a base de Baikonur \u00e0s 14h27 (hor\u00e1rio local), levando a c\u00e1psula MS-28 para uma trajet\u00f3ria r\u00e1pida: <a href=\"https:\/\/www.gizmodo.com.br\/a-terra-colidiu-com-um-planeta-gigante-ha-bilhoes-de-anos-e-uma-nova-analise-revela-que-ele-veio-de-um-lugar-inesperado-34861\" rel=\"nofollow noopener\" target=\"_blank\">apenas duas voltas ao redor da Terra<\/a> antes do acoplamento ao m\u00f3dulo russo Rassvet, tr\u00eas horas e seis minutos depois. O americano Chris Williams estreia em seu primeiro voo espacial; Sergei Mikaev tamb\u00e9m sobe pela primeira vez. Kud-Sverchkov, mais experiente, voa pela segunda vez.<\/p>\n<p>A Esta\u00e7\u00e3o Espacial Internacional, cooperativa entre m\u00faltiplos pa\u00edses, receber\u00e1 agora dez tripulantes ativos trabalhando em experimentos cient\u00edficos, manuten\u00e7\u00e3o e opera\u00e7\u00f5es de rotina.<\/p>\n<p>\u00a0<\/p>\n<p> <b>Quem est\u00e1 a bordo \u2014 e quem j\u00e1 aguardava no espa\u00e7o<\/b> <\/p>\n<p>Ap\u00f3s o acoplamento, o trio se juntar\u00e1 a outros sete profissionais j\u00e1 instalados em \u00f3rbita: os astronautas da NASA Mike Fincke, Zena Cardman e Jonny Kim; o japon\u00eas Kimiya Yui, representante da ag\u00eancia espacial JAXA; al\u00e9m dos russos Sergei Ryzhikov, Alexei Zubritsky e Oleg Platonov.<\/p>\n<p>Zubritsky, que registrou <a href=\"https:\/\/www.gizmodo.com.br\/o-alerta-vindo-do-espaco-que-uniu-cientistas-e-pode-definir-o-futuro-da-terra-34624\" rel=\"nofollow noopener\" target=\"_blank\">o lan\u00e7amento da Soyuz desde o espa\u00e7o<\/a>, publicou a imagem celebrando a chegada dos colegas. O clima \u00e9 de marco hist\u00f3rico e continuidade operacional, com foco cient\u00edfico e interc\u00e2mbio tecnol\u00f3gico.<\/p>\n<p> <b>25 anos de presen\u00e7a humana cont\u00ednua no espa\u00e7o<\/b> <\/p>\n<p>O lan\u00e7amento acontece exatamente no ano em que se completam 25 anos da primeira tripula\u00e7\u00e3o permanente da ISS, em 2000, quando Yuri Guidzenko, Sergei Krikaliov e Bill Shepherd iniciaram a ocupa\u00e7\u00e3o cont\u00ednua do laborat\u00f3rio orbital. Desde ent\u00e3o, quase 300 pessoas de 26 pa\u00edses j\u00e1 passaram pela plataforma, incluindo turistas, cientistas e at\u00e9 atores.<\/p>\n<p>A ISS \u00e9 o maior projeto de coopera\u00e7\u00e3o espacial da hist\u00f3ria moderna, reunindo 16 pa\u00edses e resistindo inclusive \u00e0s tens\u00f5es causadas pela guerra na Ucr\u00e2nia. A troca de tripulantes entre R\u00fassia e Estados Unidos \u2014 o chamado cross-flight agreement \u2014 continua ativa desde 2022.<\/p>\n<p> <b>Experimentos, caminhadas espaciais e\u2026 intelig\u00eancia artificial<\/b> <\/p>\n<p>Durante os 242 dias em \u00f3rbita, a Expedi\u00e7\u00e3o 74 deve realizar mais de 40 experimentos cient\u00edficos conduzidos pelo segmento russo, al\u00e9m de duas caminhadas espaciais. A inova\u00e7\u00e3o desta miss\u00e3o est\u00e1 no <a href=\"https:\/\/www.gizmodo.com.br\/a-nova-aposta-do-vale-do-silicio-para-dominar-a-inteligencia-artificial-35358\" rel=\"nofollow noopener\" target=\"_blank\">uso do sistema de IA GigaChat<\/a>, desenvolvido na R\u00fassia e liberado por ordem direta do presidente Vladimir Putin.<\/p>\n<p>A ferramenta ser\u00e1 utilizada para gerar relat\u00f3rios, cruzar bases de dados e agilizar procedimentos operacionais \u2014 marcando a primeira vez que intelig\u00eancia artificial russa auxilia diretamente atividades na ISS.<\/p>\n<p> <b>Um posto orbital que superou expectativas<\/b> <\/p>\n<p>Projetada inicialmente para durar 15 anos, a Esta\u00e7\u00e3o Espacial Internacional prova sua resili\u00eancia ao alcan\u00e7ar um quarto de s\u00e9culo com ocupa\u00e7\u00e3o ininterrupta. O laborat\u00f3rio serve como teste vivo da capacidade humana de adapta\u00e7\u00e3o ao espa\u00e7o profundo e segue sendo campo essencial<a href=\"https:\/\/www.gizmodo.com.br\/descargas-eletricas-detectadas-em-marte-revelam-nova-face-da-atmosfera-do-planeta-vermelho-e-podem-mudar-o-rumo-da-exploracao-espacial-35302\" rel=\"nofollow noopener\" target=\"_blank\"> para futuras miss\u00f5es \u00e0 Lua e, no horizonte, a Marte.<\/a><\/p>\n<p>Com a Soyuz MS-28 acoplada e o novo trio integrado \u00e0 rotina orbital, a coopera\u00e7\u00e3o cient\u00edfica permanece como um dos poucos pontos de contato firmes entre Moscou e Washington \u2014 lembrando que, no espa\u00e7o, fronteiras se tornam infinitas.<\/p>\n<p>\u00a0<\/p>\n<p>[ Fonte: <a href=\"https:\/\/www.infobae.com\/\" rel=\"nofollow noopener\" target=\"_blank\">Infobae<\/a>\u00a0 ]<\/p>\n<p>\u00a0<\/p>\n","protected":false},"excerpt":{"rendered":"Do Cazaquist\u00e3o ao cosmos, uma nova tripula\u00e7\u00e3o partiu em dire\u00e7\u00e3o \u00e0 Esta\u00e7\u00e3o Espacial Internacional (ISS) para celebrar um&hellip;\n","protected":false},"author":2,"featured_media":170143,"comment_status":"","ping_status":"","sticky":false,"template":"","format":"standard","meta":{"footnotes":""},"categories":[84],"tags":[109,107,108,32,33,105,103,104,106,110],"class_list":{"0":"post-170142","1":"post","2":"type-post","3":"status-publish","4":"format-standard","5":"has-post-thumbnail","7":"category-ciencia-e-tecnologia","8":"tag-ciencia","9":"tag-ciencia-e-tecnologia","10":"tag-cienciaetecnologia","11":"tag-portugal","12":"tag-pt","13":"tag-science","14":"tag-science-and-technology","15":"tag-scienceandtechnology","16":"tag-technology","17":"tag-tecnologia"},"share_on_mastodon":{"url":"https:\/\/pubeurope.com\/@pt\/115636253973178723","error":""},"_links":{"self":[{"href":"https:\/\/www.europesays.com\/pt\/wp-json\/wp\/v2\/posts\/170142","targetHints":{"allow":["GET"]}}],"collection":[{"href":"https:\/\/www.europesays.com\/pt\/wp-json\/wp\/v2\/posts"}],"about":[{"href":"https:\/\/www.europesays.com\/pt\/wp-json\/wp\/v2\/types\/post"}],"author":[{"embeddable":true,"href":"https:\/\/www.europesays.com\/pt\/wp-json\/wp\/v2\/users\/2"}],"replies":[{"embeddable":true,"href":"https:\/\/www.europesays.com\/pt\/wp-json\/wp\/v2\/comments?post=170142"}],"version-history":[{"count":0,"href":"https:\/\/www.europesays.com\/pt\/wp-json\/wp\/v2\/posts\/170142\/revisions"}],"wp:featuredmedia":[{"embeddable":true,"href":"https:\/\/www.europesays.com\/pt\/wp-json\/wp\/v2\/media\/170143"}],"wp:attachment":[{"href":"https:\/\/www.europesays.com\/pt\/wp-json\/wp\/v2\/media?parent=170142"}],"wp:term":[{"taxonomy":"category","embeddable":true,"href":"https:\/\/www.europesays.com\/pt\/wp-json\/wp\/v2\/categories?post=170142"},{"taxonomy":"post_tag","embeddable":true,"href":"https:\/\/www.europesays.com\/pt\/wp-json\/wp\/v2\/tags?post=170142"}],"curies":[{"name":"wp","href":"https:\/\/api.w.org\/{rel}","templated":true}]}}