{"id":170153,"date":"2025-11-30T02:51:09","date_gmt":"2025-11-30T02:51:09","guid":{"rendered":"https:\/\/www.europesays.com\/pt\/170153\/"},"modified":"2025-11-30T02:51:09","modified_gmt":"2025-11-30T02:51:09","slug":"ator-portugues-morre-dias-antes-do-casamento-com-conhecida-atriz-e-julio-isidro-lamenta-a-morte-chegou-antes-da-felicidade-consumada","status":"publish","type":"post","link":"https:\/\/www.europesays.com\/pt\/170153\/","title":{"rendered":"Ator portugu\u00eas morre dias antes do casamento com conhecida atriz e J\u00falio Isidro lamenta: &#8220;A morte chegou antes da felicidade consumada&#8221;"},"content":{"rendered":"<p>&#8220;Uma hist\u00f3ria de amor para a eternidade&#8221;. Foi este o t\u00edtulo escolhido por <a href=\"https:\/\/selfie.iol.pt\/famosos\/deolinda-rodrigues\/julio-isidro-a-minha-unica-interprete-deixou-me\/20251012\/68ebca31d34ee0c2fed12921\" target=\"_blank\" rel=\"nofollow noopener\">J\u00falio Isidro<\/a> para deixar uma reflex\u00e3o, a prop\u00f3sito do anivers\u00e1rio do falecimento do ator Carlos Santos.<\/p>\n<p>&#8220;O amor vem sempre a tempo. Dois jovens atores tinham tido um caso de amor h\u00e1 35 anos. Como tudo o que come\u00e7a corre o risco de chegar ao fim, a rela\u00e7\u00e3o parecia ter acabado ou talvez suspensa no tempo, porque nada acaba quando est\u00e1 escrito que um dia recome\u00e7a&#8221;, come\u00e7ou por escrever, referindo-se \u00e0 hist\u00f3ria de amor entre Carlos Santos e a atriz Am\u00e9lia Videira.<\/p>\n<p>De seguida, J\u00falio Isidro recordou: &#8220;Seguiram as suas vidas a representar outras vidas, amadureceram, envelheceram e um dia num palco inesperado &#8211; daqueles que s\u00e3o mais verdadeiros do que a fic\u00e7\u00e3o &#8211; reencontraram-se. O horizonte temporal tinha encurtado, mas ainda havia tempo para amar, agora de forma diferente, la\u00e7os s\u00f3lidos de cumplicidade, gostos comuns e aquele &#8216;amparas-me tu que eu tamb\u00e9m te dou a m\u00e3o.'&#8221;<\/p>\n<p>&#8220;A atriz e o ator levaram t\u00e3o a s\u00e9rio os pap\u00e9is que decidiram mesmo dar o n\u00f3, papel assinado e trapinhos juntos. Por coincid\u00eancia ou talvez n\u00e3o, casavam num filme que estavam a rodar juntos&#8230; a deixa certa para se matrimoniarem num cart\u00f3rio em dezembro. Que felicidade transbordava nos olhos azuis dela e no sorriso aberto dele. Tinha estado com os noivos e sentia a certeza de que nunca \u00e9 tarde para amar&#8221;, acrescentou.<\/p>\n<p>No entanto, o impens\u00e1vel aconteceu: Carlos Santos viria a falecer repentinamente, dias antes do casamento com Am\u00e9lia Videira. &#8220;Este amor estava no tempo certo, mas a morte chegou antes da felicidade consumada. Brutal, trai\u00e7oeira e sobretudo injusta. No dia 27 de novembro de h\u00e1 11 anos&#8230; uma queda deitou por terra um amor adiado. O Carlos Santos e a Am\u00e9lia Videira n\u00e3o chegaram a casar. A noiva tinha ficado vi\u00fava antes da troca de alian\u00e7as&#8221;, lamentou J\u00falio Isidro.<\/p>\n<p>&#8220;Num vel\u00f3rio discreto, os olhos azuis dela fingiam sorrir enquanto me recitava ao ouvido as \u00faltimas palavras com que se despediu do noivo: &#8216;Alma minha gentil que te partiste&#8230;&#8217; Deus, onde estavas? Ser\u00e1 que, na eternidade, Carlos espera por Am\u00e9lia para o beijo definitivo?&#8221;, completou o comunicador.<\/p>\n<p>Veja, agora, algumas das melhores imagens de J\u00falio Isidro nas galerias de fotografias que prepar\u00e1mos para si.<\/p>\n","protected":false},"excerpt":{"rendered":"&#8220;Uma hist\u00f3ria de amor para a eternidade&#8221;. Foi este o t\u00edtulo escolhido por J\u00falio Isidro para deixar uma&hellip;\n","protected":false},"author":2,"featured_media":170154,"comment_status":"","ping_status":"","sticky":false,"template":"","format":"standard","meta":{"footnotes":""},"categories":[145],"tags":[35723,6973,1244,813,35722,211,210,114,115,1169,980,22949,32,33,1012],"class_list":{"0":"post-170153","1":"post","2":"type-post","3":"status-publish","4":"format-standard","5":"has-post-thumbnail","7":"category-celebridades","8":"tag-amelia-videira","9":"tag-apresentador","10":"tag-ator","11":"tag-atriz","12":"tag-carlos-santos","13":"tag-celebridades","14":"tag-celebrities","15":"tag-entertainment","16":"tag-entretenimento","17":"tag-facebook","18":"tag-famosos","19":"tag-julio-isidro","20":"tag-portugal","21":"tag-pt","22":"tag-selfie"},"share_on_mastodon":{"url":"https:\/\/pubeurope.com\/@pt\/115636383427700893","error":""},"_links":{"self":[{"href":"https:\/\/www.europesays.com\/pt\/wp-json\/wp\/v2\/posts\/170153","targetHints":{"allow":["GET"]}}],"collection":[{"href":"https:\/\/www.europesays.com\/pt\/wp-json\/wp\/v2\/posts"}],"about":[{"href":"https:\/\/www.europesays.com\/pt\/wp-json\/wp\/v2\/types\/post"}],"author":[{"embeddable":true,"href":"https:\/\/www.europesays.com\/pt\/wp-json\/wp\/v2\/users\/2"}],"replies":[{"embeddable":true,"href":"https:\/\/www.europesays.com\/pt\/wp-json\/wp\/v2\/comments?post=170153"}],"version-history":[{"count":0,"href":"https:\/\/www.europesays.com\/pt\/wp-json\/wp\/v2\/posts\/170153\/revisions"}],"wp:featuredmedia":[{"embeddable":true,"href":"https:\/\/www.europesays.com\/pt\/wp-json\/wp\/v2\/media\/170154"}],"wp:attachment":[{"href":"https:\/\/www.europesays.com\/pt\/wp-json\/wp\/v2\/media?parent=170153"}],"wp:term":[{"taxonomy":"category","embeddable":true,"href":"https:\/\/www.europesays.com\/pt\/wp-json\/wp\/v2\/categories?post=170153"},{"taxonomy":"post_tag","embeddable":true,"href":"https:\/\/www.europesays.com\/pt\/wp-json\/wp\/v2\/tags?post=170153"}],"curies":[{"name":"wp","href":"https:\/\/api.w.org\/{rel}","templated":true}]}}