{"id":170162,"date":"2025-11-30T03:08:27","date_gmt":"2025-11-30T03:08:27","guid":{"rendered":"https:\/\/www.europesays.com\/pt\/170162\/"},"modified":"2025-11-30T03:08:27","modified_gmt":"2025-11-30T03:08:27","slug":"rita-almeida-revela-algo-que-a-ligava-a-sara-carreira-e-mostra-presente-unico-o-mais-especial-secret-story","status":"publish","type":"post","link":"https:\/\/www.europesays.com\/pt\/170162\/","title":{"rendered":"Rita Almeida revela algo que a ligava a Sara Carreira&#8230; E mostra presente \u00fanico: \u00abO mais especial\u00bb &#8211; Secret Story"},"content":{"rendered":"<p data-end=\"394\" data-start=\"147\"><strong>Sara Carreira<\/strong> partiu h\u00e1 quase cinco anos, mas a sua presen\u00e7a continua viva no cora\u00e7\u00e3o de quem a admira. A cada homenagem, a mem\u00f3ria da jovem cantora volta a ganhar luz \u2014 seja atrav\u00e9s da fam\u00edlia, de amigos pr\u00f3ximos ou de f\u00e3s que nunca a esqueceram.<\/p>\n<p data-end=\"733\" data-start=\"396\">Recentemente, <a href=\"https:\/\/tvi.iol.pt\/secretstory\/rita-almeida\/liliana\/polemica-com-liliana-rita-almeida-reage-e-faz-revelacoes-pessoais-impressionantes-nunca-contei-aqui\" rel=\"nofollow noopener\" target=\"_blank\"><strong>Rita Almeida<\/strong> <\/a>voltou a emocionar os seguidores ao mostrar um globo da Associa\u00e7\u00e3o Sara Carreira. A ex-concorrente do Secret Story &#8211; Casa dos Segredos explicou que coleciona globos e revelou um pormenor que n\u00e3o deixou ningu\u00e9m indiferente: <strong>\u00abEste globo \u00e9 o mais especial. E h\u00e1 um pequeno detalhe: fazemos anos no mesmo dia\u00bb.<\/strong><\/p>\n<p data-end=\"875\" data-start=\"735\">Um gesto simples, mas cheio de ternura, que refor\u00e7a como a hist\u00f3ria de Sara continua a transformar e a tocar quem se cruza com o seu legado.<\/p>\n<p data-end=\"1064\" data-start=\"877\"><strong>No dia 6, realiza-se a Gala dos Sonhos, promovida pela Associa\u00e7\u00e3o Sara Carreira, com transmiss\u00e3o na TVI<\/strong> \u2014 uma noite sempre marcada por emo\u00e7\u00e3o, solidariedade e tributos sinceros.<\/p>\n<p data-end=\"1064\" data-start=\"877\">Veja aqui:<\/p>\n<p data-end=\"1064\" data-start=\"877\"><img decoding=\"async\" alt=\"\" src=\"https:\/\/www.europesays.com\/pt\/wp-content\/uploads\/2025\/11\/1764445095_525_1024.jpeg\"\/><\/p>\n","protected":false},"excerpt":{"rendered":"Sara Carreira partiu h\u00e1 quase cinco anos, mas a sua presen\u00e7a continua viva no cora\u00e7\u00e3o de quem a&hellip;\n","protected":false},"author":2,"featured_media":170163,"comment_status":"","ping_status":"","sticky":false,"template":"","format":"standard","meta":{"footnotes":""},"categories":[142],"tags":[18706,114,115,18705,32,33,12639,28631,151,18704],"class_list":{"0":"post-170162","1":"post","2":"type-post","3":"status-publish","4":"format-standard","5":"has-post-thumbnail","7":"category-tv","8":"tag-bastidores-secret-story","9":"tag-entertainment","10":"tag-entretenimento","11":"tag-entrevistas-concorrentes-tvi","12":"tag-portugal","13":"tag-pt","14":"tag-rita-almeida","15":"tag-sara-carreira","16":"tag-tv","17":"tag-vida-fora-da-casa"},"share_on_mastodon":{"url":"https:\/\/pubeurope.com\/@pt\/115636450822759794","error":""},"_links":{"self":[{"href":"https:\/\/www.europesays.com\/pt\/wp-json\/wp\/v2\/posts\/170162","targetHints":{"allow":["GET"]}}],"collection":[{"href":"https:\/\/www.europesays.com\/pt\/wp-json\/wp\/v2\/posts"}],"about":[{"href":"https:\/\/www.europesays.com\/pt\/wp-json\/wp\/v2\/types\/post"}],"author":[{"embeddable":true,"href":"https:\/\/www.europesays.com\/pt\/wp-json\/wp\/v2\/users\/2"}],"replies":[{"embeddable":true,"href":"https:\/\/www.europesays.com\/pt\/wp-json\/wp\/v2\/comments?post=170162"}],"version-history":[{"count":0,"href":"https:\/\/www.europesays.com\/pt\/wp-json\/wp\/v2\/posts\/170162\/revisions"}],"wp:featuredmedia":[{"embeddable":true,"href":"https:\/\/www.europesays.com\/pt\/wp-json\/wp\/v2\/media\/170163"}],"wp:attachment":[{"href":"https:\/\/www.europesays.com\/pt\/wp-json\/wp\/v2\/media?parent=170162"}],"wp:term":[{"taxonomy":"category","embeddable":true,"href":"https:\/\/www.europesays.com\/pt\/wp-json\/wp\/v2\/categories?post=170162"},{"taxonomy":"post_tag","embeddable":true,"href":"https:\/\/www.europesays.com\/pt\/wp-json\/wp\/v2\/tags?post=170162"}],"curies":[{"name":"wp","href":"https:\/\/api.w.org\/{rel}","templated":true}]}}