{"id":170235,"date":"2025-11-30T05:46:13","date_gmt":"2025-11-30T05:46:13","guid":{"rendered":"https:\/\/www.europesays.com\/pt\/170235\/"},"modified":"2025-11-30T05:46:13","modified_gmt":"2025-11-30T05:46:13","slug":"eliezer-revela-motivo-de-viagem-em-familia","status":"publish","type":"post","link":"https:\/\/www.europesays.com\/pt\/170235\/","title":{"rendered":"Eliezer revela motivo de viagem em fam\u00edlia"},"content":{"rendered":"<p>Neste s\u00e1bado, 29, o influenciador <a href=\"https:\/\/caras.com.br\/tags\/eliezer\" rel=\"nofollow noopener\" target=\"_blank\"><strong>Eliezer<\/strong><\/a> surpreendeu seus seguidores ao revelar que embarcou em uma viagem em fam\u00edlia, ao lado de <a href=\"https:\/\/caras.com.br\/tags\/viih-tube\" rel=\"nofollow noopener\" target=\"_blank\"><strong>Viih Tube<\/strong><\/a> e seus filhos, <strong>Lua<\/strong> e <strong>Ravi.<\/strong> Ele compartilhou um registro do momento especial e explicou a raz\u00e3o do passeio.<\/p>\n<p>No registro, Eliezer e Viih Tube estavam abra\u00e7ados com seus herdeiros, enquanto sorriam de alegria. O influenciador destacou que a viagem foi feita a fim de celebrar o primeiro ano de Ravi. \u201cVai come\u00e7ar nossa viagem com a fam\u00edlia toda pra comemorar o anivers\u00e1rio de 1 ano do Ravi. P.S.: O Ravi est\u00e1 aqui sendo amassado (risos)\u201d, escreveu o ex-BBB nas redes sociais.<\/p>\n<p>De acordo com ele, o momento especial marca uma nova etapa para a fam\u00edlia dos ex-BBBs. \u201cDepois de tudo o que aconteceu, eu e a Viih ressignificamos muitas coisas na nossa vida. No anivers\u00e1rio de 1 ano da Lua fizemos uma festa de 3 dias e foi lindo, marcou a nossa vida tamb\u00e9m e comemoramos\u201d, revelou Eliezer em seus stories.<\/p>\n<p>\u201cS\u00f3 que estamos em uma fase diferente da nossa vida e, dessa vez, preferimos fazer uma festa mais \u00edntima com as pessoas que realmente participaram da vida dele nesse 1 ano junto com uma viagem com toda a fam\u00edlia para celebrar o nosso milagre\u201d, completou ele.<\/p>\n<p>A festa de 1 ano de Ravi<\/p>\n<p>Viih Tube e Eliezer, o casal de influenciadores e ex-BBBs, realizaram uma festa memor\u00e1vel para celebrar o primeiro ano de vida do filho ca\u00e7ula, Ravi, em uma fazenda. O evento, que aconteceu no dia 11 de novembro, foi planejado para ser intimista, com cerca de 100 convidados, e teve um significado especial de f\u00e9 e supera\u00e7\u00e3o para a fam\u00edlia.<\/p>\n<p>Viih Tube revelou que o tema escolhido para a celebra\u00e7\u00e3o foi \u201cArca de No\u00e9\u201d, mas com uma pegada mais r\u00fastica e rural, em contraste com o luxo da festa de 1 ano da primog\u00eanita, Lua. A ideia era proporcionar uma experi\u00eancia de \u201cp\u00e9 na areia e grama\u201d para as crian\u00e7as.<\/p>\n<p><strong>Leia tamb\u00e9m:\u00a0<\/strong><a href=\"https:\/\/caras.com.br\/atualidades\/eliezer-diz-que-esta-sendo-odiado-por-viih-tube-que-responde-melhor-nem-falar.phtml\" rel=\"nofollow noopener\" target=\"_blank\">Eliezer diz que est\u00e1 sendo \u2018odiado\u2019 por Viih Tube, que responde: \u2018Melhor nem falar\u2019<\/a><\/p>\n<p>        <a href=\"https:\/\/caras.com.br\/autor\/giovanna-f-campos\" rel=\"nofollow noopener\" target=\"_blank\">&#13;<br \/>\n          <img loading=\"lazy\" decoding=\"async\" alt=\"Giovanna F Campos\" src=\"https:\/\/www.europesays.com\/pt\/wp-content\/uploads\/2025\/09\/525986578_1657136028311574_5510063872310493577_n-150x150.jpg\" class=\"avatar avatar-115 photo rounded-circle\" height=\"115\" width=\"115\"\/>        <\/a><\/p>\n<p>Giovanna F Campos \u00e9 estudante de jornalismo pela Faculdade C\u00e1sper L\u00edbero, apaixonada por entretenimento e literatura.<\/p>\n","protected":false},"excerpt":{"rendered":"Neste s\u00e1bado, 29, o influenciador Eliezer surpreendeu seus seguidores ao revelar que embarcou em uma viagem em fam\u00edlia,&hellip;\n","protected":false},"author":2,"featured_media":170236,"comment_status":"","ping_status":"","sticky":false,"template":"","format":"standard","meta":{"footnotes":""},"categories":[145],"tags":[211,210,5653,35753,114,115,981,32,33,814,12756],"class_list":{"0":"post-170235","1":"post","2":"type-post","3":"status-publish","4":"format-standard","5":"has-post-thumbnail","7":"category-celebridades","8":"tag-celebridades","9":"tag-celebrities","10":"tag-eliezer","11":"tag-eliezer-e-viih-tube","12":"tag-entertainment","13":"tag-entretenimento","14":"tag-familia","15":"tag-portugal","16":"tag-pt","17":"tag-viagem","18":"tag-viih-tube"},"share_on_mastodon":{"url":"https:\/\/pubeurope.com\/@pt\/115637071879946152","error":""},"_links":{"self":[{"href":"https:\/\/www.europesays.com\/pt\/wp-json\/wp\/v2\/posts\/170235","targetHints":{"allow":["GET"]}}],"collection":[{"href":"https:\/\/www.europesays.com\/pt\/wp-json\/wp\/v2\/posts"}],"about":[{"href":"https:\/\/www.europesays.com\/pt\/wp-json\/wp\/v2\/types\/post"}],"author":[{"embeddable":true,"href":"https:\/\/www.europesays.com\/pt\/wp-json\/wp\/v2\/users\/2"}],"replies":[{"embeddable":true,"href":"https:\/\/www.europesays.com\/pt\/wp-json\/wp\/v2\/comments?post=170235"}],"version-history":[{"count":0,"href":"https:\/\/www.europesays.com\/pt\/wp-json\/wp\/v2\/posts\/170235\/revisions"}],"wp:featuredmedia":[{"embeddable":true,"href":"https:\/\/www.europesays.com\/pt\/wp-json\/wp\/v2\/media\/170236"}],"wp:attachment":[{"href":"https:\/\/www.europesays.com\/pt\/wp-json\/wp\/v2\/media?parent=170235"}],"wp:term":[{"taxonomy":"category","embeddable":true,"href":"https:\/\/www.europesays.com\/pt\/wp-json\/wp\/v2\/categories?post=170235"},{"taxonomy":"post_tag","embeddable":true,"href":"https:\/\/www.europesays.com\/pt\/wp-json\/wp\/v2\/tags?post=170235"}],"curies":[{"name":"wp","href":"https:\/\/api.w.org\/{rel}","templated":true}]}}