{"id":170250,"date":"2025-11-30T06:35:29","date_gmt":"2025-11-30T06:35:29","guid":{"rendered":"https:\/\/www.europesays.com\/pt\/170250\/"},"modified":"2025-11-30T06:35:29","modified_gmt":"2025-11-30T06:35:29","slug":"cientistas-descobrem-que-jeito-de-falar-pode-ser-sinal-de-alzheimer","status":"publish","type":"post","link":"https:\/\/www.europesays.com\/pt\/170250\/","title":{"rendered":"Cientistas descobrem que jeito de falar pode ser sinal de Alzheimer"},"content":{"rendered":"<p>Mais que conte\u00fado: a fluidez da fala<\/p>\n<p>&#8220;\u00c9 claro que os adultos mais velhos s\u00e3o significativamente mais lentos do que os adultos mais jovens na conclus\u00e3o de v\u00e1rias tarefas cognitivas, incluindo tarefas de produ\u00e7\u00e3o de palavras, como nomear figuras&#8221;, explicou a equipe liderada pelo psic\u00f3logo Hsi T. Wei, da Universidade de Toronto. A lentid\u00e3o atinge v\u00e1rias \u00e1reas.<\/p>\n<p>Os pesquisadores notaram que, em conversas naturais, os adultos mais velhos tamb\u00e9m tendem a apresentar mais disflu\u00eancias,\u00a0pausas preenchidas ou n\u00e3o preenchidas, como &#8220;uh&#8221; e &#8220;hum&#8221;,\u00a0t\u00eam uma taxa de fala mais lenta. Em 2024, a pesquisadora de dem\u00eancia Claire Lancaster, em artigo, disse que o estudo &#8220;abriu portas empolgantes&#8221;.<\/p>\n<p>&#8220;Mostrando que n\u00e3o \u00e9 apenas o que dizemos, mas a rapidez com que o dizemos que pode revelar mudan\u00e7as cognitivas&#8221;, afirmou Lancaster, refor\u00e7ando o valor dessa nova perspectiva.<\/p>\n","protected":false},"excerpt":{"rendered":"Mais que conte\u00fado: a fluidez da fala &#8220;\u00c9 claro que os adultos mais velhos s\u00e3o significativamente mais lentos&hellip;\n","protected":false},"author":2,"featured_media":170251,"comment_status":"","ping_status":"","sticky":false,"template":"","format":"standard","meta":{"footnotes":""},"categories":[86],"tags":[1187,116,32,33,117,10426],"class_list":{"0":"post-170250","1":"post","2":"type-post","3":"status-publish","4":"format-standard","5":"has-post-thumbnail","7":"category-saude","8":"tag-fatos-curiosos","9":"tag-health","10":"tag-portugal","11":"tag-pt","12":"tag-saude","13":"tag-terceira-idade"},"share_on_mastodon":{"url":"https:\/\/pubeurope.com\/@pt\/115637264282465614","error":""},"_links":{"self":[{"href":"https:\/\/www.europesays.com\/pt\/wp-json\/wp\/v2\/posts\/170250","targetHints":{"allow":["GET"]}}],"collection":[{"href":"https:\/\/www.europesays.com\/pt\/wp-json\/wp\/v2\/posts"}],"about":[{"href":"https:\/\/www.europesays.com\/pt\/wp-json\/wp\/v2\/types\/post"}],"author":[{"embeddable":true,"href":"https:\/\/www.europesays.com\/pt\/wp-json\/wp\/v2\/users\/2"}],"replies":[{"embeddable":true,"href":"https:\/\/www.europesays.com\/pt\/wp-json\/wp\/v2\/comments?post=170250"}],"version-history":[{"count":0,"href":"https:\/\/www.europesays.com\/pt\/wp-json\/wp\/v2\/posts\/170250\/revisions"}],"wp:featuredmedia":[{"embeddable":true,"href":"https:\/\/www.europesays.com\/pt\/wp-json\/wp\/v2\/media\/170251"}],"wp:attachment":[{"href":"https:\/\/www.europesays.com\/pt\/wp-json\/wp\/v2\/media?parent=170250"}],"wp:term":[{"taxonomy":"category","embeddable":true,"href":"https:\/\/www.europesays.com\/pt\/wp-json\/wp\/v2\/categories?post=170250"},{"taxonomy":"post_tag","embeddable":true,"href":"https:\/\/www.europesays.com\/pt\/wp-json\/wp\/v2\/tags?post=170250"}],"curies":[{"name":"wp","href":"https:\/\/api.w.org\/{rel}","templated":true}]}}