{"id":170266,"date":"2025-11-30T07:22:08","date_gmt":"2025-11-30T07:22:08","guid":{"rendered":"https:\/\/www.europesays.com\/pt\/170266\/"},"modified":"2025-11-30T07:22:08","modified_gmt":"2025-11-30T07:22:08","slug":"dois-mortos-em-acidente-com-carro-que-caiu-na-praia-fluvial-de-pedrogao-grande","status":"publish","type":"post","link":"https:\/\/www.europesays.com\/pt\/170266\/","title":{"rendered":"Dois mortos em acidente com carro que caiu na praia fluvial de Pedr\u00f3g\u00e3o Grande"},"content":{"rendered":"<p data-remotead-prev-elm=\"true\" data-remotead-elm-id=\"inread\">De acordo com o Comando Sub-Regional de Emerg\u00eancia e Prote\u00e7\u00e3o Civil de Leiria, o alerta do acidente foi dado cerca das 21.30 horas de s\u00e1bado, com a indica\u00e7\u00e3o de que um ve\u00edculo tinha ca\u00eddo naquela praia fluvial junto \u00e0 barragem do Cabril.<\/p>\n<p>Com o aux\u00edlio de uma equipa de mergulhadores, os corpos de duas pessoas foram resgatados da viatura submersa e o \u00f3bito foi declarado \u00e0s 23.53 horas.<\/p>\n<p>No local estiveram 16 operacionais, dos bombeiros de Pedr\u00f3g\u00e3o Grande, GNR, INEM, Prote\u00e7\u00e3o Civil e dos mergulhadores de Sernache do Bonjardim (distrito de Castelo Branco).<\/p>\n<p>N\u00e3o foram adiantados mais detalhes sobre as v\u00edtimas mortais.<\/p>\n","protected":false},"excerpt":{"rendered":"De acordo com o Comando Sub-Regional de Emerg\u00eancia e Prote\u00e7\u00e3o Civil de Leiria, o alerta do acidente foi&hellip;\n","protected":false},"author":2,"featured_media":170267,"comment_status":"","ping_status":"","sticky":false,"template":"","format":"standard","meta":{"footnotes":""},"categories":[10],"tags":[59,27,28,35760,15,16,14,25,26,21,22,12,13,19,20,32,6825,23,24,33,17,18,29,30,31],"class_list":{"0":"post-170266","1":"post","2":"type-post","3":"status-publish","4":"format-standard","5":"has-post-thumbnail","7":"category-portugal","8":"tag-acidente","9":"tag-breaking-news","10":"tag-breakingnews","11":"tag-concelho-pedrogao-grande","12":"tag-featured-news","13":"tag-featurednews","14":"tag-headlines","15":"tag-latest-news","16":"tag-latestnews","17":"tag-main-news","18":"tag-mainnews","19":"tag-news","20":"tag-noticias","21":"tag-noticias-principais","22":"tag-noticiasprincipais","23":"tag-portugal","24":"tag-praia-fluvial","25":"tag-principais-noticias","26":"tag-principaisnoticias","27":"tag-pt","28":"tag-top-stories","29":"tag-topstories","30":"tag-ultimas","31":"tag-ultimas-noticias","32":"tag-ultimasnoticias"},"share_on_mastodon":{"url":"https:\/\/pubeurope.com\/@pt\/115637449061006666","error":""},"_links":{"self":[{"href":"https:\/\/www.europesays.com\/pt\/wp-json\/wp\/v2\/posts\/170266","targetHints":{"allow":["GET"]}}],"collection":[{"href":"https:\/\/www.europesays.com\/pt\/wp-json\/wp\/v2\/posts"}],"about":[{"href":"https:\/\/www.europesays.com\/pt\/wp-json\/wp\/v2\/types\/post"}],"author":[{"embeddable":true,"href":"https:\/\/www.europesays.com\/pt\/wp-json\/wp\/v2\/users\/2"}],"replies":[{"embeddable":true,"href":"https:\/\/www.europesays.com\/pt\/wp-json\/wp\/v2\/comments?post=170266"}],"version-history":[{"count":0,"href":"https:\/\/www.europesays.com\/pt\/wp-json\/wp\/v2\/posts\/170266\/revisions"}],"wp:featuredmedia":[{"embeddable":true,"href":"https:\/\/www.europesays.com\/pt\/wp-json\/wp\/v2\/media\/170267"}],"wp:attachment":[{"href":"https:\/\/www.europesays.com\/pt\/wp-json\/wp\/v2\/media?parent=170266"}],"wp:term":[{"taxonomy":"category","embeddable":true,"href":"https:\/\/www.europesays.com\/pt\/wp-json\/wp\/v2\/categories?post=170266"},{"taxonomy":"post_tag","embeddable":true,"href":"https:\/\/www.europesays.com\/pt\/wp-json\/wp\/v2\/tags?post=170266"}],"curies":[{"name":"wp","href":"https:\/\/api.w.org\/{rel}","templated":true}]}}