{"id":170278,"date":"2025-11-30T07:51:08","date_gmt":"2025-11-30T07:51:08","guid":{"rendered":"https:\/\/www.europesays.com\/pt\/170278\/"},"modified":"2025-11-30T07:51:08","modified_gmt":"2025-11-30T07:51:08","slug":"apos-o-acidente-de-baikonur-a-russia-perdeu-temporariamente-a-capacidade-de-enviar-pessoas-para-o-espaco","status":"publish","type":"post","link":"https:\/\/www.europesays.com\/pt\/170278\/","title":{"rendered":"Ap\u00f3s o acidente de Baikonur, a R\u00fassia perdeu temporariamente a capacidade de enviar pessoas para o espa\u00e7o"},"content":{"rendered":"<p>As estruturas t\u00e9cnicas desmoronaram-se no Cosm\u00f3dromo de Baikonur ap\u00f3s o lan\u00e7amento do Soyuz MS-28 em 27 de novembro. Um elemento importante \u2014 a cabina de manuten\u00e7\u00e3o, onde os t\u00e9cnicos preparam os foguet\u00f5es para o lan\u00e7amento \u2014 separou-se do complexo. A julgar pelas imagens de v\u00eddeo publicadas, voou cerca de 20 metros e despenhou-se.<\/p>\n<p>A Roscosmos confirmou os danos nos elementos da mesa de lan\u00e7amento e garantiu que h\u00e1 pe\u00e7as para substituir as destru\u00eddas e que os danos ser\u00e3o reparados em breve.<\/p>\n<p>&#8220;Foi feita uma inspe\u00e7\u00e3o ao local de lan\u00e7amento, como acontece sempre que o foguet\u00e3o \u00e9 lan\u00e7ado. Foram detetados danos num certo n\u00famero de elementos da mesa de lan\u00e7amento. Os danos podem surgir ap\u00f3s o lan\u00e7amento, raz\u00e3o pela qual esta inspe\u00e7\u00e3o \u00e9 obrigat\u00f3ria na pr\u00e1tica mundial. Estamos agora a avaliar o estado do complexo de lan\u00e7amento. Existem todos os elementos de reserva necess\u00e1rios para a repara\u00e7\u00e3o e, num futuro pr\u00f3ximo, os danos ser\u00e3o eliminados&#8221;, afirmou a empresa estatal numa <a href=\"https:\/\/t.me\/roscosmos%5Fgk\/18802\" target=\"_blank\" rel=\"noreferrer nofollow\">declara\u00e7\u00e3o <\/a>no Telegram.<\/p>\n<p>Alguns especialistas referem que as repara\u00e7\u00f5es podem demorar entre seis meses e dois anos e que, durante esse per\u00edodo, a R\u00fassia perde a oportunidade de lan\u00e7ar as naves espaciais tripuladas Soyuz e Progress para a ISS, uma vez que n\u00e3o existe agora qualquer alternativa aos voos a partir de Baikonur.<\/p>\n<p>Os voos foram interrompidos &#8220;pelo menos at\u00e9 ao ver\u00e3o de 2026&#8221;?<\/p>\n<p>Georgy Trishkin, analista de lan\u00e7amentos de foguet\u00f5es, <a href=\"https:\/\/x.com\/KYKYPY3A%5FB\/status\/1994082729068024143\" target=\"_blank\" rel=\"noreferrer nofollow\">considera<\/a> que o que aconteceu \u00e9 &#8220;o pior cen\u00e1rio poss\u00edvel&#8221; e escreve que os lan\u00e7amentos de naves espaciais para a ISS est\u00e3o &#8220;adiados indefinidamente&#8221;. A falta de locais alternativos, diz, &#8220;\u00e9 o resultado de uma s\u00e9rie de anos de decis\u00f5es m\u00edopes e de uma gest\u00e3o ineficaz dos recursos&#8221;.<\/p>\n<p>Existem locais de lan\u00e7amento adequados para foguet\u00f5es no cosm\u00f3dromo de Vostochny e em Plesetsk, mas nenhum deles foi utilizado para lan\u00e7amentos no \u00e2mbito do programa da ISS, informam os meios de comunica\u00e7\u00e3o russos.<\/p>\n<p>Em Vostochny, n\u00e3o h\u00e1 infraestrutura adequada para o transporte da nave espacial de carga Progress, e a pr\u00f3pria plataforma de lan\u00e7amento n\u00e3o est\u00e1 preparada para a Soyuz tripulada, enquanto, em Plesetsk, as condi\u00e7\u00f5es bal\u00edsticas n\u00e3o o permitem devido \u00e0 localiza\u00e7\u00e3o do cosm\u00f3dromo a norte.<\/p>\n<p>&#8220;Coloc\u00e1-la [a plataforma de lan\u00e7amento] fora de servi\u00e7o por um per\u00edodo indefinido afecta toda a rota\u00e7\u00e3o de lan\u00e7amentos para a ISS, tanto tripulados como de carga&#8221;, afirma Georgy Trishkin.<\/p>\n<p>Segundo Vitaly Egorov, um divulgador da cosmon\u00e1utica, &#8220;\u00e9 \u00f3bvio, pelos destro\u00e7os, que as repara\u00e7\u00f5es n\u00e3o duram uma semana, o que pode afetar seriamente o programa de abastecimento do segmento russo da ISS&#8221;.<\/p>\n<p>Egorov <a href=\"https:\/\/web.telegram.org\/a\/#-1001765414290\" target=\"_blank\" rel=\"noreferrer nofollow noopener\">observa<\/a> que a primeira plataforma de lan\u00e7amento de Gagarin poderia ter sido modernizada, mas foi recentemente desativada e entregue ao Cazaquist\u00e3o para a cria\u00e7\u00e3o de um museu.<\/p>\n<p>&#8220;A moderniza\u00e7\u00e3o da plataforma de lan\u00e7amento de Gagarin foi planeada em 2018, a expensas dos Emirados \u00c1rabes Unidos, mas algo aconteceu em fevereiro de 2022 e os \u00e1rabes recusaram-se a cooperar e a atribuir dinheiro&#8221;. A mesa de lan\u00e7amento do foguet\u00e3o Soyuz no Cosm\u00f3dromo de Vostochny n\u00e3o est\u00e1 adaptada para lan\u00e7amentos de naves espaciais e a sua moderniza\u00e7\u00e3o tamb\u00e9m s\u00f3 estava nos planos&#8221;, escreve Egorov.<\/p>\n<p>Alexander Khokhlov, membro da organiza\u00e7\u00e3o de S\u00e3o Petersburgo da Federa\u00e7\u00e3o Russa de Cosmon\u00e1utica, acredita que as repara\u00e7\u00f5es podem demorar at\u00e9 dois anos.<\/p>\n<p>Segundo ele, h\u00e1 dois cen\u00e1rios para a substitui\u00e7\u00e3o de pe\u00e7as.<\/p>\n<p>&#8220;Se forem feitas de raiz, de acordo com os desenhos, demorar\u00e1 muito tempo, porque antes todas estas plataformas e cabinas de servi\u00e7o eram montadas em Kramatorsk. Ou seja, esta produ\u00e7\u00e3o ter\u00e1 de ser reaprendida na R\u00fassia. Outra op\u00e7\u00e3o \u00e9 retirar uma cabina deste tipo do lan\u00e7amento Gagarin, que foi desativado e entregue ao Cazaquist\u00e3o como museu. Esta cabina encontra-se em condi\u00e7\u00f5es mais ou menos normais. Mas ainda assim, muito provavelmente, durar\u00e1 pelo menos at\u00e9 ao ver\u00e3o de 2026&#8221;, cita Khokhlov na edi\u00e7\u00e3o do &#8220;Kommersant&#8221;.<\/p>\n<p>Lan\u00e7ada a partir do Cosm\u00f3dromo de Baikonur, a nave espacial Soyuz MS-28, com uma tripula\u00e7\u00e3o russo-americana a bordo, acoplou com \u00eaxito \u00e0 ISS em 27 de novembro.<\/p>\n<p>O pr\u00f3ximo lan\u00e7amento da nave de carga Progress, previsto para 19 de dezembro, dever\u00e1 ser adiado.<\/p>\n","protected":false},"excerpt":{"rendered":"As estruturas t\u00e9cnicas desmoronaram-se no Cosm\u00f3dromo de Baikonur ap\u00f3s o lan\u00e7amento do Soyuz MS-28 em 27 de novembro.&hellip;\n","protected":false},"author":2,"featured_media":170279,"comment_status":"","ping_status":"","sticky":false,"template":"","format":"standard","meta":{"footnotes":""},"categories":[84],"tags":[35761,109,107,108,5398,8117,32,33,22009,839,105,103,104,106,110],"class_list":{"0":"post-170278","1":"post","2":"type-post","3":"status-publish","4":"format-standard","5":"has-post-thumbnail","7":"category-ciencia-e-tecnologia","8":"tag-baikonur","9":"tag-ciencia","10":"tag-ciencia-e-tecnologia","11":"tag-cienciaetecnologia","12":"tag-estacao-espacial-internacional","13":"tag-iss","14":"tag-portugal","15":"tag-pt","16":"tag-roscosmos","17":"tag-russia","18":"tag-science","19":"tag-science-and-technology","20":"tag-scienceandtechnology","21":"tag-technology","22":"tag-tecnologia"},"share_on_mastodon":{"url":"https:\/\/pubeurope.com\/@pt\/115637563098335223","error":""},"_links":{"self":[{"href":"https:\/\/www.europesays.com\/pt\/wp-json\/wp\/v2\/posts\/170278","targetHints":{"allow":["GET"]}}],"collection":[{"href":"https:\/\/www.europesays.com\/pt\/wp-json\/wp\/v2\/posts"}],"about":[{"href":"https:\/\/www.europesays.com\/pt\/wp-json\/wp\/v2\/types\/post"}],"author":[{"embeddable":true,"href":"https:\/\/www.europesays.com\/pt\/wp-json\/wp\/v2\/users\/2"}],"replies":[{"embeddable":true,"href":"https:\/\/www.europesays.com\/pt\/wp-json\/wp\/v2\/comments?post=170278"}],"version-history":[{"count":0,"href":"https:\/\/www.europesays.com\/pt\/wp-json\/wp\/v2\/posts\/170278\/revisions"}],"wp:featuredmedia":[{"embeddable":true,"href":"https:\/\/www.europesays.com\/pt\/wp-json\/wp\/v2\/media\/170279"}],"wp:attachment":[{"href":"https:\/\/www.europesays.com\/pt\/wp-json\/wp\/v2\/media?parent=170278"}],"wp:term":[{"taxonomy":"category","embeddable":true,"href":"https:\/\/www.europesays.com\/pt\/wp-json\/wp\/v2\/categories?post=170278"},{"taxonomy":"post_tag","embeddable":true,"href":"https:\/\/www.europesays.com\/pt\/wp-json\/wp\/v2\/tags?post=170278"}],"curies":[{"name":"wp","href":"https:\/\/api.w.org\/{rel}","templated":true}]}}