{"id":170294,"date":"2025-11-30T08:26:15","date_gmt":"2025-11-30T08:26:15","guid":{"rendered":"https:\/\/www.europesays.com\/pt\/170294\/"},"modified":"2025-11-30T08:26:15","modified_gmt":"2025-11-30T08:26:15","slug":"famosos-vao-ao-velorio-da-mae-da-atriz-mel-maia-no-rj","status":"publish","type":"post","link":"https:\/\/www.europesays.com\/pt\/170294\/","title":{"rendered":"Famosos v\u00e3o ao vel\u00f3rio da m\u00e3e da atriz Mel Maia no RJ"},"content":{"rendered":"<p>A atriz <a href=\"https:\/\/caras.com.br\/tags\/klara-castanho\" rel=\"nofollow noopener\" target=\"_blank\"><strong>Klara Castanho<\/strong><\/a> e os atores Ruan Aguiar e Vitor Figueiredo levaram o carinho e apoio para a atriz <a href=\"https:\/\/caras.com.br\/tags\/mel-maia\" rel=\"nofollow noopener\" target=\"_blank\"><strong>Mel Maia<\/strong><\/a> durante o vel\u00f3rio do corpo da m\u00e3e da amiga. Os famosos foram fotografados ao chegarem no cemit\u00e9rio para apoiar a amiga neste momento de dor e luto.<\/p>\n<p>Mel e Klara s\u00e3o amigas h\u00e1 muitos anos. Elas j\u00e1 fizeram trabalhos juntas no cinema e cresceram nos bastidores da TV, j\u00e1 que possuem quase a mesma idade e fazem sucesso desde a inf\u00e2ncia.<\/p>\n<p>Vale lembrar que o vel\u00f3rio come\u00e7ou no in\u00edcio da tarde deste s\u00e1bado, 29, no Rio de Janeiro. Mel chegou ao local acompanhada de amigos e familiares. Toda de preto, <a href=\"https:\/\/caras.com.br\/atualidades\/mel-maia-da-o-ultimo-adeus-para-a-mae-durante-velorio-no-rj.phtml\" rel=\"nofollow noopener\" target=\"_blank\">ela foi direto para dentro do local do vel\u00f3rio para dar o \u00faltimo adeus para a m\u00e3e<\/a>.<\/p>\n<p>A m\u00e3e da atriz, <strong>D\u00e9bora Maia<\/strong>, morreu na sexta-feira, 28, aos 53 anos de idade. Ela foi encontrada sem vida no banheiro do seu apartamento por uma empregada dom\u00e9stica, que chegava ao local para trabalhar.<\/p>\n<p>A morte foi confirmada \u00e0 imprensa pela assessoria de imprensa da atriz em um comunicado oficial. \u201c\u00c9 com imenso pesar que comunicamos o falecimento de D\u00e9bora Maia, m\u00e3e da atriz Melissa Maia. Neste momento de dor e luto, pedimos a todos os f\u00e3s, imprensa, amigos e parceiros que compreendam a necessidade de recolhimento e privacidade da fam\u00edlia. Agradecemos a todos pela compreens\u00e3o e respeito\u201d, informaram.<\/p>\n<p class=\"p1\">De acordo com a colunista F\u00e1bia Oliveira, do site Metr\u00f3poles, D\u00e9bora Maia foi encontrada morta em sua casa na manh\u00e3 desta sexta-feira. O corpo dela foi localizado por uma empregada que tinha acabado de chegar no local para iniciar o dia de trabalho.<\/p>\n<p>Segundo o colunista Leo Dias, ela foi encontrada no banheiro de casa. Ele ainda comentou que ela fazia uso de rem\u00e9dios controlados que n\u00e3o podiam ser misturados com bebida alc\u00f3olica.<\/p>\n<p> <img loading=\"lazy\" decoding=\"async\" class=\"wp-image-1037577 size-full img-fluid lazy\" alt=\"Klara Castanho - Foto: Rog\u00e9rio Fidalgo \/ AgNews\" width=\"1414\" height=\"2046\" src=\"https:\/\/www.europesays.com\/pt\/wp-content\/uploads\/2025\/11\/Klara-Castanho-M.jpg\"  \/>Klara Castanho \u2013 Foto: Rog\u00e9rio Fidalgo \/ AgNews <img loading=\"lazy\" decoding=\"async\" class=\"wp-image-1037579 size-full img-fluid lazy\" alt=\"Vitor Figueiredo - Foto: Rog\u00e9rio Fidalgo \/ AgNews\" width=\"1826\" height=\"2560\" src=\"https:\/\/www.europesays.com\/pt\/wp-content\/uploads\/2025\/11\/Lucas-figueireso--scaled.jpg\"  \/>Vitor Figueiredo \u2013 Foto: Rog\u00e9rio Fidalgo \/ AgNews <img loading=\"lazy\" decoding=\"async\" class=\"wp-image-1037580 size-full img-fluid lazy\" alt=\"Ruan Aguiar - Foto: Rog\u00e9rio Fidalgo \/ AgNews\" width=\"2560\" height=\"1707\" src=\"https:\/\/www.europesays.com\/pt\/wp-content\/uploads\/2025\/11\/Ruan-Aguiar-scaled.jpg\"  \/>Ruan Aguiar \u2013 Foto: Rog\u00e9rio Fidalgo \/ AgNews <\/p>\n<p><strong>Leia tamb\u00e9m:<\/strong>\u00a0<a href=\"https:\/\/caras.com.br\/atualidades\/yuri-maia-se-despede-da-mae-de-mel-maia-em-carta-emocionada-minha-melhor-amiga.phtml\" rel=\"nofollow noopener\" target=\"_blank\">Yuri Maia se despede da m\u00e3e de Mel Maia em carta emocionada: \u201cMinha melhor amiga\u201d<\/a><\/p>\n<p>        <a href=\"https:\/\/caras.com.br\/autor\/priscilla-comoti\" rel=\"nofollow noopener\" target=\"_blank\">&#13;<br \/>\n          <img alt=\"Priscilla Comoti\" src=\"https:\/\/www.europesays.com\/pt\/wp-content\/uploads\/2025\/11\/1764491175_379_e53883bdf02c542f6517b68879e8cb08b27a1d55c4dfd53577e47d3ab6331a06\"  class=\"avatar avatar-115 photo rounded-circle mr-3\" height=\"115\" width=\"115\" loading=\"lazy\" decoding=\"async\"\/>        <\/a><\/p>\n<p>Priscilla Comoti \u00e9 editora de conte\u00fado do site CARAS. Ela \u00e9 formada em jornalismo e em audiovisual, j\u00e1 passou pelos sites Contigo!, Minha Novela, TiTiTi, Mais Novela e Portal M\u00e1rcia Piovesan. Escreve sobre celebridades, not\u00edcias sobre a fam\u00edlia real brit\u00e2nica, TV, reality show e novelas.<\/p>\n<ul class=\"terms-list post_tag list-inline\">\n<li class=\"mae-de-mel-maia list-inline-item\">\n\t\t\t\t\t<a href=\"https:\/\/caras.com.br\/tags\/mae-de-mel-maia\" class=\"item-category\" rel=\"nofollow noopener\" target=\"_blank\">m\u00e3e de mel maia<\/a>\n\t\t\t\t<\/li>\n<li class=\"mel-maia list-inline-item\">\n\t\t\t\t\t<a href=\"https:\/\/caras.com.br\/tags\/mel-maia\" class=\"item-category\" rel=\"nofollow noopener\" target=\"_blank\">mel maia<\/a>\n\t\t\t\t<\/li>\n<\/ul>\n","protected":false},"excerpt":{"rendered":"A atriz Klara Castanho e os atores Ruan Aguiar e Vitor Figueiredo levaram o carinho e apoio para&hellip;\n","protected":false},"author":2,"featured_media":170295,"comment_status":"","ping_status":"","sticky":false,"template":"","format":"standard","meta":{"footnotes":""},"categories":[145],"tags":[211,210,114,115,35765,15987,32,33],"class_list":{"0":"post-170294","1":"post","2":"type-post","3":"status-publish","4":"format-standard","5":"has-post-thumbnail","7":"category-celebridades","8":"tag-celebridades","9":"tag-celebrities","10":"tag-entertainment","11":"tag-entretenimento","12":"tag-mae-de-mel-maia","13":"tag-mel-maia","14":"tag-portugal","15":"tag-pt"},"share_on_mastodon":{"url":"https:\/\/pubeurope.com\/@pt\/115637701206068195","error":""},"_links":{"self":[{"href":"https:\/\/www.europesays.com\/pt\/wp-json\/wp\/v2\/posts\/170294","targetHints":{"allow":["GET"]}}],"collection":[{"href":"https:\/\/www.europesays.com\/pt\/wp-json\/wp\/v2\/posts"}],"about":[{"href":"https:\/\/www.europesays.com\/pt\/wp-json\/wp\/v2\/types\/post"}],"author":[{"embeddable":true,"href":"https:\/\/www.europesays.com\/pt\/wp-json\/wp\/v2\/users\/2"}],"replies":[{"embeddable":true,"href":"https:\/\/www.europesays.com\/pt\/wp-json\/wp\/v2\/comments?post=170294"}],"version-history":[{"count":0,"href":"https:\/\/www.europesays.com\/pt\/wp-json\/wp\/v2\/posts\/170294\/revisions"}],"wp:featuredmedia":[{"embeddable":true,"href":"https:\/\/www.europesays.com\/pt\/wp-json\/wp\/v2\/media\/170295"}],"wp:attachment":[{"href":"https:\/\/www.europesays.com\/pt\/wp-json\/wp\/v2\/media?parent=170294"}],"wp:term":[{"taxonomy":"category","embeddable":true,"href":"https:\/\/www.europesays.com\/pt\/wp-json\/wp\/v2\/categories?post=170294"},{"taxonomy":"post_tag","embeddable":true,"href":"https:\/\/www.europesays.com\/pt\/wp-json\/wp\/v2\/tags?post=170294"}],"curies":[{"name":"wp","href":"https:\/\/api.w.org\/{rel}","templated":true}]}}