{"id":170310,"date":"2025-11-30T08:55:15","date_gmt":"2025-11-30T08:55:15","guid":{"rendered":"https:\/\/www.europesays.com\/pt\/170310\/"},"modified":"2025-11-30T08:55:15","modified_gmt":"2025-11-30T08:55:15","slug":"nicolas-prattes-homenageia-zoe-filha-de-sabrina-sato-pelo-aniversario-de-7-anos-celebridades","status":"publish","type":"post","link":"https:\/\/www.europesays.com\/pt\/170310\/","title":{"rendered":"Nicolas Prattes homenageia Zoe, filha de Sabrina Sato, pelo anivers\u00e1rio de 7 anos | Celebridades"},"content":{"rendered":"<p>                                        Zoe, Nicolas Prattes e Sabrina Sato &#8211; Reprodu\u00e7\u00e3o \/ Instagram<\/p>\n<p class=\"content-media__description\">Zoe, Nicolas Prattes e Sabrina SatoReprodu\u00e7\u00e3o \/ Instagram<\/p>\n<p>                            Publicado 29\/11\/2025 14:40\n                    <\/p>\n<p>Rio &#8211; O ator Nicolas Prattes, que \u00e9 casado com Sabrina Sato, fez uma homenagem para a filha da amada, Zoe, pelo seu anivers\u00e1rio de 7 anos, neste s\u00e1bado (29). A legenda emocionou seus seguidores.<\/p>\n<p>&#8220;Eu conheci o grande amor da minha vida e depois o grande amor da vida dela. E foi a\u00ed que come\u00e7ou a jornada mais importante e bonita da minha. A de mais um protetor para um cristal feito de amor&#8221;, iniciou a declara\u00e7\u00e3o.<\/p>\n<p>O ator lembrou, em seguida, quando conheceu seu padrasto. &#8220;Eu tinha exatamente a idade dela quando conheci meu segundo pai. E me senti o cara mais feliz do mundo, tenho duas figuras que, para mim, s\u00e3o her\u00f3is, isso fundamentalmente me moldou como ser humano e como homem&#8221;,\u00a0escreveu.<\/p>\n<p>&#8220;Quando eu conheci a Zoe, eu entendi mais da minha pr\u00f3pria hist\u00f3ria. E hoje, quando ela fecha seu primeiro set\u00eanio, entendo mais ainda. Nos primeiros 7 anos, vai se formando a no\u00e7\u00e3o de fam\u00edlia, de seguran\u00e7a emocional dentro de casa e bilh\u00f5es de sinapses neurais v\u00e3o se formando numa velocidade que n\u00e3o acontece mais depois de toda a vida. E ent\u00e3o eu entendo mais ainda n\u00e3o da minha vida, mas da vida toda. Quando se tem essa responsabilidade, voc\u00ea n\u00e3o \u00e9 mais s\u00f3 voc\u00ea. 1+1 n\u00e3o necessariamente s\u00e3o 2, voc\u00ea fica mais emp\u00e1tico. Mais humano, mais sens\u00edvel. Mais atento.&#8221;.\u00a0<\/p>\n<p>Ele disse, ainda, que &#8220;n\u00e3o sabe nada da vida&#8221; quando Zoe vem lhe fazer &#8220;certas&#8221; perguntas. &#8220;Quem cria uma crian\u00e7a sabe bem que existe aquele momento em que ela pode te fazer alguma pergunta e que, dependendo da sua resposta, principalmente se estiver desatento, pode moldar por completo a maneira com a qual ela enxerga a vida inteira, em 7 segundos de resposta. \u00c9 muita responsabilidade. N\u00e3o s\u00e3o raros os momentos em que nossas conversas me colocam num fluxo de reflex\u00e3o constante sobre a vida em alguns poucos segundos de conviv\u00eancia pela manh\u00e3, depois da escola, quando brincamos e antes de dormir. Fica mais ainda aparente e real a no\u00e7\u00e3o de que sabemos pouco sobre quase nada quando o assunto \u00e9 a vida. E que sim, vamos aprender juntos, todos os dias. Fica real a sensa\u00e7\u00e3o de se estar vivo. Se desativa o modo autom\u00e1tico, principalmente quando se entende que a vida passa r\u00e1pido e as fases de evolu\u00e7\u00e3o s\u00e3o constantes e n\u00e3o voltam&#8221;, refletiu.<\/p>\n<p>&#8220;A gente quer aproveitar tudo. O sarrafo fica mais alto quando se v\u00ea a m\u00e3e que a Zoe tem. Que chega 4 da manh\u00e3 do trabalho\u00a0 e n\u00e3o existe desculpa para n\u00e3o levar a Zoe no col\u00e9gio \u00e0s 6. Isso simplesmente n\u00e3o acontece. Ela sabe a import\u00e2ncia daquele caf\u00e9 da manh\u00e3, daquela conversa de casa at\u00e9 a escola, daquele pequeno gigante momento e ritual. Que a beleza da vida, t\u00e1 ali. Nossa zoe, Faz 7&#8221;, finalizou, exaltando Sabrina tamb\u00e9m.<\/p>\n<p>A m\u00e3e de Sabrina,\u00a0Kika Sato, fez um coment\u00e1rio em agradecimento. &#8220;Muito linda reflex\u00e3o! Te amo pelo amor as duas! Te admiro muito&#8221;, comentou a sogra.<\/p>\n<p><strong>Assista ao v\u00eddeo:<\/strong><\/p>\n","protected":false},"excerpt":{"rendered":"Zoe, Nicolas Prattes e Sabrina Sato &#8211; Reprodu\u00e7\u00e3o \/ Instagram Zoe, Nicolas Prattes e Sabrina SatoReprodu\u00e7\u00e3o \/ Instagram&hellip;\n","protected":false},"author":2,"featured_media":170311,"comment_status":"","ping_status":"","sticky":false,"template":"","format":"standard","meta":{"footnotes":""},"categories":[145],"tags":[211,210,114,115,15237,32,33,3792,12859],"class_list":{"0":"post-170310","1":"post","2":"type-post","3":"status-publish","4":"format-standard","5":"has-post-thumbnail","7":"category-celebridades","8":"tag-celebridades","9":"tag-celebrities","10":"tag-entertainment","11":"tag-entretenimento","12":"tag-nicolas-prattes","13":"tag-portugal","14":"tag-pt","15":"tag-sabrina-sato","16":"tag-zoe"},"share_on_mastodon":{"url":"https:\/\/pubeurope.com\/@pt\/115637814718261638","error":""},"_links":{"self":[{"href":"https:\/\/www.europesays.com\/pt\/wp-json\/wp\/v2\/posts\/170310","targetHints":{"allow":["GET"]}}],"collection":[{"href":"https:\/\/www.europesays.com\/pt\/wp-json\/wp\/v2\/posts"}],"about":[{"href":"https:\/\/www.europesays.com\/pt\/wp-json\/wp\/v2\/types\/post"}],"author":[{"embeddable":true,"href":"https:\/\/www.europesays.com\/pt\/wp-json\/wp\/v2\/users\/2"}],"replies":[{"embeddable":true,"href":"https:\/\/www.europesays.com\/pt\/wp-json\/wp\/v2\/comments?post=170310"}],"version-history":[{"count":0,"href":"https:\/\/www.europesays.com\/pt\/wp-json\/wp\/v2\/posts\/170310\/revisions"}],"wp:featuredmedia":[{"embeddable":true,"href":"https:\/\/www.europesays.com\/pt\/wp-json\/wp\/v2\/media\/170311"}],"wp:attachment":[{"href":"https:\/\/www.europesays.com\/pt\/wp-json\/wp\/v2\/media?parent=170310"}],"wp:term":[{"taxonomy":"category","embeddable":true,"href":"https:\/\/www.europesays.com\/pt\/wp-json\/wp\/v2\/categories?post=170310"},{"taxonomy":"post_tag","embeddable":true,"href":"https:\/\/www.europesays.com\/pt\/wp-json\/wp\/v2\/tags?post=170310"}],"curies":[{"name":"wp","href":"https:\/\/api.w.org\/{rel}","templated":true}]}}